{"id":133883,"date":"2026-06-01T08:04:53","date_gmt":"2026-06-01T11:04:53","guid":{"rendered":"https:\/\/noticiasbahia360.com.br\/?p=133883"},"modified":"2026-06-01T08:04:53","modified_gmt":"2026-06-01T11:04:53","slug":"motorista-de-caminhao-que-causou-acidente-com-16-mortes-na-br-116-e-preso-por-homicidio-doloso","status":"publish","type":"post","link":"https:\/\/noticiasbahia360.com.br\/?p=133883","title":{"rendered":"Motorista de caminh\u00e3o que causou acidente com 16 mortes na BR-116 \u00e9 preso por homic\u00eddio doloso"},"content":{"rendered":"<div>\n<div>\n<figure><img decoding=\"async\" src=\"http:\/\/noticiasbahia360.com.br\/wp-content\/uploads\/2026\/06\/Acidente-BR-116-deixa-16-mortos-Foto-Reproducao-.jpg\" alt=\"Acidente BR-116 deixa 16 mortos\"><figcaption>Foto: Reprodu\u00e7\u00e3o<\/figcaption><\/figure>\n<\/div>\n<p>A Delegacia Territorial de Santa Terezinha autuou em flagrante, no domingo (31), o motorista de um caminh\u00e3o que causou um <a href=\"https:\/\/www.acordacidade.com.br\/bahia\/acidente-entre-van-e-caminhao-deixa-15-mortos-na-br-116\/\">grave acidente na BR-116<\/a>, no trecho que passa pelo munic\u00edpio. A colis\u00e3o frontal com uma van resultou na morte de 16 pessoas.<\/p>\n<p>Segundo as primeiras informa\u00e7\u00f5es, o caminh\u00e3o invadiu a contram\u00e3o e atingiu o ve\u00edculo de passageiros. O condutor, que tamb\u00e9m ficou ferido, foi socorrido e encaminhado a uma unidade m\u00e9dica. Ele responder\u00e1 por homic\u00eddio doloso na dire\u00e7\u00e3o de ve\u00edculo.<\/p>\n<p>As v\u00edtimas foram levadas para os Institutos M\u00e9dico-Legais de Santo Ant\u00f4nio de Jesus e Feira de Santana onde passam por identifica\u00e7\u00e3o e necropsia. Guias para per\u00edcia e remo\u00e7\u00e3o dos ve\u00edculos j\u00e1 foram expedidas.<\/p>\n<p>A 4\u00aa Coordenadoria Regional de Pol\u00edcia do Interior (Coorpin\/Santo Ant\u00f4nio) instaurou inqu\u00e9rito para apurar as circunst\u00e2ncias da trag\u00e9dia.<\/p>\n<p>A Pol\u00edcia T\u00e9cnica informa que foram removidas 16 v\u00edtimas fatais do local de acidente na BR-116, pr\u00f3ximo ao munic\u00edpio de Santa Terezinha.<\/p>\n<figure class=\"wp-block-image size-full\"><img fetchpriority=\"high\" decoding=\"async\" width=\"1200\" height=\"790\" src=\"http:\/\/noticiasbahia360.com.br\/wp-content\/uploads\/2026\/06\/Acidente-BR-116-deixa-16-mortos-Foto-Reproducao-Blog-do-Valente.jpg\" alt=\"Acidente BR-116 deixa 16 mortos\" class=\"wp-image-659444\" srcset=\"http:\/\/noticiasbahia360.com.br\/wp-content\/uploads\/2026\/06\/Acidente-BR-116-deixa-16-mortos-Foto-Reproducao-Blog-do-Valente.jpg 1200w, https:\/\/uploads.acordacidade.com.br\/2026\/06\/Acidente-BR-116-deixa-16-mortos-Foto-Reproducao-Blog-do-Valente-750x494.jpg 750w, https:\/\/uploads.acordacidade.com.br\/2026\/06\/Acidente-BR-116-deixa-16-mortos-Foto-Reproducao-Blog-do-Valente-1000x658.jpg 1000w, https:\/\/uploads.acordacidade.com.br\/2026\/06\/Acidente-BR-116-deixa-16-mortos-Foto-Reproducao-Blog-do-Valente-450x296.jpg 450w, https:\/\/uploads.acordacidade.com.br\/2026\/06\/Acidente-BR-116-deixa-16-mortos-Foto-Reproducao-Blog-do-Valente-150x99.jpg 150w\" sizes=\"(max-width: 1200px) 100vw, 1200px\"><figcaption class=\"wp-element-caption\">Foto: Reprodu\u00e7\u00e3o\/ Blog do Valente<\/figcaption><\/figure>\n<p>A per\u00edcia de local de acidente foi realizada pela Coordenadoria Regional de Pol\u00edcia T\u00e9cnica de Santo Ant\u00f4nio de Jesus.<\/p>\n<p>Visando garantir um atendimento eficiente, 9 corpos est\u00e3o sendo periciados pelo DPT em Santo Ant\u00f4nio e os outros 7 foram encaminhados para a unidade de Feira de Santana.<\/p>\n<p>Assim que conclu\u00eddos os exames periciais e estabelecidas as identifica\u00e7\u00f5es, todas as libera\u00e7\u00f5es acontecer\u00e3o pelo IML em Salvador, para facilitar o acesso das fam\u00edlias.<\/p>\n<p>O DPT e a Pol\u00edcia Civil se solidarizam com todas as fam\u00edlias e amigos das v\u00edtimas.<\/p>\n<p><strong>Leia tamb\u00e9m:<\/strong><\/p>\n<p><a href=\"https:\/\/www.acordacidade.com.br\/bahia\/acidente-entre-van-e-caminhao-deixa-15-mortos-na-br-116\/\">Acidente entre van e caminh\u00e3o deixa 16 mortos na BR-116<\/a><\/p>\n<p><a href=\"https:\/\/www.acordacidade.com.br\/bahia\/sobe-para-16-numero-de-mortos-em-acidente-na-br-116-todos-eram-da-mesma-familia\/\">Sobe para 16 n\u00famero de mortos em acidente na BR-116; todos eram da mesma fam\u00edlia<\/a><\/p>\n<p><a href=\"https:\/\/www.acordacidade.com.br\/bahia\/governador-decreta-luto-oficial-de-tres-dias-por-tragedia-na-br-116-em-santa-terezinha\/\">Governador decreta luto oficial de tr\u00eas dias por trag\u00e9dia na BR-116, em Santa Terezinha<\/a><\/p>\n<p><em>Siga o Acorda Cidade no <\/em><a href=\"https:\/\/news.google.com\/search?q=acorda%20cidade&amp;hl=pt-BR&amp;gl=BR&amp;ceid=BR%3Apt-419\"><strong><em>Google Not\u00edcias<\/em><\/strong><\/a><em>\u00a0e receba os principais destaques do dia. Participe tamb\u00e9m dos nossos canais no\u00a0<\/em><a href=\"https:\/\/www.whatsapp.com\/channel\/0029Va6Rb4v3WHTNnsh8WI3N\"><strong><em>WhatsApp<\/em><\/strong><\/a><em>\u00a0e\u00a0<\/em><a href=\"https:\/\/www.youtube.com\/@acordacidadenoticias\/videos\"><strong>YouTube<\/strong><\/a><em>\u00a0e grupo de\u00a0<\/em><a href=\"https:\/\/t.me\/+sSz0khrgARA0ZmRh\"><strong><em>Telegram<\/em><\/strong><\/a><em>.<\/em><\/p>\n<\/div>\n","protected":false},"excerpt":{"rendered":"<p>Foto: Reprodu\u00e7\u00e3o A Delegacia Territorial de Santa Terezinha autuou em flagrante, no domingo (31), o<\/p>\n","protected":false},"author":1,"featured_media":133884,"comment_status":"closed","ping_status":"closed","sticky":false,"template":"","format":"gallery","meta":{"footnotes":""},"categories":[8,9,6,57,56,10],"tags":[],"class_list":["post-133883","post","type-post","status-publish","format-gallery","has-post-thumbnail","hentry","category-bahia","category-brasil","category-feira-de-santana","category-mundo","category-policia","category-politica","post_format-post-format-gallery"],"featured_image_urls":{"full":["https:\/\/noticiasbahia360.com.br\/wp-content\/uploads\/2026\/06\/Acidente-BR-116-deixa-16-mortos-Foto-Reproducao-.jpg",1200,970,false],"thumbnail":["https:\/\/noticiasbahia360.com.br\/wp-content\/uploads\/2026\/06\/Acidente-BR-116-deixa-16-mortos-Foto-Reproducao--150x150.jpg",150,150,true],"medium":["https:\/\/noticiasbahia360.com.br\/wp-content\/uploads\/2026\/06\/Acidente-BR-116-deixa-16-mortos-Foto-Reproducao--300x243.jpg",300,243,true],"medium_large":["https:\/\/noticiasbahia360.com.br\/wp-content\/uploads\/2026\/06\/Acidente-BR-116-deixa-16-mortos-Foto-Reproducao--768x621.jpg",640,518,true],"large":["https:\/\/noticiasbahia360.com.br\/wp-content\/uploads\/2026\/06\/Acidente-BR-116-deixa-16-mortos-Foto-Reproducao--1024x828.jpg",640,518,true],"1536x1536":["https:\/\/noticiasbahia360.com.br\/wp-content\/uploads\/2026\/06\/Acidente-BR-116-deixa-16-mortos-Foto-Reproducao-.jpg",1200,970,false],"2048x2048":["https:\/\/noticiasbahia360.com.br\/wp-content\/uploads\/2026\/06\/Acidente-BR-116-deixa-16-mortos-Foto-Reproducao-.jpg",1200,970,false],"chromenews-featured":["https:\/\/noticiasbahia360.com.br\/wp-content\/uploads\/2026\/06\/Acidente-BR-116-deixa-16-mortos-Foto-Reproducao--1024x828.jpg",1024,828,true],"chromenews-large":["https:\/\/noticiasbahia360.com.br\/wp-content\/uploads\/2026\/06\/Acidente-BR-116-deixa-16-mortos-Foto-Reproducao--825x575.jpg",825,575,true],"chromenews-medium":["https:\/\/noticiasbahia360.com.br\/wp-content\/uploads\/2026\/06\/Acidente-BR-116-deixa-16-mortos-Foto-Reproducao--590x410.jpg",590,410,true]},"author_info":{"display_name":"noticiasbahia360.com.br","author_link":"https:\/\/noticiasbahia360.com.br\/?author=1"},"category_info":"<a href=\"https:\/\/noticiasbahia360.com.br\/?cat=8\" rel=\"category\">Bahia<\/a> <a href=\"https:\/\/noticiasbahia360.com.br\/?cat=9\" rel=\"category\">Brasil<\/a> <a href=\"https:\/\/noticiasbahia360.com.br\/?cat=6\" rel=\"category\">Feira de Santana<\/a> <a href=\"https:\/\/noticiasbahia360.com.br\/?cat=57\" rel=\"category\">Mundo<\/a> <a href=\"https:\/\/noticiasbahia360.com.br\/?cat=56\" rel=\"category\">Pol\u00edcia<\/a> <a href=\"https:\/\/noticiasbahia360.com.br\/?cat=10\" rel=\"category\">Pol\u00edtica<\/a>","tag_info":"Pol\u00edtica","comment_count":"0","_links":{"self":[{"href":"https:\/\/noticiasbahia360.com.br\/index.php?rest_route=\/wp\/v2\/posts\/133883","targetHints":{"allow":["GET"]}}],"collection":[{"href":"https:\/\/noticiasbahia360.com.br\/index.php?rest_route=\/wp\/v2\/posts"}],"about":[{"href":"https:\/\/noticiasbahia360.com.br\/index.php?rest_route=\/wp\/v2\/types\/post"}],"author":[{"embeddable":true,"href":"https:\/\/noticiasbahia360.com.br\/index.php?rest_route=\/wp\/v2\/users\/1"}],"replies":[{"embeddable":true,"href":"https:\/\/noticiasbahia360.com.br\/index.php?rest_route=%2Fwp%2Fv2%2Fcomments&post=133883"}],"version-history":[{"count":0,"href":"https:\/\/noticiasbahia360.com.br\/index.php?rest_route=\/wp\/v2\/posts\/133883\/revisions"}],"wp:featuredmedia":[{"embeddable":true,"href":"https:\/\/noticiasbahia360.com.br\/index.php?rest_route=\/wp\/v2\/media\/133884"}],"wp:attachment":[{"href":"https:\/\/noticiasbahia360.com.br\/index.php?rest_route=%2Fwp%2Fv2%2Fmedia&parent=133883"}],"wp:term":[{"taxonomy":"category","embeddable":true,"href":"https:\/\/noticiasbahia360.com.br\/index.php?rest_route=%2Fwp%2Fv2%2Fcategories&post=133883"},{"taxonomy":"post_tag","embeddable":true,"href":"https:\/\/noticiasbahia360.com.br\/index.php?rest_route=%2Fwp%2Fv2%2Ftags&post=133883"}],"curies":[{"name":"wp","href":"https:\/\/api.w.org\/{rel}","templated":true}]}}