{"id":141326,"date":"2026-07-16T11:00:58","date_gmt":"2026-07-16T14:00:58","guid":{"rendered":"https:\/\/noticiasbahia360.com.br\/?p=141326"},"modified":"2026-07-16T11:00:58","modified_gmt":"2026-07-16T14:00:58","slug":"reu-e-condenado-a-24-anos-de-prisao-pela-morte-de-bebe-em-ataque-a-faccao-em-feira-de-santana","status":"publish","type":"post","link":"https:\/\/noticiasbahia360.com.br\/?p=141326","title":{"rendered":"R\u00e9u \u00e9 condenado a 24 anos de pris\u00e3o pela morte de beb\u00ea em ataque a fac\u00e7\u00e3o em Feira de Santana"},"content":{"rendered":"<div>\n<div>\n<figure><img decoding=\"async\" src=\"http:\/\/noticiasbahia360.com.br\/wp-content\/uploads\/2026\/07\/Forum-Felinto-Bastos-ft-ney-silva-acorda-cidade-1.webp\" alt=\"Advogados negam irregularidades em venda de terreno ap\u00f3s audi\u00eancia do caso Binho Galinha\"><figcaption>Foto: Ney Silva\/Acorda Cidade<\/figcaption><\/figure>\n<\/div>\n<p>O Tribunal do J\u00fari da Comarca de Feira de Santana condenou <strong>Antonio Lucas Concei\u00e7\u00e3o da Silva<\/strong> pela morte de uma crian\u00e7a de <strong>1 ano e 3 meses de idade<\/strong>, em 2016, durante um ataque que visava executar um desafeto de uma fac\u00e7\u00e3o criminosa rival. Ele cumprir\u00e1 pena de 24 anos de reclus\u00e3o, em regime inicial fechado. A sess\u00e3o de <a href=\"https:\/\/www.acordacidade.com.br\/tag\/julgamento\/\" data-type=\"post_tag\" data-id=\"34284\">julgamento<\/a> foi realizada na \u00faltima segunda-feira (13).\u00a0<\/p>\n<p>O crime foi qualificado por motivo torpe \u2013 cometido em raz\u00e3o de rixas travadas por grupos criminosos \u2013 e por perigo comum, pelo fato de os disparos terem sido efetuados em um bairro residencial, onde havia grande circula\u00e7\u00e3o de pessoas.\u00a0<\/p>\n<p>O Conselho de Senten\u00e7a, formado por sete jurados entre pessoas do povo, tamb\u00e9m reconheceu a autoria dos crimes de recepta\u00e7\u00e3o, j\u00e1 que o r\u00e9u conduzia um ve\u00edculo produto de roubo para cometer o crime, e de porte ilegal de muni\u00e7\u00e3o de uso restrito, apreendida em seu poder.\u00a0<\/p>\n<p>A realiza\u00e7\u00e3o do j\u00fari popular integra a 3\u00aa edi\u00e7\u00e3o do Projeto TJBA Mais J\u00fari. Institu\u00edda pelo\u00a0<a href=\"https:\/\/www7.tjba.jus.br\/secao\/lerPublicacao.wsp?tmp.mostrarDiv=sim&amp;tmp.id=42043&amp;tmp.secao=9\" target=\"_blank\" rel=\"noreferrer noopener\">Decreto Judici\u00e1rio n\u00ba 353\/2026<\/a>, a iniciativa tem o objetivo de ampliar as sess\u00f5es de j\u00fari no estado e garantir celeridade na tramita\u00e7\u00e3o dos processos, sobretudo nos que envolvem crimes intencionais (dolosos) contra a vida.\u00a0<\/p>\n<h4 class=\"wp-block-heading\" id=\"h-relembre-o-caso\">Relembre o caso <\/h4>\n<p>De acordo com a den\u00fancia oferecida pelo Minist\u00e9rio P\u00fablico, o r\u00e9u, em comunh\u00e3o com terceiros, foi at\u00e9 as imedia\u00e7\u00f5es de um estabelecimento comercial no bairro Pedra do Descanso, em Feira de Santana, para executar um desafeto de uma fac\u00e7\u00e3o criminosa rival, no dia 15 de novembro de 2016.\u00a0<\/p>\n<p>No atentado, um dos disparos de arma de fogo atingiu a crian\u00e7a de 1 ano e 3 meses, que n\u00e3o resistiu aos ferimentos e morreu. <\/p>\n<p><em>Siga o Acorda Cidade no\u00a0<\/em><a href=\"https:\/\/news.google.com\/search?q=acorda%20cidade&amp;hl=pt-BR&amp;gl=BR&amp;ceid=BR%3Apt-419\"><strong><em>Google Not\u00edcias<\/em><\/strong><\/a><em>\u00a0e receba os principais destaques do dia. Participe tamb\u00e9m dos nossos canais no\u00a0<\/em><a href=\"https:\/\/www.whatsapp.com\/channel\/0029Va6Rb4v3WHTNnsh8WI3N\"><strong><em>WhatsApp<\/em><\/strong><\/a><em>\u00a0e\u00a0<\/em><a href=\"https:\/\/www.youtube.com\/@acordacidadenoticias\/videos\"><strong>YouTube<\/strong><\/a><em>\u00a0e do grupo no\u00a0<\/em><a href=\"https:\/\/t.me\/+sSz0khrgARA0ZmRh\"><strong><em>Telegram<\/em><\/strong><\/a><em>.<\/em><\/p>\n<\/div>\n","protected":false},"excerpt":{"rendered":"<p>Foto: Ney Silva\/Acorda Cidade O Tribunal do J\u00fari da Comarca de Feira de Santana condenou<\/p>\n","protected":false},"author":1,"featured_media":141327,"comment_status":"closed","ping_status":"closed","sticky":false,"template":"","format":"gallery","meta":{"footnotes":""},"categories":[8,9,6,57,56,10],"tags":[],"class_list":["post-141326","post","type-post","status-publish","format-gallery","has-post-thumbnail","hentry","category-bahia","category-brasil","category-feira-de-santana","category-mundo","category-policia","category-politica","post_format-post-format-gallery"],"featured_image_urls":{"full":["https:\/\/noticiasbahia360.com.br\/wp-content\/uploads\/2026\/07\/Forum-Felinto-Bastos-ft-ney-silva-acorda-cidade-1.webp",1200,821,false],"thumbnail":["https:\/\/noticiasbahia360.com.br\/wp-content\/uploads\/2026\/07\/Forum-Felinto-Bastos-ft-ney-silva-acorda-cidade-1-150x150.webp",150,150,true],"medium":["https:\/\/noticiasbahia360.com.br\/wp-content\/uploads\/2026\/07\/Forum-Felinto-Bastos-ft-ney-silva-acorda-cidade-1-300x205.webp",300,205,true],"medium_large":["https:\/\/noticiasbahia360.com.br\/wp-content\/uploads\/2026\/07\/Forum-Felinto-Bastos-ft-ney-silva-acorda-cidade-1-768x525.webp",640,438,true],"large":["https:\/\/noticiasbahia360.com.br\/wp-content\/uploads\/2026\/07\/Forum-Felinto-Bastos-ft-ney-silva-acorda-cidade-1-1024x701.webp",640,438,true],"1536x1536":["https:\/\/noticiasbahia360.com.br\/wp-content\/uploads\/2026\/07\/Forum-Felinto-Bastos-ft-ney-silva-acorda-cidade-1.webp",1200,821,false],"2048x2048":["https:\/\/noticiasbahia360.com.br\/wp-content\/uploads\/2026\/07\/Forum-Felinto-Bastos-ft-ney-silva-acorda-cidade-1.webp",1200,821,false],"chromenews-featured":["https:\/\/noticiasbahia360.com.br\/wp-content\/uploads\/2026\/07\/Forum-Felinto-Bastos-ft-ney-silva-acorda-cidade-1-1024x701.webp",1024,701,true],"chromenews-large":["https:\/\/noticiasbahia360.com.br\/wp-content\/uploads\/2026\/07\/Forum-Felinto-Bastos-ft-ney-silva-acorda-cidade-1-825x575.webp",825,575,true],"chromenews-medium":["https:\/\/noticiasbahia360.com.br\/wp-content\/uploads\/2026\/07\/Forum-Felinto-Bastos-ft-ney-silva-acorda-cidade-1-590x410.webp",590,410,true]},"author_info":{"display_name":"noticiasbahia360.com.br","author_link":"https:\/\/noticiasbahia360.com.br\/?author=1"},"category_info":"<a href=\"https:\/\/noticiasbahia360.com.br\/?cat=8\" rel=\"category\">Bahia<\/a> <a href=\"https:\/\/noticiasbahia360.com.br\/?cat=9\" rel=\"category\">Brasil<\/a> <a href=\"https:\/\/noticiasbahia360.com.br\/?cat=6\" rel=\"category\">Feira de Santana<\/a> <a href=\"https:\/\/noticiasbahia360.com.br\/?cat=57\" rel=\"category\">Mundo<\/a> <a href=\"https:\/\/noticiasbahia360.com.br\/?cat=56\" rel=\"category\">Pol\u00edcia<\/a> <a href=\"https:\/\/noticiasbahia360.com.br\/?cat=10\" rel=\"category\">Pol\u00edtica<\/a>","tag_info":"Pol\u00edtica","comment_count":"0","_links":{"self":[{"href":"https:\/\/noticiasbahia360.com.br\/index.php?rest_route=\/wp\/v2\/posts\/141326","targetHints":{"allow":["GET"]}}],"collection":[{"href":"https:\/\/noticiasbahia360.com.br\/index.php?rest_route=\/wp\/v2\/posts"}],"about":[{"href":"https:\/\/noticiasbahia360.com.br\/index.php?rest_route=\/wp\/v2\/types\/post"}],"author":[{"embeddable":true,"href":"https:\/\/noticiasbahia360.com.br\/index.php?rest_route=\/wp\/v2\/users\/1"}],"replies":[{"embeddable":true,"href":"https:\/\/noticiasbahia360.com.br\/index.php?rest_route=%2Fwp%2Fv2%2Fcomments&post=141326"}],"version-history":[{"count":0,"href":"https:\/\/noticiasbahia360.com.br\/index.php?rest_route=\/wp\/v2\/posts\/141326\/revisions"}],"wp:featuredmedia":[{"embeddable":true,"href":"https:\/\/noticiasbahia360.com.br\/index.php?rest_route=\/wp\/v2\/media\/141327"}],"wp:attachment":[{"href":"https:\/\/noticiasbahia360.com.br\/index.php?rest_route=%2Fwp%2Fv2%2Fmedia&parent=141326"}],"wp:term":[{"taxonomy":"category","embeddable":true,"href":"https:\/\/noticiasbahia360.com.br\/index.php?rest_route=%2Fwp%2Fv2%2Fcategories&post=141326"},{"taxonomy":"post_tag","embeddable":true,"href":"https:\/\/noticiasbahia360.com.br\/index.php?rest_route=%2Fwp%2Fv2%2Ftags&post=141326"}],"curies":[{"name":"wp","href":"https:\/\/api.w.org\/{rel}","templated":true}]}}