{"id":141330,"date":"2026-07-16T12:03:42","date_gmt":"2026-07-16T15:03:42","guid":{"rendered":"https:\/\/noticiasbahia360.com.br\/?p=141330"},"modified":"2026-07-16T12:03:42","modified_gmt":"2026-07-16T15:03:42","slug":"habilidades-comportamentais-lideram-exigencias-em-contratacoes-diz-pesquisa","status":"publish","type":"post","link":"https:\/\/noticiasbahia360.com.br\/?p=141330","title":{"rendered":"Habilidades comportamentais lideram exig\u00eancias em contrata\u00e7\u00f5es, diz pesquisa"},"content":{"rendered":"<div>\n<div>\n<figure><img decoding=\"async\" src=\"http:\/\/noticiasbahia360.com.br\/wp-content\/uploads\/2026\/07\/Pontificia-Universidade-Catolica-do-Parana-PUCPR-Foto-Divulgacao-PUCPR.jpg\" alt=\"Pontif\u00edcia Universidade Cat\u00f3lica do Paran\u00e1 - PUCPR\"><figcaption>Foto: Divulga\u00e7\u00e3o\/ PUCPR<\/figcaption><\/figure>\n<\/div>\n<p>As compet\u00eancias comportamentais passaram a liderar as exig\u00eancias das empresas nos processos de contrata\u00e7\u00e3o, \u00e9 o que aponta a 7\u00aa edi\u00e7\u00e3o do Observat\u00f3rio de Carreiras e Mercado de Trabalho, da Pontif\u00edcia Universidade Cat\u00f3lica do Paran\u00e1 (PUCPR). Conduzida pelo PUCPR Carreiras, a pesquisa contou com mais de 7 mil respondentes, incluindo estudantes, alumni (egressos) e empresas parceiras, o estudo revelou que 60% dos atributos mais valorizados pelas organiza\u00e7\u00f5es est\u00e3o relacionados ao comportamental. \u00a0<\/p>\n<p>O cen\u00e1rio compara com os dados levantados em 2021 e 2022, durante o per\u00edodo pand\u00eamico. Na \u00e9poca, as compet\u00eancias t\u00e9cnicas predominavam entre as exig\u00eancias do mercado, representando 56% e 68% das demandas das empresas, respectivamente. J\u00e1 as compet\u00eancias comportamentais correspondiam a percentuais entre 31% e 44%.\u00a0<\/p>\n<p>De acordo com a coordenadora do PUCPR Carreiras, Luciana Mariano, os resultados refletem uma transforma\u00e7\u00e3o nas expectativas do mercado de trabalho. \u201cHoje, as empresas buscam profissionais capazes de aprender continuamente e atuar de forma colaborativa em contextos cada vez mais din\u00e2micos. Nesse cen\u00e1rio, o desenvolvimento profissional exige atualiza\u00e7\u00e3o constante, seja por meio de cursos, especializa\u00e7\u00f5es, experi\u00eancias pr\u00e1ticas ou novas formas de aprendizagem ao longo da carreira\u201d, afirma.\u00a0<\/p>\n<h2 class=\"wp-block-heading\" id=\"h-aprendizado-continuo-como-diferencial\">Aprendizado cont\u00ednuo como diferencial\u00a0<\/h2>\n<p>Os dados do Observat\u00f3rio mostram que o desenvolvimento cont\u00ednuo e o potencial de evolu\u00e7\u00e3o profissional est\u00e3o entre os atributos mais valorizados pelas organiza\u00e7\u00f5es. Os resultados indicam que o mercado busca profissionais capazes de se adaptar a novos contextos, acompanhar as transforma\u00e7\u00f5es do mundo do trabalho e ampliar continuamente suas compet\u00eancias ao longo da carreira.\u00a0<\/p>\n<p>Nesse cen\u00e1rio, o aprendizado cont\u00ednuo fortalece tanto as compet\u00eancias t\u00e9cnicas quanto as comportamentais, favorecendo a atualiza\u00e7\u00e3o constante, a capacidade de responder \u00e0s demandas do mercado e o desenvolvimento profissional ao longo da trajet\u00f3ria de carreira.\u00a0<\/p>\n<h2 class=\"wp-block-heading\" id=\"h-estagiabilidade-e-desenvolvimento-de-competencias\">Estagiabilidade e desenvolvimento de compet\u00eancias\u00a0<\/h2>\n<p>A crescente valoriza\u00e7\u00e3o das compet\u00eancias comportamentais refor\u00e7a a import\u00e2ncia das experi\u00eancias pr\u00e1ticas durante a forma\u00e7\u00e3o acad\u00eamica. Nesse contexto, ganha relev\u00e2ncia o conceito de estagiabilidade, desenvolvido por pesquisadores da PUCPR, que compreende a capacidade de vivenciar experi\u00eancias pr\u00e1ticas capazes de promover o desenvolvimento de compet\u00eancias t\u00e9cnicas e comportamentais, ampliando a prepara\u00e7\u00e3o para a inser\u00e7\u00e3o e o desenvolvimento no mundo do trabalho.\u00a0<\/p>\n<p>Os dados do Observat\u00f3rio evidenciam essa rela\u00e7\u00e3o ao indicar que as viv\u00eancias pr\u00e1ticas contribuem para o desenvolvimento de habilidades interpessoais, capacidade de adapta\u00e7\u00e3o, autonomia e vis\u00e3o profissional, al\u00e9m de possibilitarem a aplica\u00e7\u00e3o dos conhecimentos t\u00e9cnicos em contextos reais de trabalho.\u00a0<\/p>\n<p>Atualmente, mais de 70% dos estudantes da PUCPR j\u00e1 est\u00e3o inseridos no mercado de trabalho. Entre os alunos dos per\u00edodos finais da gradua\u00e7\u00e3o, aproximadamente 90% exercem atividades alinhadas \u00e0 \u00e1rea de forma\u00e7\u00e3o, demonstrando que a aproxima\u00e7\u00e3o com o mercado se fortalece ao longo da trajet\u00f3ria universit\u00e1ria e favorece a constru\u00e7\u00e3o de compet\u00eancias essenciais para o desenvolvimento da carreira.\u00a0<\/p>\n<p>O estudo completo da 7\u00aa edi\u00e7\u00e3o do Observat\u00f3rio de Carreiras e Mercado de Trabalho da PUCPR est\u00e1 dispon\u00edvel para <a href=\"https:\/\/heyzine.com\/flip-book\/observatoriopucpr7.html#page\/44\" target=\"_blank\" rel=\"noreferrer noopener\">consulta p\u00fablica<\/a>.<\/p>\n<p><em>Siga o Acorda Cidade no\u00a0<\/em><a href=\"https:\/\/news.google.com\/search?q=acorda%20cidade&amp;hl=pt-BR&amp;gl=BR&amp;ceid=BR%3Apt-419\"><strong><em>Google Not\u00edcias<\/em><\/strong><\/a><em>\u00a0e receba os principais destaques do dia. Participe tamb\u00e9m dos nossos canais no\u00a0<\/em><a href=\"https:\/\/www.whatsapp.com\/channel\/0029Va6Rb4v3WHTNnsh8WI3N\"><strong><em>WhatsApp<\/em><\/strong><\/a><em>\u00a0e\u00a0<\/em><a href=\"https:\/\/www.youtube.com\/@acordacidadenoticias\/videos\"><strong>YouTube<\/strong><\/a><em>\u00a0e do grupo no\u00a0<\/em><a href=\"https:\/\/t.me\/+sSz0khrgARA0ZmRh\"><strong><em>Telegram<\/em><\/strong><\/a><em>.<\/em><\/p>\n<\/div>\n","protected":false},"excerpt":{"rendered":"<p>Foto: Divulga\u00e7\u00e3o\/ PUCPR As compet\u00eancias comportamentais passaram a liderar as exig\u00eancias das empresas nos processos<\/p>\n","protected":false},"author":1,"featured_media":141331,"comment_status":"closed","ping_status":"closed","sticky":false,"template":"","format":"gallery","meta":{"footnotes":""},"categories":[8,9,6,57,56,10],"tags":[],"class_list":["post-141330","post","type-post","status-publish","format-gallery","has-post-thumbnail","hentry","category-bahia","category-brasil","category-feira-de-santana","category-mundo","category-policia","category-politica","post_format-post-format-gallery"],"featured_image_urls":{"full":["https:\/\/noticiasbahia360.com.br\/wp-content\/uploads\/2026\/07\/Pontificia-Universidade-Catolica-do-Parana-PUCPR-Foto-Divulgacao-PUCPR.jpg",1200,800,false],"thumbnail":["https:\/\/noticiasbahia360.com.br\/wp-content\/uploads\/2026\/07\/Pontificia-Universidade-Catolica-do-Parana-PUCPR-Foto-Divulgacao-PUCPR-150x150.jpg",150,150,true],"medium":["https:\/\/noticiasbahia360.com.br\/wp-content\/uploads\/2026\/07\/Pontificia-Universidade-Catolica-do-Parana-PUCPR-Foto-Divulgacao-PUCPR-300x200.jpg",300,200,true],"medium_large":["https:\/\/noticiasbahia360.com.br\/wp-content\/uploads\/2026\/07\/Pontificia-Universidade-Catolica-do-Parana-PUCPR-Foto-Divulgacao-PUCPR-768x512.jpg",640,427,true],"large":["https:\/\/noticiasbahia360.com.br\/wp-content\/uploads\/2026\/07\/Pontificia-Universidade-Catolica-do-Parana-PUCPR-Foto-Divulgacao-PUCPR-1024x683.jpg",640,427,true],"1536x1536":["https:\/\/noticiasbahia360.com.br\/wp-content\/uploads\/2026\/07\/Pontificia-Universidade-Catolica-do-Parana-PUCPR-Foto-Divulgacao-PUCPR.jpg",1200,800,false],"2048x2048":["https:\/\/noticiasbahia360.com.br\/wp-content\/uploads\/2026\/07\/Pontificia-Universidade-Catolica-do-Parana-PUCPR-Foto-Divulgacao-PUCPR.jpg",1200,800,false],"chromenews-featured":["https:\/\/noticiasbahia360.com.br\/wp-content\/uploads\/2026\/07\/Pontificia-Universidade-Catolica-do-Parana-PUCPR-Foto-Divulgacao-PUCPR-1024x683.jpg",1024,683,true],"chromenews-large":["https:\/\/noticiasbahia360.com.br\/wp-content\/uploads\/2026\/07\/Pontificia-Universidade-Catolica-do-Parana-PUCPR-Foto-Divulgacao-PUCPR-825x575.jpg",825,575,true],"chromenews-medium":["https:\/\/noticiasbahia360.com.br\/wp-content\/uploads\/2026\/07\/Pontificia-Universidade-Catolica-do-Parana-PUCPR-Foto-Divulgacao-PUCPR-590x410.jpg",590,410,true]},"author_info":{"display_name":"noticiasbahia360.com.br","author_link":"https:\/\/noticiasbahia360.com.br\/?author=1"},"category_info":"<a href=\"https:\/\/noticiasbahia360.com.br\/?cat=8\" rel=\"category\">Bahia<\/a> <a href=\"https:\/\/noticiasbahia360.com.br\/?cat=9\" rel=\"category\">Brasil<\/a> <a href=\"https:\/\/noticiasbahia360.com.br\/?cat=6\" rel=\"category\">Feira de Santana<\/a> <a href=\"https:\/\/noticiasbahia360.com.br\/?cat=57\" rel=\"category\">Mundo<\/a> <a href=\"https:\/\/noticiasbahia360.com.br\/?cat=56\" rel=\"category\">Pol\u00edcia<\/a> <a href=\"https:\/\/noticiasbahia360.com.br\/?cat=10\" rel=\"category\">Pol\u00edtica<\/a>","tag_info":"Pol\u00edtica","comment_count":"0","_links":{"self":[{"href":"https:\/\/noticiasbahia360.com.br\/index.php?rest_route=\/wp\/v2\/posts\/141330","targetHints":{"allow":["GET"]}}],"collection":[{"href":"https:\/\/noticiasbahia360.com.br\/index.php?rest_route=\/wp\/v2\/posts"}],"about":[{"href":"https:\/\/noticiasbahia360.com.br\/index.php?rest_route=\/wp\/v2\/types\/post"}],"author":[{"embeddable":true,"href":"https:\/\/noticiasbahia360.com.br\/index.php?rest_route=\/wp\/v2\/users\/1"}],"replies":[{"embeddable":true,"href":"https:\/\/noticiasbahia360.com.br\/index.php?rest_route=%2Fwp%2Fv2%2Fcomments&post=141330"}],"version-history":[{"count":0,"href":"https:\/\/noticiasbahia360.com.br\/index.php?rest_route=\/wp\/v2\/posts\/141330\/revisions"}],"wp:featuredmedia":[{"embeddable":true,"href":"https:\/\/noticiasbahia360.com.br\/index.php?rest_route=\/wp\/v2\/media\/141331"}],"wp:attachment":[{"href":"https:\/\/noticiasbahia360.com.br\/index.php?rest_route=%2Fwp%2Fv2%2Fmedia&parent=141330"}],"wp:term":[{"taxonomy":"category","embeddable":true,"href":"https:\/\/noticiasbahia360.com.br\/index.php?rest_route=%2Fwp%2Fv2%2Fcategories&post=141330"},{"taxonomy":"post_tag","embeddable":true,"href":"https:\/\/noticiasbahia360.com.br\/index.php?rest_route=%2Fwp%2Fv2%2Ftags&post=141330"}],"curies":[{"name":"wp","href":"https:\/\/api.w.org\/{rel}","templated":true}]}}