{"id":141336,"date":"2026-07-16T13:04:07","date_gmt":"2026-07-16T16:04:07","guid":{"rendered":"https:\/\/noticiasbahia360.com.br\/?p=141336"},"modified":"2026-07-16T13:04:07","modified_gmt":"2026-07-16T16:04:07","slug":"setor-industrial-critica-taxacao-dos-eua-sobre-o-brasil","status":"publish","type":"post","link":"https:\/\/noticiasbahia360.com.br\/?p=141336","title":{"rendered":"Setor industrial critica taxa\u00e7\u00e3o dos EUA sobre o Brasil"},"content":{"rendered":"<div>\n<div>\n<figure><img decoding=\"async\" src=\"http:\/\/noticiasbahia360.com.br\/wp-content\/uploads\/2026\/07\/CNI-industria-foto-Iano-Andrade-CNI.png\" alt=\"ind\u00fastria\"><figcaption>Foto: Iano Andrade \/ CNI<br \/>\n<\/figcaption><\/figure>\n<\/div>\n<p>Ag\u00eancia Brasil \u2013 O governo dos Estados Unidos anunciou na madrugada (hor\u00e1rio de Bras\u00edlia) desta quinta-feira (16) a nova taxa\u00e7\u00e3o de 25% sobre produtos brasileiros e as entidades que representam v\u00e1rios setores da ind\u00fastria brasileira reagiram fortemente \u00e0 medida determinada pelo presidente Donald Trump.<img decoding=\"async\" src=\"https:\/\/agenciabrasil.ebc.com.br\/ebc.png?id=1696803&amp;o=node\"><img decoding=\"async\" src=\"https:\/\/agenciabrasil.ebc.com.br\/ebc.gif?id=1696803&amp;o=node\"><\/p>\n<p>A Federa\u00e7\u00e3o das Ind\u00fastrias do Estado de S\u00e3o Paulo (Fiesp), divulgou comunicado no qual \u201clamenta com profunda preocupa\u00e7\u00e3o a aplica\u00e7\u00e3o de uma sobretaxa \u00e0s exporta\u00e7\u00f5es de produtos brasileiros ao mercado norte-americano\u201d.<\/p>\n<blockquote class=\"wp-block-quote is-layout-flow wp-block-quote-is-layout-flow\">\n<p>\u201cA decis\u00e3o \u00e9 especialmente prejudicial por se limitar de forma unilateral ao Brasil, o que reduz significativamente a competitividade do pa\u00eds perante concorrentes globais\u201d, diz a Fiesp.<\/p>\n<\/blockquote>\n<p>A entidade reafirmou tamb\u00e9m o \u201cseu compromisso com a diplomacia empresarial e seguir\u00e1 trabalhando de forma construtiva junto a parceiros nos EUA para que as tarifas sejam revertidas ou parcialmente mitigadas na amplia\u00e7\u00e3o da lista de isen\u00e7\u00f5es\u201d.<\/p>\n<h2 class=\"wp-block-heading\" id=\"h-fiemg\">Fiemg<\/h2>\n<p>Quem tamb\u00e9m se manifestou sobre a taxa\u00e7\u00e3o norte-americana sobre a economia brasileira foi a Federa\u00e7\u00e3o das Ind\u00fastrias do Estado de Minas Gerais (Fiemg).<\/p>\n<blockquote class=\"wp-block-quote is-layout-flow wp-block-quote-is-layout-flow\">\n<p>\u201cA Fiemg manifesta profunda preocupa\u00e7\u00e3o com o recente aumento das tarifas aplicadas pelos Estados Unidos aos produtos brasileiros\u201d.<\/p>\n<\/blockquote>\n<p>Em sua manifesta\u00e7\u00e3o, a Fiemg refor\u00e7ou a \u201cimport\u00e2ncia do di\u00e1logo e da coopera\u00e7\u00e3o entre os pa\u00edses, especialmente em um momento em que se exige serenidade e responsabilidade nas rela\u00e7\u00f5es comerciais internacionais\u201d.<\/p>\n<p>A entidade a ind\u00fastria mineira declarou ainda que os Estados Unidos s\u00e3o um parceiro estrat\u00e9gico para o pa\u00eds, \u201cem especial para a ind\u00fastria manufatureira nacional\u201d.<\/p>\n<h2 class=\"wp-block-heading\" id=\"h-cni\">CNI<\/h2>\n<p>Ricardo Alban, presidente da Confedera\u00e7\u00e3o Nacional das Ind\u00fastrias (CNI), tamb\u00e9m criticou a aplica\u00e7\u00e3o de taxas contra o Brasil, determinada pelo governo dos EUA.<\/p>\n<blockquote class=\"wp-block-quote is-layout-flow wp-block-quote-is-layout-flow\">\n<p>\u201cOs efeitos do aumento de tarifas dos Estados Unidos est\u00e3o sendo cada vez mais sentidos pela ind\u00fastria brasileira: 20 dos 27 estados reduziram suas exporta\u00e7\u00f5es ao mercado norte-americano no primeiro trimestre\u201d, afirmou Alban.<\/p>\n<\/blockquote>\n<p><strong>\u201cDiante do an\u00fancio de hoje, o cen\u00e1rio tende a piorar, corroendo ainda mais a competitividade da ind\u00fastria brasileira. N\u00e3o podemos poupar esfor\u00e7os para reverter essa l\u00f3gica e retomar a rela\u00e7\u00e3o que o Brasil e Estados Unidos constru\u00edram\u201d, acrescentou.<\/strong><\/p>\n<h2 class=\"wp-block-heading\" id=\"h-tarifaco\">Tarifa\u00e7o<\/h2>\n<p>O governo dos Estados Unidos anunciou uma sobretaxa de 25% sobre produtos exportados pelo Brasil para aquele pa\u00eds, na madrugada de hoje, hor\u00e1rio de Bras\u00edlia. A decis\u00e3o entra em vigor a partir de 22 de julho. Ela vai incidir sobre produtos que n\u00e3o est\u00e3o na lista de exce\u00e7\u00e3o.<\/p>\n<p>Ficaram de fora produtos como caf\u00e9, suco de laranja, carne bovina, aeronaves, entre outros. A lista de produtos isentos chega a mais de 2 mil itens. Eles n\u00e3o s\u00e3o sobretaxados por terem muita import\u00e2ncia dentro do mercado norte-americano e por n\u00e3o serem produzidos em larga escala pela ind\u00fastria do pa\u00eds.<\/p>\n<p><em>Siga o Acorda Cidade no\u00a0<\/em><a href=\"https:\/\/news.google.com\/search?q=acorda%20cidade&amp;hl=pt-BR&amp;gl=BR&amp;ceid=BR%3Apt-419\"><strong><em>Google Not\u00edcias<\/em><\/strong><\/a><em>\u00a0e receba os principais destaques do dia. Participe tamb\u00e9m dos nossos canais no\u00a0<\/em><a href=\"https:\/\/www.whatsapp.com\/channel\/0029Va6Rb4v3WHTNnsh8WI3N\"><strong><em>WhatsApp<\/em><\/strong><\/a><em>\u00a0e\u00a0<\/em><a href=\"https:\/\/www.youtube.com\/@acordacidadenoticias\/videos\"><strong>YouTube<\/strong><\/a><em>\u00a0e do grupo no\u00a0<\/em><a href=\"https:\/\/t.me\/+sSz0khrgARA0ZmRh\"><strong><em>Telegram<\/em><\/strong><\/a><em>.<\/em><\/p>\n<\/div>\n","protected":false},"excerpt":{"rendered":"<p>Foto: Iano Andrade \/ CNI Ag\u00eancia Brasil \u2013 O governo dos Estados Unidos anunciou na<\/p>\n","protected":false},"author":1,"featured_media":141337,"comment_status":"closed","ping_status":"closed","sticky":false,"template":"","format":"gallery","meta":{"footnotes":""},"categories":[8,9,6,57,56,10],"tags":[],"class_list":["post-141336","post","type-post","status-publish","format-gallery","has-post-thumbnail","hentry","category-bahia","category-brasil","category-feira-de-santana","category-mundo","category-policia","category-politica","post_format-post-format-gallery"],"featured_image_urls":{"full":["https:\/\/noticiasbahia360.com.br\/wp-content\/uploads\/2026\/07\/CNI-industria-foto-Iano-Andrade-CNI.png",1200,718,false],"thumbnail":["https:\/\/noticiasbahia360.com.br\/wp-content\/uploads\/2026\/07\/CNI-industria-foto-Iano-Andrade-CNI-150x150.png",150,150,true],"medium":["https:\/\/noticiasbahia360.com.br\/wp-content\/uploads\/2026\/07\/CNI-industria-foto-Iano-Andrade-CNI-300x180.png",300,180,true],"medium_large":["https:\/\/noticiasbahia360.com.br\/wp-content\/uploads\/2026\/07\/CNI-industria-foto-Iano-Andrade-CNI-768x460.png",640,383,true],"large":["https:\/\/noticiasbahia360.com.br\/wp-content\/uploads\/2026\/07\/CNI-industria-foto-Iano-Andrade-CNI-1024x613.png",640,383,true],"1536x1536":["https:\/\/noticiasbahia360.com.br\/wp-content\/uploads\/2026\/07\/CNI-industria-foto-Iano-Andrade-CNI.png",1200,718,false],"2048x2048":["https:\/\/noticiasbahia360.com.br\/wp-content\/uploads\/2026\/07\/CNI-industria-foto-Iano-Andrade-CNI.png",1200,718,false],"chromenews-featured":["https:\/\/noticiasbahia360.com.br\/wp-content\/uploads\/2026\/07\/CNI-industria-foto-Iano-Andrade-CNI-1024x613.png",1024,613,true],"chromenews-large":["https:\/\/noticiasbahia360.com.br\/wp-content\/uploads\/2026\/07\/CNI-industria-foto-Iano-Andrade-CNI-825x575.png",825,575,true],"chromenews-medium":["https:\/\/noticiasbahia360.com.br\/wp-content\/uploads\/2026\/07\/CNI-industria-foto-Iano-Andrade-CNI-590x410.png",590,410,true]},"author_info":{"display_name":"noticiasbahia360.com.br","author_link":"https:\/\/noticiasbahia360.com.br\/?author=1"},"category_info":"<a href=\"https:\/\/noticiasbahia360.com.br\/?cat=8\" rel=\"category\">Bahia<\/a> <a href=\"https:\/\/noticiasbahia360.com.br\/?cat=9\" rel=\"category\">Brasil<\/a> <a href=\"https:\/\/noticiasbahia360.com.br\/?cat=6\" rel=\"category\">Feira de Santana<\/a> <a href=\"https:\/\/noticiasbahia360.com.br\/?cat=57\" rel=\"category\">Mundo<\/a> <a href=\"https:\/\/noticiasbahia360.com.br\/?cat=56\" rel=\"category\">Pol\u00edcia<\/a> <a href=\"https:\/\/noticiasbahia360.com.br\/?cat=10\" rel=\"category\">Pol\u00edtica<\/a>","tag_info":"Pol\u00edtica","comment_count":"0","_links":{"self":[{"href":"https:\/\/noticiasbahia360.com.br\/index.php?rest_route=\/wp\/v2\/posts\/141336","targetHints":{"allow":["GET"]}}],"collection":[{"href":"https:\/\/noticiasbahia360.com.br\/index.php?rest_route=\/wp\/v2\/posts"}],"about":[{"href":"https:\/\/noticiasbahia360.com.br\/index.php?rest_route=\/wp\/v2\/types\/post"}],"author":[{"embeddable":true,"href":"https:\/\/noticiasbahia360.com.br\/index.php?rest_route=\/wp\/v2\/users\/1"}],"replies":[{"embeddable":true,"href":"https:\/\/noticiasbahia360.com.br\/index.php?rest_route=%2Fwp%2Fv2%2Fcomments&post=141336"}],"version-history":[{"count":0,"href":"https:\/\/noticiasbahia360.com.br\/index.php?rest_route=\/wp\/v2\/posts\/141336\/revisions"}],"wp:featuredmedia":[{"embeddable":true,"href":"https:\/\/noticiasbahia360.com.br\/index.php?rest_route=\/wp\/v2\/media\/141337"}],"wp:attachment":[{"href":"https:\/\/noticiasbahia360.com.br\/index.php?rest_route=%2Fwp%2Fv2%2Fmedia&parent=141336"}],"wp:term":[{"taxonomy":"category","embeddable":true,"href":"https:\/\/noticiasbahia360.com.br\/index.php?rest_route=%2Fwp%2Fv2%2Fcategories&post=141336"},{"taxonomy":"post_tag","embeddable":true,"href":"https:\/\/noticiasbahia360.com.br\/index.php?rest_route=%2Fwp%2Fv2%2Ftags&post=141336"}],"curies":[{"name":"wp","href":"https:\/\/api.w.org\/{rel}","templated":true}]}}