{"id":141359,"date":"2026-07-16T15:01:06","date_gmt":"2026-07-16T18:01:06","guid":{"rendered":"https:\/\/noticiasbahia360.com.br\/?p=141359"},"modified":"2026-07-16T15:01:06","modified_gmt":"2026-07-16T18:01:06","slug":"investigado-por-feminicidio-e-preso-no-interior-da-bahia","status":"publish","type":"post","link":"https:\/\/noticiasbahia360.com.br\/?p=141359","title":{"rendered":"Investigado por feminic\u00eddio \u00e9 preso no interior da Bahia"},"content":{"rendered":"<div>\n<div>\n<figure><img decoding=\"async\" src=\"http:\/\/noticiasbahia360.com.br\/wp-content\/uploads\/2026\/07\/Investigado-por-feminicidio-tem-mandado-de-prisao-preventiva-cumprido-em-Camamu-Foto-Ascom-PCBA-160726.jpg\" alt=\"Investigado por feminic\u00eddio tem mandado de pris\u00e3o preventiva cumprido em Camamu\"><figcaption>Foto: Ascom-PCBA <\/figcaption><\/figure>\n<\/div>\n<p>Um homem, de 41 anos, investigado pelo feminic\u00eddio de Mar\u00edlia Domingas de Jesus Soares Santos, de 35 anos, teve o mandado de pris\u00e3o preventiva cumprido pela <a href=\"https:\/\/www.acordacidade.com.br\/tag\/policia-civil-2\/\" data-type=\"post_tag\" data-id=\"7971\">Pol\u00edcia Civil da Bahia<\/a> nesta quinta-feira (16), em Camamu.<\/p>\n<p>A v\u00edtima foi encontrada morta no \u00faltimo domingo (12), na comunidade de Tabela, zona rural do munic\u00edpio, no interior de uma resid\u00eancia, com ferimentos provocados por arma branca.<\/p>\n<p>Segundo as investiga\u00e7\u00f5es, o suspeito, companheiro da v\u00edtima, deixou o local ap\u00f3s o crime e passou a ser procurado pela Pol\u00edcia Civil. Durante as dilig\u00eancias, um aparelho celular, pertencente ao investigado, foi apreendido nas proximidades da resid\u00eancia.<\/p>\n<p>Em depoimento, o homem afirmou ter atingido a companheira com um golpe de faca durante uma luta corporal e alegou ter agido em leg\u00edtima defesa. A vers\u00e3o apresentada ser\u00e1 confrontada com os depoimentos, os laudos periciais e os demais elementos reunidos no inqu\u00e9rito policial.<\/p>\n<p>A a\u00e7\u00e3o foi realizada por equipes da Delegacia Territorial de Camamu (DT\/Camamu), unidade vinculada \u00e0 5\u00aa Coordenadoria Regional de Pol\u00edcia do Interior (Coorpin\/Valen\u00e7a).<\/p>\n<p><em>Siga o Acorda Cidade no<\/em><a href=\"https:\/\/news.google.com\/search?q=acorda%20cidade&amp;hl=pt-BR&amp;gl=BR&amp;ceid=BR%3Apt-419\"><strong><em>\u00a0Google Not\u00edcias<\/em><\/strong><\/a><em>\u00a0e receba os principais destaques do dia. Participe tamb\u00e9m dos nossos canais no\u00a0<\/em><a href=\"https:\/\/www.whatsapp.com\/channel\/0029Va6Rb4v3WHTNnsh8WI3N\"><strong><em>WhatsApp<\/em><\/strong><\/a><em>\u00a0e\u00a0<\/em><a href=\"https:\/\/www.youtube.com\/@acordacidadenoticias\/videos\"><strong>Youtube<\/strong><\/a><em>\u00a0e grupo de\u00a0<\/em><a href=\"https:\/\/t.me\/+sSz0khrgARA0ZmRh\"><strong><em>Telegram<\/em><\/strong><\/a><em>.<\/em><\/p>\n<\/div>\n","protected":false},"excerpt":{"rendered":"<p>Foto: Ascom-PCBA Um homem, de 41 anos, investigado pelo feminic\u00eddio de Mar\u00edlia Domingas de Jesus<\/p>\n","protected":false},"author":1,"featured_media":141360,"comment_status":"closed","ping_status":"closed","sticky":false,"template":"","format":"gallery","meta":{"footnotes":""},"categories":[8,9,6,57,56,10],"tags":[],"class_list":["post-141359","post","type-post","status-publish","format-gallery","has-post-thumbnail","hentry","category-bahia","category-brasil","category-feira-de-santana","category-mundo","category-policia","category-politica","post_format-post-format-gallery"],"featured_image_urls":{"full":["https:\/\/noticiasbahia360.com.br\/wp-content\/uploads\/2026\/07\/Investigado-por-feminicidio-tem-mandado-de-prisao-preventiva-cumprido-em-Camamu-Foto-Ascom-PCBA-160726.jpg",1200,900,false],"thumbnail":["https:\/\/noticiasbahia360.com.br\/wp-content\/uploads\/2026\/07\/Investigado-por-feminicidio-tem-mandado-de-prisao-preventiva-cumprido-em-Camamu-Foto-Ascom-PCBA-160726-150x150.jpg",150,150,true],"medium":["https:\/\/noticiasbahia360.com.br\/wp-content\/uploads\/2026\/07\/Investigado-por-feminicidio-tem-mandado-de-prisao-preventiva-cumprido-em-Camamu-Foto-Ascom-PCBA-160726-300x225.jpg",300,225,true],"medium_large":["https:\/\/noticiasbahia360.com.br\/wp-content\/uploads\/2026\/07\/Investigado-por-feminicidio-tem-mandado-de-prisao-preventiva-cumprido-em-Camamu-Foto-Ascom-PCBA-160726-768x576.jpg",640,480,true],"large":["https:\/\/noticiasbahia360.com.br\/wp-content\/uploads\/2026\/07\/Investigado-por-feminicidio-tem-mandado-de-prisao-preventiva-cumprido-em-Camamu-Foto-Ascom-PCBA-160726-1024x768.jpg",640,480,true],"1536x1536":["https:\/\/noticiasbahia360.com.br\/wp-content\/uploads\/2026\/07\/Investigado-por-feminicidio-tem-mandado-de-prisao-preventiva-cumprido-em-Camamu-Foto-Ascom-PCBA-160726.jpg",1200,900,false],"2048x2048":["https:\/\/noticiasbahia360.com.br\/wp-content\/uploads\/2026\/07\/Investigado-por-feminicidio-tem-mandado-de-prisao-preventiva-cumprido-em-Camamu-Foto-Ascom-PCBA-160726.jpg",1200,900,false],"chromenews-featured":["https:\/\/noticiasbahia360.com.br\/wp-content\/uploads\/2026\/07\/Investigado-por-feminicidio-tem-mandado-de-prisao-preventiva-cumprido-em-Camamu-Foto-Ascom-PCBA-160726-1024x768.jpg",1024,768,true],"chromenews-large":["https:\/\/noticiasbahia360.com.br\/wp-content\/uploads\/2026\/07\/Investigado-por-feminicidio-tem-mandado-de-prisao-preventiva-cumprido-em-Camamu-Foto-Ascom-PCBA-160726-825x575.jpg",825,575,true],"chromenews-medium":["https:\/\/noticiasbahia360.com.br\/wp-content\/uploads\/2026\/07\/Investigado-por-feminicidio-tem-mandado-de-prisao-preventiva-cumprido-em-Camamu-Foto-Ascom-PCBA-160726-590x410.jpg",590,410,true]},"author_info":{"display_name":"noticiasbahia360.com.br","author_link":"https:\/\/noticiasbahia360.com.br\/?author=1"},"category_info":"<a href=\"https:\/\/noticiasbahia360.com.br\/?cat=8\" rel=\"category\">Bahia<\/a> <a href=\"https:\/\/noticiasbahia360.com.br\/?cat=9\" rel=\"category\">Brasil<\/a> <a href=\"https:\/\/noticiasbahia360.com.br\/?cat=6\" rel=\"category\">Feira de Santana<\/a> <a href=\"https:\/\/noticiasbahia360.com.br\/?cat=57\" rel=\"category\">Mundo<\/a> <a href=\"https:\/\/noticiasbahia360.com.br\/?cat=56\" rel=\"category\">Pol\u00edcia<\/a> <a href=\"https:\/\/noticiasbahia360.com.br\/?cat=10\" rel=\"category\">Pol\u00edtica<\/a>","tag_info":"Pol\u00edtica","comment_count":"0","_links":{"self":[{"href":"https:\/\/noticiasbahia360.com.br\/index.php?rest_route=\/wp\/v2\/posts\/141359","targetHints":{"allow":["GET"]}}],"collection":[{"href":"https:\/\/noticiasbahia360.com.br\/index.php?rest_route=\/wp\/v2\/posts"}],"about":[{"href":"https:\/\/noticiasbahia360.com.br\/index.php?rest_route=\/wp\/v2\/types\/post"}],"author":[{"embeddable":true,"href":"https:\/\/noticiasbahia360.com.br\/index.php?rest_route=\/wp\/v2\/users\/1"}],"replies":[{"embeddable":true,"href":"https:\/\/noticiasbahia360.com.br\/index.php?rest_route=%2Fwp%2Fv2%2Fcomments&post=141359"}],"version-history":[{"count":0,"href":"https:\/\/noticiasbahia360.com.br\/index.php?rest_route=\/wp\/v2\/posts\/141359\/revisions"}],"wp:featuredmedia":[{"embeddable":true,"href":"https:\/\/noticiasbahia360.com.br\/index.php?rest_route=\/wp\/v2\/media\/141360"}],"wp:attachment":[{"href":"https:\/\/noticiasbahia360.com.br\/index.php?rest_route=%2Fwp%2Fv2%2Fmedia&parent=141359"}],"wp:term":[{"taxonomy":"category","embeddable":true,"href":"https:\/\/noticiasbahia360.com.br\/index.php?rest_route=%2Fwp%2Fv2%2Fcategories&post=141359"},{"taxonomy":"post_tag","embeddable":true,"href":"https:\/\/noticiasbahia360.com.br\/index.php?rest_route=%2Fwp%2Fv2%2Ftags&post=141359"}],"curies":[{"name":"wp","href":"https:\/\/api.w.org\/{rel}","templated":true}]}}