{"id":141373,"date":"2026-07-16T17:02:18","date_gmt":"2026-07-16T20:02:18","guid":{"rendered":"https:\/\/noticiasbahia360.com.br\/?p=141373"},"modified":"2026-07-16T17:02:18","modified_gmt":"2026-07-16T20:02:18","slug":"bebe-de-10-meses-morre-apos-estupro-dois-homens-foram-presos","status":"publish","type":"post","link":"https:\/\/noticiasbahia360.com.br\/?p=141373","title":{"rendered":"Beb\u00ea de 10 meses morre ap\u00f3s estupro; dois homens foram presos"},"content":{"rendered":"<div>\n<div>\n<figure><img decoding=\"async\" src=\"http:\/\/noticiasbahia360.com.br\/wp-content\/uploads\/2026\/07\/casa-da-crianca-e-do-adolescente-Ceara-Foto-Divulgacao-160726.jpg\" alt=\"Beb\u00ea de 10 meses morre ap\u00f3s estupro; dois homens foram presos\"><figcaption>Foto: Divulga\u00e7\u00e3o <\/figcaption><\/figure>\n<\/div>\n<p>Dois homens, de 22 e 26 anos, foram presos em flagrante ap\u00f3s uma beb\u00ea de 10 meses morrer na manh\u00e3 da \u00faltima segunda-feira (13), em Fortaleza. Eles s\u00e3o suspeitos de cometer estupro e matar crian\u00e7a.<\/p>\n<p>De acordo com o g1, a beb\u00ea chegou a ser socorrida para uma unidade de sa\u00fade no bairro Dion\u00edsio Torres, na capital do Cear\u00e1, mas n\u00e3o resistiu aos ferimentos. \u201cNa unidade m\u00e9dica foi constatado o crime sexual contra a v\u00edtima\u201d, declarou a Secretaria da Seguran\u00e7a P\u00fablica e Defesa Social (SSPDS).<\/p>\n<p>Um dos suspeitos mantinha um relacionamento casual com a m\u00e3e da v\u00edtima. J\u00e1 o segundo preso em flagrante era primo deste homem. Outras pessoas estavam na resid\u00eancia onde o crime foi cometido, que foram conduzidas \u00e0 delegacia para prestar esclarecimentos.<\/p>\n<p>A Pol\u00edcia Militar conduziu os dois homens para a Delegacia de Combate \u00e0 Explora\u00e7\u00e3o da Crian\u00e7a e do Adolescente (Dceca). Eles foram autuados em flagrante pelo crime de estupro de vulner\u00e1vel seguido de morte.<\/p>\n<p>A defesa do namorado da genitora declarou que ele colabora com as investiga\u00e7\u00f5es e se submeteu voluntariamente \u00e0 coleta de material gen\u00e9tico.<\/p>\n<p><em>\u201cA defesa t\u00e9cnica de um dos investigados no caso envolvendo a morte da crian\u00e7a, o namorado da genitora, informa que acompanha as investiga\u00e7\u00f5es com absoluta confian\u00e7a no trabalho das autoridades competentes.<\/em><\/p>\n<p><em>O constituinte desta defesa permanece \u00e0 inteira disposi\u00e7\u00e3o para prestar todos os esclarecimentos necess\u00e1rios, tendo, inclusive, se submetido voluntariamente \u00e0 coleta de material gen\u00e9tico. A defesa aguarda a conclus\u00e3o dos laudos periciais, imprescind\u00edveis para o esclarecimento t\u00e9cnico dos fatos. Esclarece, ainda, que seu cliente afirma n\u00e3o estar sequer no mesmo quarto em que a crian\u00e7a dormia, circunst\u00e2ncia que ser\u00e1 devidamente analisada no curso da investiga\u00e7\u00e3o.<\/em><\/p>\n<p><em>A defesa ressalta que qualquer ju\u00edzo antecipado, especialmente por meio de linchamento virtual antes da conclus\u00e3o das investiga\u00e7\u00f5es e da produ\u00e7\u00e3o das provas periciais, representa grave risco \u00e0 pr\u00f3pria busca da verdade, al\u00e9m de afrontar garantias constitucionais como a presun\u00e7\u00e3o de inoc\u00eancia e o devido processo legal. Por respeito \u00e0 investiga\u00e7\u00e3o e \u00e0 sociedade, a defesa somente voltar\u00e1 a se manifestar ap\u00f3s a conclus\u00e3o dos laudos t\u00e9cnicos\u201d, <\/em>disse a advogada de defesa.<\/p>\n<p>As investiga\u00e7\u00f5es da Pol\u00edcia Civil continuam com o objetivo de elucidar o crime. Os agentes aguardam laudo pericial.<\/p>\n<p><em>Siga o Acorda Cidade no<\/em><a href=\"https:\/\/news.google.com\/search?q=acorda%20cidade&amp;hl=pt-BR&amp;gl=BR&amp;ceid=BR%3Apt-419\"><strong><em>\u00a0Google Not\u00edcias<\/em><\/strong><\/a><em>\u00a0e receba os principais destaques do dia. Participe tamb\u00e9m dos nossos canais no\u00a0<\/em><a href=\"https:\/\/www.whatsapp.com\/channel\/0029Va6Rb4v3WHTNnsh8WI3N\"><strong><em>WhatsApp<\/em><\/strong><\/a><em>\u00a0e\u00a0<\/em><a href=\"https:\/\/www.youtube.com\/@acordacidadenoticias\/videos\"><strong>Youtube<\/strong><\/a><em>\u00a0e grupo de\u00a0<\/em><a href=\"https:\/\/t.me\/+sSz0khrgARA0ZmRh\"><strong><em>Telegram<\/em><\/strong><\/a><em>.<\/em><\/p>\n<\/div>\n","protected":false},"excerpt":{"rendered":"<p>Foto: Divulga\u00e7\u00e3o Dois homens, de 22 e 26 anos, foram presos em flagrante ap\u00f3s uma<\/p>\n","protected":false},"author":1,"featured_media":141374,"comment_status":"closed","ping_status":"closed","sticky":false,"template":"","format":"gallery","meta":{"footnotes":""},"categories":[8,9,6,57,56,10],"tags":[],"class_list":["post-141373","post","type-post","status-publish","format-gallery","has-post-thumbnail","hentry","category-bahia","category-brasil","category-feira-de-santana","category-mundo","category-policia","category-politica","post_format-post-format-gallery"],"featured_image_urls":{"full":["https:\/\/noticiasbahia360.com.br\/wp-content\/uploads\/2026\/07\/casa-da-crianca-e-do-adolescente-Ceara-Foto-Divulgacao-160726.jpg",1200,676,false],"thumbnail":["https:\/\/noticiasbahia360.com.br\/wp-content\/uploads\/2026\/07\/casa-da-crianca-e-do-adolescente-Ceara-Foto-Divulgacao-160726-150x150.jpg",150,150,true],"medium":["https:\/\/noticiasbahia360.com.br\/wp-content\/uploads\/2026\/07\/casa-da-crianca-e-do-adolescente-Ceara-Foto-Divulgacao-160726-300x169.jpg",300,169,true],"medium_large":["https:\/\/noticiasbahia360.com.br\/wp-content\/uploads\/2026\/07\/casa-da-crianca-e-do-adolescente-Ceara-Foto-Divulgacao-160726-768x433.jpg",640,361,true],"large":["https:\/\/noticiasbahia360.com.br\/wp-content\/uploads\/2026\/07\/casa-da-crianca-e-do-adolescente-Ceara-Foto-Divulgacao-160726-1024x577.jpg",640,361,true],"1536x1536":["https:\/\/noticiasbahia360.com.br\/wp-content\/uploads\/2026\/07\/casa-da-crianca-e-do-adolescente-Ceara-Foto-Divulgacao-160726.jpg",1200,676,false],"2048x2048":["https:\/\/noticiasbahia360.com.br\/wp-content\/uploads\/2026\/07\/casa-da-crianca-e-do-adolescente-Ceara-Foto-Divulgacao-160726.jpg",1200,676,false],"chromenews-featured":["https:\/\/noticiasbahia360.com.br\/wp-content\/uploads\/2026\/07\/casa-da-crianca-e-do-adolescente-Ceara-Foto-Divulgacao-160726-1024x577.jpg",1024,577,true],"chromenews-large":["https:\/\/noticiasbahia360.com.br\/wp-content\/uploads\/2026\/07\/casa-da-crianca-e-do-adolescente-Ceara-Foto-Divulgacao-160726-825x575.jpg",825,575,true],"chromenews-medium":["https:\/\/noticiasbahia360.com.br\/wp-content\/uploads\/2026\/07\/casa-da-crianca-e-do-adolescente-Ceara-Foto-Divulgacao-160726-590x410.jpg",590,410,true]},"author_info":{"display_name":"noticiasbahia360.com.br","author_link":"https:\/\/noticiasbahia360.com.br\/?author=1"},"category_info":"<a href=\"https:\/\/noticiasbahia360.com.br\/?cat=8\" rel=\"category\">Bahia<\/a> <a href=\"https:\/\/noticiasbahia360.com.br\/?cat=9\" rel=\"category\">Brasil<\/a> <a href=\"https:\/\/noticiasbahia360.com.br\/?cat=6\" rel=\"category\">Feira de Santana<\/a> <a href=\"https:\/\/noticiasbahia360.com.br\/?cat=57\" rel=\"category\">Mundo<\/a> <a href=\"https:\/\/noticiasbahia360.com.br\/?cat=56\" rel=\"category\">Pol\u00edcia<\/a> <a href=\"https:\/\/noticiasbahia360.com.br\/?cat=10\" rel=\"category\">Pol\u00edtica<\/a>","tag_info":"Pol\u00edtica","comment_count":"0","_links":{"self":[{"href":"https:\/\/noticiasbahia360.com.br\/index.php?rest_route=\/wp\/v2\/posts\/141373","targetHints":{"allow":["GET"]}}],"collection":[{"href":"https:\/\/noticiasbahia360.com.br\/index.php?rest_route=\/wp\/v2\/posts"}],"about":[{"href":"https:\/\/noticiasbahia360.com.br\/index.php?rest_route=\/wp\/v2\/types\/post"}],"author":[{"embeddable":true,"href":"https:\/\/noticiasbahia360.com.br\/index.php?rest_route=\/wp\/v2\/users\/1"}],"replies":[{"embeddable":true,"href":"https:\/\/noticiasbahia360.com.br\/index.php?rest_route=%2Fwp%2Fv2%2Fcomments&post=141373"}],"version-history":[{"count":0,"href":"https:\/\/noticiasbahia360.com.br\/index.php?rest_route=\/wp\/v2\/posts\/141373\/revisions"}],"wp:featuredmedia":[{"embeddable":true,"href":"https:\/\/noticiasbahia360.com.br\/index.php?rest_route=\/wp\/v2\/media\/141374"}],"wp:attachment":[{"href":"https:\/\/noticiasbahia360.com.br\/index.php?rest_route=%2Fwp%2Fv2%2Fmedia&parent=141373"}],"wp:term":[{"taxonomy":"category","embeddable":true,"href":"https:\/\/noticiasbahia360.com.br\/index.php?rest_route=%2Fwp%2Fv2%2Fcategories&post=141373"},{"taxonomy":"post_tag","embeddable":true,"href":"https:\/\/noticiasbahia360.com.br\/index.php?rest_route=%2Fwp%2Fv2%2Ftags&post=141373"}],"curies":[{"name":"wp","href":"https:\/\/api.w.org\/{rel}","templated":true}]}}