{"id":141375,"date":"2026-07-16T17:02:20","date_gmt":"2026-07-16T20:02:20","guid":{"rendered":"https:\/\/noticiasbahia360.com.br\/?p=141375"},"modified":"2026-07-16T17:02:20","modified_gmt":"2026-07-16T20:02:20","slug":"dois-homens-sao-presos-por-estupro-de-vulneravel-na-bahia","status":"publish","type":"post","link":"https:\/\/noticiasbahia360.com.br\/?p=141375","title":{"rendered":"Dois homens s\u00e3o presos por estupro de vulner\u00e1vel na Bahia"},"content":{"rendered":"<div>\n<div>\n<figure><img decoding=\"async\" src=\"http:\/\/noticiasbahia360.com.br\/wp-content\/uploads\/2026\/07\/Dois-homens-sao-presos-por-estupro-de-vulneravel-na-Bahia.jpg\" alt=\"Dois homens s\u00e3o presos por estupro de vulner\u00e1vel na Bahia\"><figcaption>Foto: Ascom\/ PCBA<\/figcaption><\/figure>\n<\/div>\n<p>Dois homens, de 34 e 45 anos, foram presos nesta quinta-feira (16), no Centro de Andara\u00ed, em cumprimento a mandados de pris\u00e3o preventiva pelos crimes de estupro de vulner\u00e1vel. Durante a a\u00e7\u00e3o, tamb\u00e9m foi apreendida uma arma de fogo artesanal.<\/p>\n<p>No primeiro caso, o crime ocorreu em junho deste ano, durante os festejos de anivers\u00e1rio do munic\u00edpio. A v\u00edtima, uma mulher de 28 anos, relatou que, ap\u00f3s ingerir uma medica\u00e7\u00e3o, adormeceu e, ao despertar, constatou que havia sido v\u00edtima do crime. No segundo, o crime ocorreu em maio deste ano e teve como v\u00edtima uma crian\u00e7a de sete anos. As investiga\u00e7\u00f5es conduzidas pela Pol\u00edcia Civil resultaram na representa\u00e7\u00e3o pela pris\u00e3o preventiva dos dois investigados, medidas posteriormente deferidas pelo Poder Judici\u00e1rio.<\/p>\n<p>Durante a a\u00e7\u00e3o, al\u00e9m do cumprimento dos mandados de pris\u00e3o preventiva, os policiais tamb\u00e9m cumpriram um mandado de busca e apreens\u00e3o na resid\u00eancia de um dos investigados. No im\u00f3vel, foi localizada e apreendida uma arma de fogo artesanal. O armamento foi encaminhado para per\u00edcia e demais provid\u00eancias legais.<\/p>\n<p>A a\u00e7\u00e3o foi realizada por equipes da Delegacia Territorial de Andara\u00ed (DT\/Andara\u00ed), com o apoio do Grupo de Apoio T\u00e9cnico e T\u00e1tico \u00e0 Investiga\u00e7\u00e3o (Gatti\/Chapada).Os dois investigados foram encaminhados \u00e0 unidade policial para a ado\u00e7\u00e3o das medidas legais cab\u00edveis e permanecem custodiados \u00e0 disposi\u00e7\u00e3o do Poder Judici\u00e1rio.<\/p>\n<p><em>Siga o Acorda Cidade no<\/em><a href=\"https:\/\/news.google.com\/search?q=acorda%20cidade&amp;hl=pt-BR&amp;gl=BR&amp;ceid=BR%3Apt-419\"><strong><em>\u00a0Google Not\u00edcias<\/em><\/strong><\/a><em>\u00a0e receba os principais destaques do dia. Participe tamb\u00e9m dos nossos canais no\u00a0<\/em><a href=\"https:\/\/www.whatsapp.com\/channel\/0029Va6Rb4v3WHTNnsh8WI3N\"><strong><em>WhatsApp<\/em><\/strong><\/a><em>\u00a0e\u00a0<\/em><a href=\"https:\/\/www.youtube.com\/@acordacidadenoticias\/videos\"><strong>Youtube<\/strong><\/a><em>\u00a0e grupo de\u00a0<\/em><a href=\"https:\/\/t.me\/+sSz0khrgARA0ZmRh\"><strong><em>Telegram<\/em><\/strong><\/a><em>.<\/em><\/p>\n<\/div>\n","protected":false},"excerpt":{"rendered":"<p>Foto: Ascom\/ PCBA Dois homens, de 34 e 45 anos, foram presos nesta quinta-feira (16),<\/p>\n","protected":false},"author":1,"featured_media":141376,"comment_status":"closed","ping_status":"closed","sticky":false,"template":"","format":"gallery","meta":{"footnotes":""},"categories":[8,9,6,57,56,10],"tags":[],"class_list":["post-141375","post","type-post","status-publish","format-gallery","has-post-thumbnail","hentry","category-bahia","category-brasil","category-feira-de-santana","category-mundo","category-policia","category-politica","post_format-post-format-gallery"],"featured_image_urls":{"full":["https:\/\/noticiasbahia360.com.br\/wp-content\/uploads\/2026\/07\/Dois-homens-sao-presos-por-estupro-de-vulneravel-na-Bahia.jpg",1200,553,false],"thumbnail":["https:\/\/noticiasbahia360.com.br\/wp-content\/uploads\/2026\/07\/Dois-homens-sao-presos-por-estupro-de-vulneravel-na-Bahia-150x150.jpg",150,150,true],"medium":["https:\/\/noticiasbahia360.com.br\/wp-content\/uploads\/2026\/07\/Dois-homens-sao-presos-por-estupro-de-vulneravel-na-Bahia-300x138.jpg",300,138,true],"medium_large":["https:\/\/noticiasbahia360.com.br\/wp-content\/uploads\/2026\/07\/Dois-homens-sao-presos-por-estupro-de-vulneravel-na-Bahia-768x354.jpg",640,295,true],"large":["https:\/\/noticiasbahia360.com.br\/wp-content\/uploads\/2026\/07\/Dois-homens-sao-presos-por-estupro-de-vulneravel-na-Bahia-1024x472.jpg",640,295,true],"1536x1536":["https:\/\/noticiasbahia360.com.br\/wp-content\/uploads\/2026\/07\/Dois-homens-sao-presos-por-estupro-de-vulneravel-na-Bahia.jpg",1200,553,false],"2048x2048":["https:\/\/noticiasbahia360.com.br\/wp-content\/uploads\/2026\/07\/Dois-homens-sao-presos-por-estupro-de-vulneravel-na-Bahia.jpg",1200,553,false],"chromenews-featured":["https:\/\/noticiasbahia360.com.br\/wp-content\/uploads\/2026\/07\/Dois-homens-sao-presos-por-estupro-de-vulneravel-na-Bahia-1024x472.jpg",1024,472,true],"chromenews-large":["https:\/\/noticiasbahia360.com.br\/wp-content\/uploads\/2026\/07\/Dois-homens-sao-presos-por-estupro-de-vulneravel-na-Bahia-825x553.jpg",825,553,true],"chromenews-medium":["https:\/\/noticiasbahia360.com.br\/wp-content\/uploads\/2026\/07\/Dois-homens-sao-presos-por-estupro-de-vulneravel-na-Bahia-590x410.jpg",590,410,true]},"author_info":{"display_name":"noticiasbahia360.com.br","author_link":"https:\/\/noticiasbahia360.com.br\/?author=1"},"category_info":"<a href=\"https:\/\/noticiasbahia360.com.br\/?cat=8\" rel=\"category\">Bahia<\/a> <a href=\"https:\/\/noticiasbahia360.com.br\/?cat=9\" rel=\"category\">Brasil<\/a> <a href=\"https:\/\/noticiasbahia360.com.br\/?cat=6\" rel=\"category\">Feira de Santana<\/a> <a href=\"https:\/\/noticiasbahia360.com.br\/?cat=57\" rel=\"category\">Mundo<\/a> <a href=\"https:\/\/noticiasbahia360.com.br\/?cat=56\" rel=\"category\">Pol\u00edcia<\/a> <a href=\"https:\/\/noticiasbahia360.com.br\/?cat=10\" rel=\"category\">Pol\u00edtica<\/a>","tag_info":"Pol\u00edtica","comment_count":"0","_links":{"self":[{"href":"https:\/\/noticiasbahia360.com.br\/index.php?rest_route=\/wp\/v2\/posts\/141375","targetHints":{"allow":["GET"]}}],"collection":[{"href":"https:\/\/noticiasbahia360.com.br\/index.php?rest_route=\/wp\/v2\/posts"}],"about":[{"href":"https:\/\/noticiasbahia360.com.br\/index.php?rest_route=\/wp\/v2\/types\/post"}],"author":[{"embeddable":true,"href":"https:\/\/noticiasbahia360.com.br\/index.php?rest_route=\/wp\/v2\/users\/1"}],"replies":[{"embeddable":true,"href":"https:\/\/noticiasbahia360.com.br\/index.php?rest_route=%2Fwp%2Fv2%2Fcomments&post=141375"}],"version-history":[{"count":0,"href":"https:\/\/noticiasbahia360.com.br\/index.php?rest_route=\/wp\/v2\/posts\/141375\/revisions"}],"wp:featuredmedia":[{"embeddable":true,"href":"https:\/\/noticiasbahia360.com.br\/index.php?rest_route=\/wp\/v2\/media\/141376"}],"wp:attachment":[{"href":"https:\/\/noticiasbahia360.com.br\/index.php?rest_route=%2Fwp%2Fv2%2Fmedia&parent=141375"}],"wp:term":[{"taxonomy":"category","embeddable":true,"href":"https:\/\/noticiasbahia360.com.br\/index.php?rest_route=%2Fwp%2Fv2%2Fcategories&post=141375"},{"taxonomy":"post_tag","embeddable":true,"href":"https:\/\/noticiasbahia360.com.br\/index.php?rest_route=%2Fwp%2Fv2%2Ftags&post=141375"}],"curies":[{"name":"wp","href":"https:\/\/api.w.org\/{rel}","templated":true}]}}