{"id":141404,"date":"2026-07-16T22:00:37","date_gmt":"2026-07-17T01:00:37","guid":{"rendered":"https:\/\/noticiasbahia360.com.br\/?p=141404"},"modified":"2026-07-16T22:00:37","modified_gmt":"2026-07-17T01:00:37","slug":"tcm-aprova-contas-do-ex-prefeito-colbert-martins-de-2024","status":"publish","type":"post","link":"https:\/\/noticiasbahia360.com.br\/?p=141404","title":{"rendered":"TCM aprova contas do ex-prefeito Colbert Martins de 2024"},"content":{"rendered":"<div>\n<div>\n<figure><img decoding=\"async\" src=\"http:\/\/noticiasbahia360.com.br\/wp-content\/uploads\/2026\/07\/Ex-prefeito-de-Feira-de-Santana-Colbert-Martins-Foto-Iasmim-Santos-Acorda-Cidade-.jpg\" alt=\"Ex-prefeito de Feira de Santana - Colbert Martins - - indica Renova\u00e7\u00e3o - Foto - Iasmim Santos - Acorda Cidade\"><figcaption>Foto: Iasmim Santos\/Acorda Cidade<\/figcaption><\/figure>\n<\/div>\n<p>As contas da Prefeitura de Feira de Santana referentes ao exerc\u00edcio de 2024, de responsabilidade do ex-prefeito Colbert Martins, foram aprovadas na manh\u00e3 desta quinta-feira (16) pelo Tribunal de Contas dos Munic\u00edpios (TCM). O processo teve como relator o conselheiro, Paulo Rangel, cujo voto favor\u00e1vel foi acompanhado pelo plen\u00e1rio da Corte.\u00a0<\/p>\n<p>A aprova\u00e7\u00e3o mant\u00e9m o hist\u00f3rico de pareceres favor\u00e1veis obtidos por Colbert Martins durante sua gest\u00e3o \u00e0 frente da Prefeitura de Feira de Santana. Nos exerc\u00edcios anteriores analisados pelo TCM, as contas do ex-prefeito tamb\u00e9m receberam parecer pr\u00e9vio pela aprova\u00e7\u00e3o, em alguns casos com ressalvas e recomenda\u00e7\u00f5es voltadas ao aperfei\u00e7oamento da gest\u00e3o administrativa e fiscal.<\/p>\n<p>Fora da Prefeitura desde o in\u00edcio desde 2025, Colbert Martins j\u00e1 se movimenta para disputar as elei\u00e7\u00f5es de 2026 e \u00e9 pr\u00e9-candidato a deputado estadual pelo PSDB. A aprova\u00e7\u00e3o das contas de 2024 fortalece seu hist\u00f3rico administrativo \u00e0s v\u00e9speras da disputa por uma vaga na Assembleia Legislativa da Bahia (Alba). <\/p>\n<p><em>As informa\u00e7\u00f5es s\u00e3o do Blog Bahia Na Pol\u00edtica.<\/em><\/p>\n<p><em>Siga o Acorda Cidade no\u00a0<\/em><a href=\"https:\/\/news.google.com\/search?q=acorda%20cidade&amp;hl=pt-BR&amp;gl=BR&amp;ceid=BR%3Apt-419\"><strong><em>Google Not\u00edcias<\/em><\/strong><\/a><em>\u00a0e receba os principais destaques do dia. Participe tamb\u00e9m dos nossos canais no\u00a0<\/em><a href=\"https:\/\/www.whatsapp.com\/channel\/0029Va6Rb4v3WHTNnsh8WI3N\"><strong><em>WhatsApp<\/em><\/strong><\/a><em>\u00a0e\u00a0<\/em><a href=\"https:\/\/www.youtube.com\/@acordacidadenoticias\/videos\"><strong>YouTube<\/strong><\/a><em>\u00a0e grupo de\u00a0<\/em><a href=\"https:\/\/t.me\/+sSz0khrgARA0ZmRh\"><strong><em>Telegram<\/em><\/strong><\/a><em>.<\/em><\/p>\n<\/div>\n","protected":false},"excerpt":{"rendered":"<p>Foto: Iasmim Santos\/Acorda Cidade As contas da Prefeitura de Feira de Santana referentes ao exerc\u00edcio<\/p>\n","protected":false},"author":1,"featured_media":141405,"comment_status":"closed","ping_status":"closed","sticky":false,"template":"","format":"gallery","meta":{"footnotes":""},"categories":[8,9,6,57,56,10],"tags":[],"class_list":["post-141404","post","type-post","status-publish","format-gallery","has-post-thumbnail","hentry","category-bahia","category-brasil","category-feira-de-santana","category-mundo","category-policia","category-politica","post_format-post-format-gallery"],"featured_image_urls":{"full":["https:\/\/noticiasbahia360.com.br\/wp-content\/uploads\/2026\/07\/Ex-prefeito-de-Feira-de-Santana-Colbert-Martins-Foto-Iasmim-Santos-Acorda-Cidade-.jpg",1200,900,false],"thumbnail":["https:\/\/noticiasbahia360.com.br\/wp-content\/uploads\/2026\/07\/Ex-prefeito-de-Feira-de-Santana-Colbert-Martins-Foto-Iasmim-Santos-Acorda-Cidade--150x150.jpg",150,150,true],"medium":["https:\/\/noticiasbahia360.com.br\/wp-content\/uploads\/2026\/07\/Ex-prefeito-de-Feira-de-Santana-Colbert-Martins-Foto-Iasmim-Santos-Acorda-Cidade--300x225.jpg",300,225,true],"medium_large":["https:\/\/noticiasbahia360.com.br\/wp-content\/uploads\/2026\/07\/Ex-prefeito-de-Feira-de-Santana-Colbert-Martins-Foto-Iasmim-Santos-Acorda-Cidade--768x576.jpg",640,480,true],"large":["https:\/\/noticiasbahia360.com.br\/wp-content\/uploads\/2026\/07\/Ex-prefeito-de-Feira-de-Santana-Colbert-Martins-Foto-Iasmim-Santos-Acorda-Cidade--1024x768.jpg",640,480,true],"1536x1536":["https:\/\/noticiasbahia360.com.br\/wp-content\/uploads\/2026\/07\/Ex-prefeito-de-Feira-de-Santana-Colbert-Martins-Foto-Iasmim-Santos-Acorda-Cidade-.jpg",1200,900,false],"2048x2048":["https:\/\/noticiasbahia360.com.br\/wp-content\/uploads\/2026\/07\/Ex-prefeito-de-Feira-de-Santana-Colbert-Martins-Foto-Iasmim-Santos-Acorda-Cidade-.jpg",1200,900,false],"chromenews-featured":["https:\/\/noticiasbahia360.com.br\/wp-content\/uploads\/2026\/07\/Ex-prefeito-de-Feira-de-Santana-Colbert-Martins-Foto-Iasmim-Santos-Acorda-Cidade--1024x768.jpg",1024,768,true],"chromenews-large":["https:\/\/noticiasbahia360.com.br\/wp-content\/uploads\/2026\/07\/Ex-prefeito-de-Feira-de-Santana-Colbert-Martins-Foto-Iasmim-Santos-Acorda-Cidade--825x575.jpg",825,575,true],"chromenews-medium":["https:\/\/noticiasbahia360.com.br\/wp-content\/uploads\/2026\/07\/Ex-prefeito-de-Feira-de-Santana-Colbert-Martins-Foto-Iasmim-Santos-Acorda-Cidade--590x410.jpg",590,410,true]},"author_info":{"display_name":"noticiasbahia360.com.br","author_link":"https:\/\/noticiasbahia360.com.br\/?author=1"},"category_info":"<a href=\"https:\/\/noticiasbahia360.com.br\/?cat=8\" rel=\"category\">Bahia<\/a> <a href=\"https:\/\/noticiasbahia360.com.br\/?cat=9\" rel=\"category\">Brasil<\/a> <a href=\"https:\/\/noticiasbahia360.com.br\/?cat=6\" rel=\"category\">Feira de Santana<\/a> <a href=\"https:\/\/noticiasbahia360.com.br\/?cat=57\" rel=\"category\">Mundo<\/a> <a href=\"https:\/\/noticiasbahia360.com.br\/?cat=56\" rel=\"category\">Pol\u00edcia<\/a> <a href=\"https:\/\/noticiasbahia360.com.br\/?cat=10\" rel=\"category\">Pol\u00edtica<\/a>","tag_info":"Pol\u00edtica","comment_count":"0","_links":{"self":[{"href":"https:\/\/noticiasbahia360.com.br\/index.php?rest_route=\/wp\/v2\/posts\/141404","targetHints":{"allow":["GET"]}}],"collection":[{"href":"https:\/\/noticiasbahia360.com.br\/index.php?rest_route=\/wp\/v2\/posts"}],"about":[{"href":"https:\/\/noticiasbahia360.com.br\/index.php?rest_route=\/wp\/v2\/types\/post"}],"author":[{"embeddable":true,"href":"https:\/\/noticiasbahia360.com.br\/index.php?rest_route=\/wp\/v2\/users\/1"}],"replies":[{"embeddable":true,"href":"https:\/\/noticiasbahia360.com.br\/index.php?rest_route=%2Fwp%2Fv2%2Fcomments&post=141404"}],"version-history":[{"count":0,"href":"https:\/\/noticiasbahia360.com.br\/index.php?rest_route=\/wp\/v2\/posts\/141404\/revisions"}],"wp:featuredmedia":[{"embeddable":true,"href":"https:\/\/noticiasbahia360.com.br\/index.php?rest_route=\/wp\/v2\/media\/141405"}],"wp:attachment":[{"href":"https:\/\/noticiasbahia360.com.br\/index.php?rest_route=%2Fwp%2Fv2%2Fmedia&parent=141404"}],"wp:term":[{"taxonomy":"category","embeddable":true,"href":"https:\/\/noticiasbahia360.com.br\/index.php?rest_route=%2Fwp%2Fv2%2Fcategories&post=141404"},{"taxonomy":"post_tag","embeddable":true,"href":"https:\/\/noticiasbahia360.com.br\/index.php?rest_route=%2Fwp%2Fv2%2Ftags&post=141404"}],"curies":[{"name":"wp","href":"https:\/\/api.w.org\/{rel}","templated":true}]}}