{"id":147854,"date":"2026-08-29T01:01:08","date_gmt":"2026-08-29T04:01:08","guid":{"rendered":"https:\/\/noticiasbahia360.com.br\/?p=147854"},"modified":"2026-08-29T01:01:08","modified_gmt":"2026-08-29T04:01:08","slug":"aos-83-anos-franklin-machado-mantem-producao-de-cordeis-e-relembra-inicio-da-relacao-com-a-literatura-em-feira-de-santana","status":"publish","type":"post","link":"https:\/\/noticiasbahia360.com.br\/?p=147854","title":{"rendered":"Aos 83 anos, Franklin Machado mant\u00e9m produ\u00e7\u00e3o de cord\u00e9is e relembra in\u00edcio da rela\u00e7\u00e3o com a literatura em Feira de Santana"},"content":{"rendered":"<div>\n<div>\n<figure><img decoding=\"async\" src=\"http:\/\/noticiasbahia360.com.br\/wp-content\/uploads\/2026\/08\/Cordelista-Franklin-Machado-Foto-Beatriz-Rosado-Acorda-Cidade.jpg\" alt=\"Cordelista Franklin Machado\"><figcaption>Cordelista Franklin Machado | Foto: Beatriz Rosado\/ Acorda Cidade<\/figcaption><\/figure>\n<\/div>\n<p class=\"wp-block-paragraph\">Aos 83 anos, o cordelista Franklin Machado mant\u00e9m a produ\u00e7\u00e3o de cord\u00e9is e afirma que a atividade faz parte de sua rotina. Presente no Festival Liter\u00e1rio e Cultural de Feira de Santana (Flifs), ele contou ao portal Acorda Cidade, que sua rela\u00e7\u00e3o com a literatura de cordel come\u00e7ou na inf\u00e2ncia, quando acompanhava a m\u00e3e \u00e0 feira em Feira de Santana e ouvia poetas e propagandistas cantando hist\u00f3rias em folhetos como Pav\u00e3o Misterioso e Boi Misterioso, al\u00e9m de anunciar produtos.<\/p>\n<p class=\"wp-block-paragraph\">\u201cEu parava para ouvir, com 6, 7, 8 anos eu ficava embebecido com aquilo. Minha m\u00e3e me puxava: \u201cVamos embora, menino\u201d e tal, porque eu ajudava a carregar a feira, n\u00e9? Mas aquilo ficou impregnado em mim. Quando fiquei mais crescidinho passei a comprar e ler e fui juntando cordel desde esse tempo. As empregadas l\u00e1 de casa tamb\u00e9m liam, os vaqueiros l\u00e1 da fazenda de meu pai e de meu av\u00f4 liam. E fui entrando nesse mundo\u201d, recordou.<\/p>\n<p class=\"wp-block-paragraph\">Formado em Direito e Jornalismo,  o artista manteve a liga\u00e7\u00e3o com as hist\u00f3rias e a linguagem popular. Mais tarde, quando morava em S\u00e3o Paulo, passou a se dedicar profissionalmente \u00e0 poesia de cordel.<\/p>\n<p class=\"wp-block-paragraph\">\u201cO cordel me d\u00e1 vitamina. Eu fa\u00e7o porque gosto e isso me anima\u201d, afirmou Franklin durante entrevista ao Acorda Cidade.<\/p>\n<h2 id=\"h-o-que-inspira-franklin-machado-a-escrever-cordeis\" class=\"wp-block-heading\">O que inspira Franklin Machado a escrever cord\u00e9is?<\/h2>\n<p class=\"wp-block-paragraph\">Franklin Machado contou que sua inspira\u00e7\u00e3o para os cord\u00e9is pode surgir de diferentes situa\u00e7\u00f5es. Ele destacou que j\u00e1 escreveu sobre acontecimentos reais, personagens, hist\u00f3rias criadas por ele e temas relacionados ao folclore.<\/p>\n<p class=\"wp-block-paragraph\">Entre os exemplos citados est\u00e1 um cordel sobre um crime ocorrido em Salvador, envolvendo um homem identificado por ele como Marcelinho, que matou os pais. Tamb\u00e9m escreveu sobre um boi de Baixa Grande que atacava caminh\u00f5es na estrada e matou uma fam\u00edlia.<\/p>\n<p class=\"wp-block-paragraph\">Outra fonte de inspira\u00e7\u00e3o s\u00e3o as hist\u00f3rias criadas pelo pr\u00f3prio cordelista. Franklin criou, por exemplo, a narrativa de um jumento que virou gente, que posteriormente virou santo e chegou ao c\u00e9u. O personagem ganhou outras hist\u00f3rias em sequ\u00eancia, incluindo uma sobre um suposto milagre no Par\u00e1.<\/p>\n<p class=\"wp-block-paragraph\">\u201cA inspira\u00e7\u00e3o \u00e9 variada. Por exemplo, voc\u00ea pode escrever sobre um crime b\u00e1rbaro, como por exemplo eu escrevi de Marcelinho, que matou o pai e a m\u00e3e em Salvador. Pode escrever sobre um boi na Baixa Grande que atacava at\u00e9 caminh\u00e3o na estrada e matou uma fam\u00edlia\u2026 Como voc\u00ea pode criar tamb\u00e9m hist\u00f3ria. Criei uma hist\u00f3ria de um jumento que virou gente e vendeu tudo numa romaria do Cear\u00e1. Quando esses folhetos fazem sucesso, a gente faz continua\u00e7\u00e3o. A\u00ed da hist\u00f3ria do jumento que virou gente, ele virou santo e fiz a chegada dele no c\u00e9u. Fiz tamb\u00e9m o milagre desse S\u00e3o Jumento no Par\u00e1\u201d, recordou.<\/p>\n<p class=\"wp-block-paragraph\">O cordelista tamb\u00e9m transforma hist\u00f3rias e situa\u00e7\u00f5es do cotidiano em folhetos. Ele contou que, em Feira de Santana, havia um bar no Beco do Moc\u00f3 que funcionava como uma esp\u00e9cie de farm\u00e1cia e vendia cacha\u00e7a com folhas, anunciada como solu\u00e7\u00e3o para problemas como gastrite, asma e bronquite.<\/p>\n<p class=\"wp-block-paragraph\">A hist\u00f3ria deu origem ao folheto \u201cReceitas de cacha\u00e7a com folha para curar toda doen\u00e7a\u201d, que, segundo Franklin, teve os exemplares esgotados.<\/p>\n<p class=\"wp-block-paragraph\">Entre outras produ\u00e7\u00f5es citadas por ele est\u00e3o A Lenda do Bode, uma hist\u00f3ria sobre Mestre Muritiba da capoeira e uma obra sobre Luiz Gonzaga.<\/p>\n<p class=\"wp-block-paragraph\">\u201cA gente tem um manancial imenso n\u00e3o s\u00f3 de voc\u00ea criar hist\u00f3ria, como voc\u00ea tamb\u00e9m romancear um fato que aconteceu\u201d, explicou.<\/p>\n<h2 id=\"h-cordel-ainda-atrai-criancas-e-jovens\" class=\"wp-block-heading\">Cordel ainda atrai crian\u00e7as e jovens<\/h2>\n<p class=\"wp-block-paragraph\">Para Franklin Machado, a literatura de cordel continua despertando o interesse do p\u00fablico infantil. Durante a participa\u00e7\u00e3o no Flifs, ele contou que vendeu folhetos para crian\u00e7as de 8, de10 anos.<\/p>\n<p class=\"wp-block-paragraph\">O cordelista tamb\u00e9m produz obras destinadas ao p\u00fablico infantil, incluindo hist\u00f3rias baseadas em contos do folclore, f\u00e1bulas e narrativas criadas por ele.<\/p>\n<p class=\"wp-block-paragraph\">Entre os trabalhos citados est\u00e1 \u201cPatinho Lindo\u201d, criado a partir da hist\u00f3ria conhecida como \u201cPatinho Feio\u201d. Franklin tamb\u00e9m mencionou F\u00e1bulas de Esopo, incluindo uma hist\u00f3ria sobre um ratinho que consegue se livrar de um gato.<\/p>\n<p class=\"wp-block-paragraph\">O folclore brasileiro aparece em outros trabalhos, como \u201cO casamento da raposa com o cachorro\u201d e \u201cDia de chuva com sol\u201d.<br \/>Franklin tamb\u00e9m transforma hist\u00f3rias reais da fam\u00edlia em cordel. Um dos exemplos \u00e9 \u201cO carneiro paulada que matou at\u00e9 boi\u201d, baseado em um carneiro que pertencia ao av\u00f4 dele, em Mundo Novo.<\/p>\n<p class=\"wp-block-paragraph\">Entre os trabalhos mais recentes, Franklin citou uma hist\u00f3ria inspirada em um personagem da regi\u00e3o do Rio Gungugi, apresentado em um livro de um baiano que vivia em S\u00e3o Paulo. A obra re\u00fane o personagem Z\u00e9 Batalha e figuras do folclore brasileiro, como o Saci e a Curupira.<\/p>\n<p class=\"wp-block-paragraph\"><em>Com informa\u00e7\u00f5es da estudante de jornalismo Beatriz Rosado<\/em><\/p>\n<p class=\"wp-block-paragraph\"><em>Siga o Acorda Cidade no<\/em><a href=\"https:\/\/news.google.com\/search?q=acorda%20cidade&amp;hl=pt-BR&amp;gl=BR&amp;ceid=BR%3Apt-419\"><strong><em>\u00a0Google Not\u00edcias<\/em><\/strong><\/a><em>\u00a0e receba os principais destaques do dia. Participe tamb\u00e9m dos nossos canais no\u00a0<\/em><a href=\"https:\/\/www.whatsapp.com\/channel\/0029Va6Rb4v3WHTNnsh8WI3N\"><strong><em>WhatsApp<\/em><\/strong><\/a><em>\u00a0e\u00a0<\/em><a href=\"https:\/\/www.youtube.com\/@acordacidadenoticias\/videos\"><strong>YouTube<\/strong><\/a><em>\u00a0e grupo de\u00a0<\/em><a href=\"https:\/\/t.me\/+sSz0khrgARA0ZmRh\"><strong><em>Telegram<\/em><\/strong><\/a><em>.<\/em><\/p>\n<\/div>\n","protected":false},"excerpt":{"rendered":"<p>Cordelista Franklin Machado | Foto: Beatriz Rosado\/ Acorda Cidade Aos 83 anos, o cordelista Franklin<\/p>\n","protected":false},"author":1,"featured_media":147855,"comment_status":"closed","ping_status":"closed","sticky":false,"template":"","format":"gallery","meta":{"footnotes":""},"categories":[8,9,6,57,56,10],"tags":[],"class_list":["post-147854","post","type-post","status-publish","format-gallery","has-post-thumbnail","hentry","category-bahia","category-brasil","category-feira-de-santana","category-mundo","category-policia","category-politica","post_format-post-format-gallery"],"featured_image_urls":{"full":["https:\/\/noticiasbahia360.com.br\/wp-content\/uploads\/2026\/08\/Cordelista-Franklin-Machado-Foto-Beatriz-Rosado-Acorda-Cidade.jpg",1200,675,false],"thumbnail":["https:\/\/noticiasbahia360.com.br\/wp-content\/uploads\/2026\/08\/Cordelista-Franklin-Machado-Foto-Beatriz-Rosado-Acorda-Cidade-150x150.jpg",150,150,true],"medium":["https:\/\/noticiasbahia360.com.br\/wp-content\/uploads\/2026\/08\/Cordelista-Franklin-Machado-Foto-Beatriz-Rosado-Acorda-Cidade-300x169.jpg",300,169,true],"medium_large":["https:\/\/noticiasbahia360.com.br\/wp-content\/uploads\/2026\/08\/Cordelista-Franklin-Machado-Foto-Beatriz-Rosado-Acorda-Cidade-768x432.jpg",640,360,true],"large":["https:\/\/noticiasbahia360.com.br\/wp-content\/uploads\/2026\/08\/Cordelista-Franklin-Machado-Foto-Beatriz-Rosado-Acorda-Cidade-1024x576.jpg",640,360,true],"1536x1536":["https:\/\/noticiasbahia360.com.br\/wp-content\/uploads\/2026\/08\/Cordelista-Franklin-Machado-Foto-Beatriz-Rosado-Acorda-Cidade.jpg",1200,675,false],"2048x2048":["https:\/\/noticiasbahia360.com.br\/wp-content\/uploads\/2026\/08\/Cordelista-Franklin-Machado-Foto-Beatriz-Rosado-Acorda-Cidade.jpg",1200,675,false],"chromenews-featured":["https:\/\/noticiasbahia360.com.br\/wp-content\/uploads\/2026\/08\/Cordelista-Franklin-Machado-Foto-Beatriz-Rosado-Acorda-Cidade-1024x576.jpg",1024,576,true],"chromenews-large":["https:\/\/noticiasbahia360.com.br\/wp-content\/uploads\/2026\/08\/Cordelista-Franklin-Machado-Foto-Beatriz-Rosado-Acorda-Cidade-825x575.jpg",825,575,true],"chromenews-medium":["https:\/\/noticiasbahia360.com.br\/wp-content\/uploads\/2026\/08\/Cordelista-Franklin-Machado-Foto-Beatriz-Rosado-Acorda-Cidade-590x410.jpg",590,410,true]},"author_info":{"display_name":"noticiasbahia360.com.br","author_link":"https:\/\/noticiasbahia360.com.br\/?author=1"},"category_info":"<a href=\"https:\/\/noticiasbahia360.com.br\/?cat=8\" rel=\"category\">Bahia<\/a> <a href=\"https:\/\/noticiasbahia360.com.br\/?cat=9\" rel=\"category\">Brasil<\/a> <a href=\"https:\/\/noticiasbahia360.com.br\/?cat=6\" rel=\"category\">Feira de Santana<\/a> <a href=\"https:\/\/noticiasbahia360.com.br\/?cat=57\" rel=\"category\">Mundo<\/a> <a href=\"https:\/\/noticiasbahia360.com.br\/?cat=56\" rel=\"category\">Pol\u00edcia<\/a> <a href=\"https:\/\/noticiasbahia360.com.br\/?cat=10\" rel=\"category\">Pol\u00edtica<\/a>","tag_info":"Pol\u00edtica","comment_count":"0","_links":{"self":[{"href":"https:\/\/noticiasbahia360.com.br\/index.php?rest_route=\/wp\/v2\/posts\/147854","targetHints":{"allow":["GET"]}}],"collection":[{"href":"https:\/\/noticiasbahia360.com.br\/index.php?rest_route=\/wp\/v2\/posts"}],"about":[{"href":"https:\/\/noticiasbahia360.com.br\/index.php?rest_route=\/wp\/v2\/types\/post"}],"author":[{"embeddable":true,"href":"https:\/\/noticiasbahia360.com.br\/index.php?rest_route=\/wp\/v2\/users\/1"}],"replies":[{"embeddable":true,"href":"https:\/\/noticiasbahia360.com.br\/index.php?rest_route=%2Fwp%2Fv2%2Fcomments&post=147854"}],"version-history":[{"count":0,"href":"https:\/\/noticiasbahia360.com.br\/index.php?rest_route=\/wp\/v2\/posts\/147854\/revisions"}],"wp:featuredmedia":[{"embeddable":true,"href":"https:\/\/noticiasbahia360.com.br\/index.php?rest_route=\/wp\/v2\/media\/147855"}],"wp:attachment":[{"href":"https:\/\/noticiasbahia360.com.br\/index.php?rest_route=%2Fwp%2Fv2%2Fmedia&parent=147854"}],"wp:term":[{"taxonomy":"category","embeddable":true,"href":"https:\/\/noticiasbahia360.com.br\/index.php?rest_route=%2Fwp%2Fv2%2Fcategories&post=147854"},{"taxonomy":"post_tag","embeddable":true,"href":"https:\/\/noticiasbahia360.com.br\/index.php?rest_route=%2Fwp%2Fv2%2Ftags&post=147854"}],"curies":[{"name":"wp","href":"https:\/\/api.w.org\/{rel}","templated":true}]}}