{"id":147948,"date":"2026-08-29T20:01:10","date_gmt":"2026-08-29T23:01:10","guid":{"rendered":"https:\/\/noticiasbahia360.com.br\/?p=147948"},"modified":"2026-08-29T20:01:10","modified_gmt":"2026-08-29T23:01:10","slug":"condutor-de-carro-morre-apos-acidente-com-onibus-na-br-116-norte","status":"publish","type":"post","link":"https:\/\/noticiasbahia360.com.br\/?p=147948","title":{"rendered":"Condutor de carro morre ap\u00f3s acidente com \u00f4nibus na BR-116 Norte"},"content":{"rendered":"<div>\n<div>\n<figure><img decoding=\"async\" src=\"http:\/\/noticiasbahia360.com.br\/wp-content\/uploads\/2026\/08\/Condutor-de-carro-morre-apos-acidente-com-onibus-na-BR-116-Norte-Foto-Reproducao-Calila-Noticias.jpg\" alt=\"Condutor de carro morre ap\u00f3s acidente com \u00f4nibus na BR-116 Norte\"><figcaption>Foto: Reprodu\u00e7\u00e3o\/ Calila Not\u00edcias<\/figcaption><\/figure>\n<\/div>\n<p class=\"wp-block-paragraph\">Uma pessoa morreu na manh\u00e3 deste s\u00e1bado (29) ap\u00f3s um acidente envolvendo um carro de passeio e um \u00f4nibus, na BR-116 Norte, no trecho entre os munic\u00edpios de Santa B\u00e1rbara e Serrinha. <\/p>\n<p class=\"wp-block-paragraph\">Segundo informa\u00e7\u00f5es da Pol\u00edcia Rodovi\u00e1ria Federal (PRF), a colis\u00e3o aconteceu por volta das 10h40, no km 373 da rodovia. Em nota, a Pol\u00edcia Civil informou que a v\u00edtima foi identificada como Ezequiel Santos da Silva, de 69 anos.<\/p>\n<p class=\"wp-block-paragraph\">De acordo com informa\u00e7\u00f5es Calila Not\u00edcias, parceiro do Acorda Cidade, o acidente aconteceu  proximidades do local conhecido popularmente como \u201cCurva da Morte\u201d. Ezequiel era o condutor do carro de passeio. Ele resistiu aos ferimentos e morreu ainda no local.<\/p>\n<p class=\"wp-block-paragraph\">At\u00e9 o momento, n\u00e3o h\u00e1 informa\u00e7\u00f5es sobre feridos entre os ocupantes do \u00f4nibus.<\/p>\n<p class=\"wp-block-paragraph\">Equipes da PRF foram acionadas para atender \u00e0 ocorr\u00eancia e ado\u00e7\u00e3o dos procedimentos necess\u00e1rios.<\/p>\n<p class=\"wp-block-paragraph\">As circunst\u00e2ncias que provocaram a colis\u00e3o devem ser apuradas pelas autoridades competentes. N\u00e3o h\u00e1 confirma\u00e7\u00e3o sobre qual dos ve\u00edculos seguia em cada sentido da rodovia ou de que maneira o impacto aconteceu.<\/p>\n<p class=\"wp-block-paragraph\"><em>Siga o Acorda Cidade no\u00a0<\/em><a href=\"https:\/\/news.google.com\/search?q=acorda%20cidade&amp;hl=pt-BR&amp;gl=BR&amp;ceid=BR%3Apt-419\"><strong><em>Google Not\u00edcias<\/em><\/strong><\/a><em>\u00a0e receba os principais destaques do dia. Participe tamb\u00e9m dos nossos canais no\u00a0<\/em><a href=\"https:\/\/www.whatsapp.com\/channel\/0029Va6Rb4v3WHTNnsh8WI3N\"><strong><em>WhatsApp<\/em><\/strong><\/a><em>\u00a0e\u00a0<\/em><a href=\"https:\/\/www.youtube.com\/@acordacidadenoticias\/videos\"><strong>YouTube<\/strong><\/a><em>\u00a0e do grupo no\u00a0<\/em><a href=\"https:\/\/t.me\/+sSz0khrgARA0ZmRh\"><strong><em>Telegram<\/em><\/strong><\/a><em>.<\/em><\/p>\n<\/div>\n","protected":false},"excerpt":{"rendered":"<p>Foto: Reprodu\u00e7\u00e3o\/ Calila Not\u00edcias Uma pessoa morreu na manh\u00e3 deste s\u00e1bado (29) ap\u00f3s um acidente<\/p>\n","protected":false},"author":1,"featured_media":147949,"comment_status":"closed","ping_status":"closed","sticky":false,"template":"","format":"gallery","meta":{"footnotes":""},"categories":[8,9,6,57,56,10],"tags":[],"class_list":["post-147948","post","type-post","status-publish","format-gallery","has-post-thumbnail","hentry","category-bahia","category-brasil","category-feira-de-santana","category-mundo","category-policia","category-politica","post_format-post-format-gallery"],"featured_image_urls":{"full":["https:\/\/noticiasbahia360.com.br\/wp-content\/uploads\/2026\/08\/Condutor-de-carro-morre-apos-acidente-com-onibus-na-BR-116-Norte-Foto-Reproducao-Calila-Noticias.jpg",1200,845,false],"thumbnail":["https:\/\/noticiasbahia360.com.br\/wp-content\/uploads\/2026\/08\/Condutor-de-carro-morre-apos-acidente-com-onibus-na-BR-116-Norte-Foto-Reproducao-Calila-Noticias-150x150.jpg",150,150,true],"medium":["https:\/\/noticiasbahia360.com.br\/wp-content\/uploads\/2026\/08\/Condutor-de-carro-morre-apos-acidente-com-onibus-na-BR-116-Norte-Foto-Reproducao-Calila-Noticias-300x211.jpg",300,211,true],"medium_large":["https:\/\/noticiasbahia360.com.br\/wp-content\/uploads\/2026\/08\/Condutor-de-carro-morre-apos-acidente-com-onibus-na-BR-116-Norte-Foto-Reproducao-Calila-Noticias-768x541.jpg",640,451,true],"large":["https:\/\/noticiasbahia360.com.br\/wp-content\/uploads\/2026\/08\/Condutor-de-carro-morre-apos-acidente-com-onibus-na-BR-116-Norte-Foto-Reproducao-Calila-Noticias-1024x721.jpg",640,451,true],"1536x1536":["https:\/\/noticiasbahia360.com.br\/wp-content\/uploads\/2026\/08\/Condutor-de-carro-morre-apos-acidente-com-onibus-na-BR-116-Norte-Foto-Reproducao-Calila-Noticias.jpg",1200,845,false],"2048x2048":["https:\/\/noticiasbahia360.com.br\/wp-content\/uploads\/2026\/08\/Condutor-de-carro-morre-apos-acidente-com-onibus-na-BR-116-Norte-Foto-Reproducao-Calila-Noticias.jpg",1200,845,false],"chromenews-featured":["https:\/\/noticiasbahia360.com.br\/wp-content\/uploads\/2026\/08\/Condutor-de-carro-morre-apos-acidente-com-onibus-na-BR-116-Norte-Foto-Reproducao-Calila-Noticias-1024x721.jpg",1024,721,true],"chromenews-large":["https:\/\/noticiasbahia360.com.br\/wp-content\/uploads\/2026\/08\/Condutor-de-carro-morre-apos-acidente-com-onibus-na-BR-116-Norte-Foto-Reproducao-Calila-Noticias-825x575.jpg",825,575,true],"chromenews-medium":["https:\/\/noticiasbahia360.com.br\/wp-content\/uploads\/2026\/08\/Condutor-de-carro-morre-apos-acidente-com-onibus-na-BR-116-Norte-Foto-Reproducao-Calila-Noticias-590x410.jpg",590,410,true]},"author_info":{"display_name":"noticiasbahia360.com.br","author_link":"https:\/\/noticiasbahia360.com.br\/?author=1"},"category_info":"<a href=\"https:\/\/noticiasbahia360.com.br\/?cat=8\" rel=\"category\">Bahia<\/a> <a href=\"https:\/\/noticiasbahia360.com.br\/?cat=9\" rel=\"category\">Brasil<\/a> <a href=\"https:\/\/noticiasbahia360.com.br\/?cat=6\" rel=\"category\">Feira de Santana<\/a> <a href=\"https:\/\/noticiasbahia360.com.br\/?cat=57\" rel=\"category\">Mundo<\/a> <a href=\"https:\/\/noticiasbahia360.com.br\/?cat=56\" rel=\"category\">Pol\u00edcia<\/a> <a href=\"https:\/\/noticiasbahia360.com.br\/?cat=10\" rel=\"category\">Pol\u00edtica<\/a>","tag_info":"Pol\u00edtica","comment_count":"0","_links":{"self":[{"href":"https:\/\/noticiasbahia360.com.br\/index.php?rest_route=\/wp\/v2\/posts\/147948","targetHints":{"allow":["GET"]}}],"collection":[{"href":"https:\/\/noticiasbahia360.com.br\/index.php?rest_route=\/wp\/v2\/posts"}],"about":[{"href":"https:\/\/noticiasbahia360.com.br\/index.php?rest_route=\/wp\/v2\/types\/post"}],"author":[{"embeddable":true,"href":"https:\/\/noticiasbahia360.com.br\/index.php?rest_route=\/wp\/v2\/users\/1"}],"replies":[{"embeddable":true,"href":"https:\/\/noticiasbahia360.com.br\/index.php?rest_route=%2Fwp%2Fv2%2Fcomments&post=147948"}],"version-history":[{"count":0,"href":"https:\/\/noticiasbahia360.com.br\/index.php?rest_route=\/wp\/v2\/posts\/147948\/revisions"}],"wp:featuredmedia":[{"embeddable":true,"href":"https:\/\/noticiasbahia360.com.br\/index.php?rest_route=\/wp\/v2\/media\/147949"}],"wp:attachment":[{"href":"https:\/\/noticiasbahia360.com.br\/index.php?rest_route=%2Fwp%2Fv2%2Fmedia&parent=147948"}],"wp:term":[{"taxonomy":"category","embeddable":true,"href":"https:\/\/noticiasbahia360.com.br\/index.php?rest_route=%2Fwp%2Fv2%2Fcategories&post=147948"},{"taxonomy":"post_tag","embeddable":true,"href":"https:\/\/noticiasbahia360.com.br\/index.php?rest_route=%2Fwp%2Fv2%2Ftags&post=147948"}],"curies":[{"name":"wp","href":"https:\/\/api.w.org\/{rel}","templated":true}]}}