{"id":147965,"date":"2026-08-30T07:01:11","date_gmt":"2026-08-30T10:01:11","guid":{"rendered":"https:\/\/noticiasbahia360.com.br\/?p=147965"},"modified":"2026-08-30T07:01:11","modified_gmt":"2026-08-30T10:01:11","slug":"homem-foge-pelo-telhado-e-e-preso-em-almoxarifado-da-prefeitura-durante-operacao-policial","status":"publish","type":"post","link":"https:\/\/noticiasbahia360.com.br\/?p=147965","title":{"rendered":"Homem foge pelo telhado e \u00e9 preso em almoxarifado da prefeitura durante opera\u00e7\u00e3o policial"},"content":{"rendered":"<div>\n<div>\n<figure><img decoding=\"async\" src=\"http:\/\/noticiasbahia360.com.br\/wp-content\/uploads\/2026\/08\/Municipio-de-Anguera_-foto-Reproducao.jpg\" alt=\"\"><figcaption>Foto: Reprodu\u00e7\u00e3o<\/figcaption><\/figure>\n<\/div>\n<p class=\"wp-block-paragraph\">Um homem foi preso em flagrante, na manh\u00e3 desse s\u00e1bado (29), ap\u00f3s fugir pelo telhado de um im\u00f3vel e se esconder no galp\u00e3o do almoxarifado da Prefeitura de Anguera durante uma opera\u00e7\u00e3o da Pol\u00edcia Civil no munic\u00edpio, localizado a cerca de 40 km de Feira de Santana.<\/p>\n<p class=\"wp-block-paragraph\">De acordo com a pol\u00edcia, as equipes fizeram um cerco no local e entraram no im\u00f3vel p\u00fablico, onde o homem foi localizado e preso. Tamb\u00e9m foram apreendidas por\u00e7\u00f5es de coca\u00edna, uma balan\u00e7a de precis\u00e3o e materiais utilizados para embalar drogas.<\/p>\n<p class=\"wp-block-paragraph\">Segundo informa\u00e7\u00f5es do g1, a pris\u00e3o aconteceu durante uma nova etapa da Opera\u00e7\u00e3o Vale da Paz, a\u00e7\u00e3o integrada da Delegacia Territorial de Anguera, e da Delegacia de Repress\u00e3o a Furtos e Roubos de Feira de Santana (DRFR\/Feira), unidade do Departamento Especializado de Investiga\u00e7\u00e3o Criminal (Deic).<\/p>\n<p class=\"wp-block-paragraph\">A opera\u00e7\u00e3o segue com investiga\u00e7\u00f5es e combate ao tr\u00e1fico de drogas e a outros crimes em Anguera. <\/p>\n<p class=\"wp-block-paragraph\">O suspeito foi levado para a unidade policial e autuado por tr\u00e1fico de drogas. Ele permanece \u00e0 disposi\u00e7\u00e3o da Justi\u00e7a.<\/p>\n<p class=\"wp-block-paragraph\"><strong>Leia tamb\u00e9m: <\/strong><a href=\"https:\/\/www.acordacidade.com.br\/policia\/homem-e-preso-por-trafico-e-outro-foge-durante-operacao-policial-em-anguera\/\">Homem \u00e9 preso por tr\u00e1fico e outro foge durante opera\u00e7\u00e3o policial em Anguera<\/a><\/p>\n<p class=\"wp-block-paragraph\"><em>Siga o Acorda Cidade no\u00a0<\/em><a href=\"https:\/\/news.google.com\/search?q=acorda%20cidade&amp;hl=pt-BR&amp;gl=BR&amp;ceid=BR%3Apt-419\"><strong><em>Google Not\u00edcias<\/em><\/strong><\/a><em>\u00a0e receba os principais destaques do dia. Participe tamb\u00e9m dos nossos canais no\u00a0<\/em><a href=\"https:\/\/www.whatsapp.com\/channel\/0029Va6Rb4v3WHTNnsh8WI3N\"><strong><em>WhatsApp<\/em><\/strong><\/a><em>\u00a0e\u00a0<\/em><a href=\"https:\/\/www.youtube.com\/@acordacidadenoticias\/videos\"><strong>YouTube<\/strong><\/a><em>\u00a0e do grupo no\u00a0<\/em><a href=\"https:\/\/t.me\/+sSz0khrgARA0ZmRh\"><strong><em>Telegram<\/em><\/strong><\/a><em>.<\/em><\/p>\n<\/div>\n","protected":false},"excerpt":{"rendered":"<p>Foto: Reprodu\u00e7\u00e3o Um homem foi preso em flagrante, na manh\u00e3 desse s\u00e1bado (29), ap\u00f3s fugir<\/p>\n","protected":false},"author":1,"featured_media":147966,"comment_status":"closed","ping_status":"closed","sticky":false,"template":"","format":"gallery","meta":{"footnotes":""},"categories":[8,9,6,57,56,10],"tags":[],"class_list":["post-147965","post","type-post","status-publish","format-gallery","has-post-thumbnail","hentry","category-bahia","category-brasil","category-feira-de-santana","category-mundo","category-policia","category-politica","post_format-post-format-gallery"],"featured_image_urls":{"full":["https:\/\/noticiasbahia360.com.br\/wp-content\/uploads\/2026\/08\/Municipio-de-Anguera_-foto-Reproducao.jpg",1200,900,false],"thumbnail":["https:\/\/noticiasbahia360.com.br\/wp-content\/uploads\/2026\/08\/Municipio-de-Anguera_-foto-Reproducao-150x150.jpg",150,150,true],"medium":["https:\/\/noticiasbahia360.com.br\/wp-content\/uploads\/2026\/08\/Municipio-de-Anguera_-foto-Reproducao-300x225.jpg",300,225,true],"medium_large":["https:\/\/noticiasbahia360.com.br\/wp-content\/uploads\/2026\/08\/Municipio-de-Anguera_-foto-Reproducao-768x576.jpg",640,480,true],"large":["https:\/\/noticiasbahia360.com.br\/wp-content\/uploads\/2026\/08\/Municipio-de-Anguera_-foto-Reproducao-1024x768.jpg",640,480,true],"1536x1536":["https:\/\/noticiasbahia360.com.br\/wp-content\/uploads\/2026\/08\/Municipio-de-Anguera_-foto-Reproducao.jpg",1200,900,false],"2048x2048":["https:\/\/noticiasbahia360.com.br\/wp-content\/uploads\/2026\/08\/Municipio-de-Anguera_-foto-Reproducao.jpg",1200,900,false],"chromenews-featured":["https:\/\/noticiasbahia360.com.br\/wp-content\/uploads\/2026\/08\/Municipio-de-Anguera_-foto-Reproducao-1024x768.jpg",1024,768,true],"chromenews-large":["https:\/\/noticiasbahia360.com.br\/wp-content\/uploads\/2026\/08\/Municipio-de-Anguera_-foto-Reproducao-825x575.jpg",825,575,true],"chromenews-medium":["https:\/\/noticiasbahia360.com.br\/wp-content\/uploads\/2026\/08\/Municipio-de-Anguera_-foto-Reproducao-590x410.jpg",590,410,true]},"author_info":{"display_name":"noticiasbahia360.com.br","author_link":"https:\/\/noticiasbahia360.com.br\/?author=1"},"category_info":"<a href=\"https:\/\/noticiasbahia360.com.br\/?cat=8\" rel=\"category\">Bahia<\/a> <a href=\"https:\/\/noticiasbahia360.com.br\/?cat=9\" rel=\"category\">Brasil<\/a> <a href=\"https:\/\/noticiasbahia360.com.br\/?cat=6\" rel=\"category\">Feira de Santana<\/a> <a href=\"https:\/\/noticiasbahia360.com.br\/?cat=57\" rel=\"category\">Mundo<\/a> <a href=\"https:\/\/noticiasbahia360.com.br\/?cat=56\" rel=\"category\">Pol\u00edcia<\/a> <a href=\"https:\/\/noticiasbahia360.com.br\/?cat=10\" rel=\"category\">Pol\u00edtica<\/a>","tag_info":"Pol\u00edtica","comment_count":"0","_links":{"self":[{"href":"https:\/\/noticiasbahia360.com.br\/index.php?rest_route=\/wp\/v2\/posts\/147965","targetHints":{"allow":["GET"]}}],"collection":[{"href":"https:\/\/noticiasbahia360.com.br\/index.php?rest_route=\/wp\/v2\/posts"}],"about":[{"href":"https:\/\/noticiasbahia360.com.br\/index.php?rest_route=\/wp\/v2\/types\/post"}],"author":[{"embeddable":true,"href":"https:\/\/noticiasbahia360.com.br\/index.php?rest_route=\/wp\/v2\/users\/1"}],"replies":[{"embeddable":true,"href":"https:\/\/noticiasbahia360.com.br\/index.php?rest_route=%2Fwp%2Fv2%2Fcomments&post=147965"}],"version-history":[{"count":0,"href":"https:\/\/noticiasbahia360.com.br\/index.php?rest_route=\/wp\/v2\/posts\/147965\/revisions"}],"wp:featuredmedia":[{"embeddable":true,"href":"https:\/\/noticiasbahia360.com.br\/index.php?rest_route=\/wp\/v2\/media\/147966"}],"wp:attachment":[{"href":"https:\/\/noticiasbahia360.com.br\/index.php?rest_route=%2Fwp%2Fv2%2Fmedia&parent=147965"}],"wp:term":[{"taxonomy":"category","embeddable":true,"href":"https:\/\/noticiasbahia360.com.br\/index.php?rest_route=%2Fwp%2Fv2%2Fcategories&post=147965"},{"taxonomy":"post_tag","embeddable":true,"href":"https:\/\/noticiasbahia360.com.br\/index.php?rest_route=%2Fwp%2Fv2%2Ftags&post=147965"}],"curies":[{"name":"wp","href":"https:\/\/api.w.org\/{rel}","templated":true}]}}