{"id":147977,"date":"2026-08-30T09:01:16","date_gmt":"2026-08-30T12:01:16","guid":{"rendered":"https:\/\/noticiasbahia360.com.br\/?p=147977"},"modified":"2026-08-30T09:01:16","modified_gmt":"2026-08-30T12:01:16","slug":"pec-do-fim-da-escala-6x1-sera-aprovada-na-proxima-semana-promete-lula","status":"publish","type":"post","link":"https:\/\/noticiasbahia360.com.br\/?p=147977","title":{"rendered":"PEC do fim da escala 6\u00d71 ser\u00e1 aprovada na pr\u00f3xima semana, promete Lula"},"content":{"rendered":"<div>\n<div>\n<figure><img decoding=\"async\" src=\"http:\/\/noticiasbahia360.com.br\/wp-content\/uploads\/2026\/08\/Presidente-Lula-2.jpg\" alt=\"lula - elei\u00e7\u00f5es\"><figcaption>Foto: T\u00e2nia R\u00eago\/Ag\u00eancia Brasil<\/figcaption><\/figure>\n<\/div>\n<p class=\"wp-block-paragraph\">O presidente Luiz In\u00e1cio Lula da Silva (PT) prometeu, neste s\u00e1bado (29), que a Proposta de Emenda \u00e0 Constitui\u00e7\u00e3o (PEC) que acaba com a jornada de trabalho no modelo 6\u00d71 ser\u00e1 aprovada na pr\u00f3xima semana. A declara\u00e7\u00e3o foi feita durante o evento Mulheres com Lula, em Belo Horizonte, Minas Gerais.<\/p>\n<figure class=\"wp-block-embed is-type-rich is-provider-instagram wp-block-embed-instagram\">\n<div class=\"wp-block-embed__wrapper\"><iframe title=\"Instagram frame\" loading=\"lazy\" height=\"628\" class=\"instagram-embed-iframe\" src=\"https:\/\/www.instagram.com\/reel\/Dco2YnyvSnq\/embed\/\" allowtransparency=\"true\" frameborder=\"0\" scrolling=\"no\" onload=\"(function(o){window.instagramIframe = window.instagramIframe || []; window.instagramIframe.push(o);})(this)\" style=\"border: 0px; margin: 0 auto; max-width: 658px; width: calc(100% - 2px); border-radius: 4px; box-shadow: rgba(0, 0, 0, 0.498039) 0px 0px 1px 0px, rgba(0, 0, 0, 0.14902) 0px 1px 10px 0px; display: block; padding: 0px; background: rgb(255, 255, 255);\"><\/iframe><\/div>\n<\/figure>\n<p class=\"wp-block-paragraph\">\u201cDemocracia n\u00e3o \u00e9 o povo ficar de cabe\u00e7a baixa, calado. Democracia \u00e9 o povo de cabe\u00e7a erguida, gritando o que ele deseja e o que ele quer. Portanto, n\u00f3s vamos aprovar, nesta semana, o fim da escala 6\u00d71\u201d, afirmou o presidente. <\/p>\n<p class=\"wp-block-paragraph\">Segundo ele, a mudan\u00e7a permitir\u00e1 que homens e mulheres tenham mais tempo para a fam\u00edlia e lazer, considerando a proposta uma \u201ccoisa sagrada\u201d para o governo.<\/p>\n<p class=\"wp-block-paragraph\">A PEC est\u00e1 em tramita\u00e7\u00e3o na Comiss\u00e3o de Constitui\u00e7\u00e3o, Justi\u00e7a e Cidadania (CCJ) do Senado e deve ser analisada na pr\u00f3xima quarta-feira (2). Para ser aprovada, necessita de 49 votos favor\u00e1veis em dois turnos no Plen\u00e1rio.<\/p>\n<p class=\"wp-block-paragraph\">Al\u00e9m disso, Lula reafirmou seu compromisso com a soberania brasileira, afirmando que, enquanto for presidente, \u201cnenhum governo estrangeiro meter\u00e1 o bedelho nesse pa\u00eds\u201d. Ele se comprometeu a trabalhar para que o Brasil seja visto como um pa\u00eds \u201cdesenvolvido\u201d e a melhorar a educa\u00e7\u00e3o e remunera\u00e7\u00e3o da juventude.<\/p>\n<p class=\"wp-block-paragraph\">O evento contou com a presen\u00e7a da primeira-dama Janja Lula da Silva, das candidatas ao Senado por Minas Gerais, Mar\u00edlia Campos (PT) e \u00c1urea Carolina (Psol), e do candidato ao governo do estado, Patrus Ananias (PT). Tamb\u00e9m estiveram presentes a l\u00edder do governo no Senado, Teresa Leit\u00e3o (PT-PE), e v\u00e1rias ministras do governo.<\/p>\n<p class=\"wp-block-paragraph\"><em>Fonte: <a href=\"https:\/\/www.bahianoticias.com.br\/noticia\/320532-lula-promete-aprovacao-do-fim-da-escala-6x1-na-proxima-semana\" target=\"_blank\" rel=\"noreferrer noopener\">Bahia Not\u00edcias<\/a>, parceiro do Acorda Cidade<\/em><\/p>\n<p class=\"wp-block-paragraph\"><strong>Leia tamb\u00e9m: <\/strong><\/p>\n<p class=\"wp-block-paragraph\"><a href=\"https:\/\/www.acordacidade.com.br\/bahia\/salvador\/ato-pelo-fim-da-escala-6x1-reune-olodum-margareth-menezes-e-liderancas-sindicais-em-salvador-neste-domingo-30\/\">Ato pelo fim da escala 6\u00d71 re\u00fane Olodum, Margareth Menezes e lideran\u00e7as sindicais em Salvador neste domingo (30)<\/a><\/p>\n<p class=\"wp-block-paragraph\"><a href=\"https:\/\/www.acordacidade.com.br\/politica\/fim-da-escala-6x1-avanca-no-senado-e-chega-a-ccj-nesta-sexta-21\/\">Fim da escala 6\u00d71 avan\u00e7a no Senado e chega \u00e0 Comiss\u00e3o de Constitui\u00e7\u00e3o e Justi\u00e7a<\/a><\/p>\n<p class=\"wp-block-paragraph\"><em>Siga o Acorda Cidade no\u00a0<\/em><a href=\"https:\/\/news.google.com\/search?q=acorda%20cidade&amp;hl=pt-BR&amp;gl=BR&amp;ceid=BR%3Apt-419\"><strong><em>Google Not\u00edcias<\/em><\/strong><\/a><em>\u00a0e receba os principais destaques do dia. Participe tamb\u00e9m dos nossos canais no\u00a0<\/em><a href=\"https:\/\/www.whatsapp.com\/channel\/0029Va6Rb4v3WHTNnsh8WI3N\"><strong><em>WhatsApp<\/em><\/strong><\/a><em>\u00a0e\u00a0<\/em><a href=\"https:\/\/www.youtube.com\/@acordacidadenoticias\/videos\"><strong>YouTube<\/strong><\/a><em>\u00a0e do grupo no\u00a0<\/em><a href=\"https:\/\/t.me\/+sSz0khrgARA0ZmRh\"><strong><em>Telegram<\/em><\/strong><\/a><em>.<\/em><\/p>\n<\/div>\n","protected":false},"excerpt":{"rendered":"<p>Foto: T\u00e2nia R\u00eago\/Ag\u00eancia Brasil O presidente Luiz In\u00e1cio Lula da Silva (PT) prometeu, neste s\u00e1bado<\/p>\n","protected":false},"author":1,"featured_media":147978,"comment_status":"closed","ping_status":"closed","sticky":false,"template":"","format":"gallery","meta":{"footnotes":""},"categories":[8,9,6,57,56,10],"tags":[],"class_list":["post-147977","post","type-post","status-publish","format-gallery","has-post-thumbnail","hentry","category-bahia","category-brasil","category-feira-de-santana","category-mundo","category-policia","category-politica","post_format-post-format-gallery"],"featured_image_urls":{"full":["https:\/\/noticiasbahia360.com.br\/wp-content\/uploads\/2026\/08\/Presidente-Lula-2.jpg",1200,718,false],"thumbnail":["https:\/\/noticiasbahia360.com.br\/wp-content\/uploads\/2026\/08\/Presidente-Lula-2-150x150.jpg",150,150,true],"medium":["https:\/\/noticiasbahia360.com.br\/wp-content\/uploads\/2026\/08\/Presidente-Lula-2-300x180.jpg",300,180,true],"medium_large":["https:\/\/noticiasbahia360.com.br\/wp-content\/uploads\/2026\/08\/Presidente-Lula-2-768x460.jpg",640,383,true],"large":["https:\/\/noticiasbahia360.com.br\/wp-content\/uploads\/2026\/08\/Presidente-Lula-2-1024x613.jpg",640,383,true],"1536x1536":["https:\/\/noticiasbahia360.com.br\/wp-content\/uploads\/2026\/08\/Presidente-Lula-2.jpg",1200,718,false],"2048x2048":["https:\/\/noticiasbahia360.com.br\/wp-content\/uploads\/2026\/08\/Presidente-Lula-2.jpg",1200,718,false],"chromenews-featured":["https:\/\/noticiasbahia360.com.br\/wp-content\/uploads\/2026\/08\/Presidente-Lula-2-1024x613.jpg",1024,613,true],"chromenews-large":["https:\/\/noticiasbahia360.com.br\/wp-content\/uploads\/2026\/08\/Presidente-Lula-2-825x575.jpg",825,575,true],"chromenews-medium":["https:\/\/noticiasbahia360.com.br\/wp-content\/uploads\/2026\/08\/Presidente-Lula-2-590x410.jpg",590,410,true]},"author_info":{"display_name":"noticiasbahia360.com.br","author_link":"https:\/\/noticiasbahia360.com.br\/?author=1"},"category_info":"<a href=\"https:\/\/noticiasbahia360.com.br\/?cat=8\" rel=\"category\">Bahia<\/a> <a href=\"https:\/\/noticiasbahia360.com.br\/?cat=9\" rel=\"category\">Brasil<\/a> <a href=\"https:\/\/noticiasbahia360.com.br\/?cat=6\" rel=\"category\">Feira de Santana<\/a> <a href=\"https:\/\/noticiasbahia360.com.br\/?cat=57\" rel=\"category\">Mundo<\/a> <a href=\"https:\/\/noticiasbahia360.com.br\/?cat=56\" rel=\"category\">Pol\u00edcia<\/a> <a href=\"https:\/\/noticiasbahia360.com.br\/?cat=10\" rel=\"category\">Pol\u00edtica<\/a>","tag_info":"Pol\u00edtica","comment_count":"0","_links":{"self":[{"href":"https:\/\/noticiasbahia360.com.br\/index.php?rest_route=\/wp\/v2\/posts\/147977","targetHints":{"allow":["GET"]}}],"collection":[{"href":"https:\/\/noticiasbahia360.com.br\/index.php?rest_route=\/wp\/v2\/posts"}],"about":[{"href":"https:\/\/noticiasbahia360.com.br\/index.php?rest_route=\/wp\/v2\/types\/post"}],"author":[{"embeddable":true,"href":"https:\/\/noticiasbahia360.com.br\/index.php?rest_route=\/wp\/v2\/users\/1"}],"replies":[{"embeddable":true,"href":"https:\/\/noticiasbahia360.com.br\/index.php?rest_route=%2Fwp%2Fv2%2Fcomments&post=147977"}],"version-history":[{"count":0,"href":"https:\/\/noticiasbahia360.com.br\/index.php?rest_route=\/wp\/v2\/posts\/147977\/revisions"}],"wp:featuredmedia":[{"embeddable":true,"href":"https:\/\/noticiasbahia360.com.br\/index.php?rest_route=\/wp\/v2\/media\/147978"}],"wp:attachment":[{"href":"https:\/\/noticiasbahia360.com.br\/index.php?rest_route=%2Fwp%2Fv2%2Fmedia&parent=147977"}],"wp:term":[{"taxonomy":"category","embeddable":true,"href":"https:\/\/noticiasbahia360.com.br\/index.php?rest_route=%2Fwp%2Fv2%2Fcategories&post=147977"},{"taxonomy":"post_tag","embeddable":true,"href":"https:\/\/noticiasbahia360.com.br\/index.php?rest_route=%2Fwp%2Fv2%2Ftags&post=147977"}],"curies":[{"name":"wp","href":"https:\/\/api.w.org\/{rel}","templated":true}]}}