{"id":147992,"date":"2026-08-30T11:01:40","date_gmt":"2026-08-30T14:01:40","guid":{"rendered":"https:\/\/noticiasbahia360.com.br\/?p=147992"},"modified":"2026-08-30T11:01:40","modified_gmt":"2026-08-30T14:01:40","slug":"suspeito-de-estupro-de-vulneravel-e-preso-apos-atrair-crianca-de-9-anos-com-agua-de-coco-e-rabiola-para-pipa","status":"publish","type":"post","link":"https:\/\/noticiasbahia360.com.br\/?p=147992","title":{"rendered":"Suspeito de estupro de vulner\u00e1vel \u00e9 preso ap\u00f3s atrair crian\u00e7a de 9 anos com \u00e1gua de coco e rabiola para pipa"},"content":{"rendered":"<div>\n<div>\n<figure><img decoding=\"async\" src=\"http:\/\/noticiasbahia360.com.br\/wp-content\/uploads\/2026\/08\/Policia-Militar-Foto-Reproducao-Radar-News.jpg\" alt=\"Pol\u00edcia Militar\"><figcaption>Foto: Reprodu\u00e7\u00e3o\/ Radar News<\/figcaption><\/figure>\n<\/div>\n<p class=\"wp-block-paragraph\">Um homem, de 37 anos, foi preso em flagrante por suspeita de estupro de vulner\u00e1vel em Eun\u00e1polis, no extremo sul da Bahia. O caso aconteceu na manh\u00e3 da \u00faltima quinta-feira (27), no bairro Alto da Boa Vista. <\/p>\n<p class=\"wp-block-paragraph\">Segundo informa\u00e7\u00e3o do Radar News, parceiro do Acorda Cidade, o suspeito teria atra\u00eddo a v\u00edtima, de 9 anos, para dentro de casa, enquanto a crian\u00e7a soltava pipa na rua. <\/p>\n<p class=\"wp-block-paragraph\">Oferecendo \u00e1gua de coco e uma rabiola maior para a pipa, o homem convidou a v\u00edtima para entrar na casa, onde teria tamb\u00e9m oferecido uma massagem e ent\u00e3o, cometido o abuso sexual. <\/p>\n<p class=\"wp-block-paragraph\">O suspeito tentou subornar a v\u00edtima, entregando R$ 10 para que o menino n\u00e3o contasse sobre o crime. Como a crian\u00e7a recusou o valor, o suspeito subiu a quantia para R$ 20.<\/p>\n<p class=\"wp-block-paragraph\">Ap\u00f3s o fato, o menino saiu correndo da casa e procurou a av\u00f3. A m\u00e3e da v\u00edtima foi informada e acionou a pol\u00edcia. <\/p>\n<p class=\"wp-block-paragraph\">Uma equipe da Pol\u00edcia Militar, ao chegar no local, encontrou o suspeito dentro do im\u00f3vel. Ele foi preso e encaminhado \u00e0 Delegacia Territorial de Eun\u00e1polis, onde foi autuado em flagrante por estupro de vulner\u00e1vel.<\/p>\n<p class=\"wp-block-paragraph\"><em>Siga o Acorda Cidade no\u00a0<\/em><a href=\"https:\/\/news.google.com\/search?q=acorda%20cidade&amp;hl=pt-BR&amp;gl=BR&amp;ceid=BR%3Apt-419\"><strong><em>Google Not\u00edcias<\/em><\/strong><\/a><em>\u00a0e receba os principais destaques do dia. Participe tamb\u00e9m dos nossos canais no\u00a0<\/em><a href=\"https:\/\/whatsapp.com\/channel\/0029Va6Rb4v3WHTNnsh8WI3N\"><strong><em>WhatsApp<\/em><\/strong><\/a><em>\u00a0e\u00a0<\/em><a href=\"https:\/\/www.youtube.com\/@acordacidadenoticias\/videos\"><strong>YouTube<\/strong><\/a><em>\u00a0e do grupo no\u00a0<\/em><a href=\"https:\/\/t.me\/+sSz0khrgARA0ZmRh\"><strong><em>Telegram<\/em><\/strong><\/a><em>.<\/em><\/p>\n<\/div>\n","protected":false},"excerpt":{"rendered":"<p>Foto: Reprodu\u00e7\u00e3o\/ Radar News Um homem, de 37 anos, foi preso em flagrante por suspeita<\/p>\n","protected":false},"author":1,"featured_media":147993,"comment_status":"closed","ping_status":"closed","sticky":false,"template":"","format":"gallery","meta":{"footnotes":""},"categories":[8,9,6,57,56,10],"tags":[],"class_list":["post-147992","post","type-post","status-publish","format-gallery","has-post-thumbnail","hentry","category-bahia","category-brasil","category-feira-de-santana","category-mundo","category-policia","category-politica","post_format-post-format-gallery"],"featured_image_urls":{"full":["https:\/\/noticiasbahia360.com.br\/wp-content\/uploads\/2026\/08\/Policia-Militar-Foto-Reproducao-Radar-News.jpg",1200,785,false],"thumbnail":["https:\/\/noticiasbahia360.com.br\/wp-content\/uploads\/2026\/08\/Policia-Militar-Foto-Reproducao-Radar-News-150x150.jpg",150,150,true],"medium":["https:\/\/noticiasbahia360.com.br\/wp-content\/uploads\/2026\/08\/Policia-Militar-Foto-Reproducao-Radar-News-300x196.jpg",300,196,true],"medium_large":["https:\/\/noticiasbahia360.com.br\/wp-content\/uploads\/2026\/08\/Policia-Militar-Foto-Reproducao-Radar-News-768x502.jpg",640,418,true],"large":["https:\/\/noticiasbahia360.com.br\/wp-content\/uploads\/2026\/08\/Policia-Militar-Foto-Reproducao-Radar-News-1024x670.jpg",640,419,true],"1536x1536":["https:\/\/noticiasbahia360.com.br\/wp-content\/uploads\/2026\/08\/Policia-Militar-Foto-Reproducao-Radar-News.jpg",1200,785,false],"2048x2048":["https:\/\/noticiasbahia360.com.br\/wp-content\/uploads\/2026\/08\/Policia-Militar-Foto-Reproducao-Radar-News.jpg",1200,785,false],"chromenews-featured":["https:\/\/noticiasbahia360.com.br\/wp-content\/uploads\/2026\/08\/Policia-Militar-Foto-Reproducao-Radar-News-1024x670.jpg",1024,670,true],"chromenews-large":["https:\/\/noticiasbahia360.com.br\/wp-content\/uploads\/2026\/08\/Policia-Militar-Foto-Reproducao-Radar-News-825x575.jpg",825,575,true],"chromenews-medium":["https:\/\/noticiasbahia360.com.br\/wp-content\/uploads\/2026\/08\/Policia-Militar-Foto-Reproducao-Radar-News-590x410.jpg",590,410,true]},"author_info":{"display_name":"noticiasbahia360.com.br","author_link":"https:\/\/noticiasbahia360.com.br\/?author=1"},"category_info":"<a href=\"https:\/\/noticiasbahia360.com.br\/?cat=8\" rel=\"category\">Bahia<\/a> <a href=\"https:\/\/noticiasbahia360.com.br\/?cat=9\" rel=\"category\">Brasil<\/a> <a href=\"https:\/\/noticiasbahia360.com.br\/?cat=6\" rel=\"category\">Feira de Santana<\/a> <a href=\"https:\/\/noticiasbahia360.com.br\/?cat=57\" rel=\"category\">Mundo<\/a> <a href=\"https:\/\/noticiasbahia360.com.br\/?cat=56\" rel=\"category\">Pol\u00edcia<\/a> <a href=\"https:\/\/noticiasbahia360.com.br\/?cat=10\" rel=\"category\">Pol\u00edtica<\/a>","tag_info":"Pol\u00edtica","comment_count":"0","_links":{"self":[{"href":"https:\/\/noticiasbahia360.com.br\/index.php?rest_route=\/wp\/v2\/posts\/147992","targetHints":{"allow":["GET"]}}],"collection":[{"href":"https:\/\/noticiasbahia360.com.br\/index.php?rest_route=\/wp\/v2\/posts"}],"about":[{"href":"https:\/\/noticiasbahia360.com.br\/index.php?rest_route=\/wp\/v2\/types\/post"}],"author":[{"embeddable":true,"href":"https:\/\/noticiasbahia360.com.br\/index.php?rest_route=\/wp\/v2\/users\/1"}],"replies":[{"embeddable":true,"href":"https:\/\/noticiasbahia360.com.br\/index.php?rest_route=%2Fwp%2Fv2%2Fcomments&post=147992"}],"version-history":[{"count":0,"href":"https:\/\/noticiasbahia360.com.br\/index.php?rest_route=\/wp\/v2\/posts\/147992\/revisions"}],"wp:featuredmedia":[{"embeddable":true,"href":"https:\/\/noticiasbahia360.com.br\/index.php?rest_route=\/wp\/v2\/media\/147993"}],"wp:attachment":[{"href":"https:\/\/noticiasbahia360.com.br\/index.php?rest_route=%2Fwp%2Fv2%2Fmedia&parent=147992"}],"wp:term":[{"taxonomy":"category","embeddable":true,"href":"https:\/\/noticiasbahia360.com.br\/index.php?rest_route=%2Fwp%2Fv2%2Fcategories&post=147992"},{"taxonomy":"post_tag","embeddable":true,"href":"https:\/\/noticiasbahia360.com.br\/index.php?rest_route=%2Fwp%2Fv2%2Ftags&post=147992"}],"curies":[{"name":"wp","href":"https:\/\/api.w.org\/{rel}","templated":true}]}}