{"id":147996,"date":"2026-08-30T12:07:07","date_gmt":"2026-08-30T15:07:07","guid":{"rendered":"https:\/\/noticiasbahia360.com.br\/?p=147996"},"modified":"2026-08-30T12:07:07","modified_gmt":"2026-08-30T15:07:07","slug":"prazo-para-renegociar-dividas-no-novo-desenrola-brasil-termina-nesta-segunda-31","status":"publish","type":"post","link":"https:\/\/noticiasbahia360.com.br\/?p=147996","title":{"rendered":"Prazo para renegociar d\u00edvidas no Novo Desenrola Brasil termina nesta segunda (31)"},"content":{"rendered":"<div>\n<div>\n<figure><img decoding=\"async\" src=\"http:\/\/noticiasbahia360.com.br\/wp-content\/uploads\/2026\/08\/Dinheiro-dividas-endividamento-Foto-Reproducao-Magnific-mehaniq-1.jpg\" alt=\"Dinheiro - d\u00edvidas - endividamento\"><figcaption>Foto: Reprodu\u00e7\u00e3o\/ Magnific\/ mehaniq<\/figcaption><\/figure>\n<\/div>\n<p class=\"wp-block-paragraph\">Ag\u00eancia Brasil \u2014 <strong>Prorrogado no in\u00edcio de agosto, o Novo Desenrola Brasil, programa do governo federal voltado \u00e0 renegocia\u00e7\u00e3o de d\u00edvidas banc\u00e1rias, termina na pr\u00f3xima segunda-feira (31).\u00a0<\/strong><img decoding=\"async\" src=\"https:\/\/agenciabrasil.ebc.com.br\/ebc.png?id=1700838&amp;o=node\"><img decoding=\"async\" src=\"https:\/\/agenciabrasil.ebc.com.br\/ebc.gif?id=1700838&amp;o=node\"><\/p>\n<p class=\"wp-block-paragraph\"><strong>A iniciativa permite que pessoas f\u00edsicas com d\u00e9bitos em atraso tenham acesso a descontos e condi\u00e7\u00f5es de pagamento diferenciadas para regularizar a situa\u00e7\u00e3o financeira.<\/strong><\/p>\n<p class=\"wp-block-paragraph\">O programa atende consumidores com renda mensal de at\u00e9 cinco sal\u00e1rios m\u00ednimos, atualmente equivalente a R$ 8.105, e tenham d\u00edvidas contratadas at\u00e9 31 de janeiro de 2026, com atraso entre 91 dias e dois anos.<\/p>\n<p class=\"wp-block-paragraph\"><strong>O prazo, que terminaria em 2 de agosto, foi prorrogado at\u00e9 o fim deste m\u00eas. N\u00e3o h\u00e1 previs\u00e3o de uma nova extens\u00e3o.<\/strong><\/p>\n<p class=\"wp-block-paragraph\">A modalidade voltada \u00e0s fam\u00edlias renegociou, at\u00e9 o in\u00edcio da \u00faltima semana de agosto, cerca de 5,03 milh\u00f5es de d\u00edvidas. Os d\u00e9bitos somavam originalmente R$ 26,33 bilh\u00f5es e, ap\u00f3s os acordos, foram reduzidos para aproximadamente R$ 5,27 bilh\u00f5es.<\/p>\n<h2 id=\"h-quem-pode-participar\" class=\"wp-block-heading\">Quem pode participar<\/h2>\n<p class=\"wp-block-paragraph\"><strong>A modalidade Desenrola Fam\u00edlias \u00e9 destinada a pessoas f\u00edsicas com renda mensal de at\u00e9 cinco sal\u00e1rios m\u00ednimos.\u00a0<\/strong>Al\u00e9m do crit\u00e9rio de renda, a d\u00edvida precisa atender \u00e0s regras do programa.<\/p>\n<p class=\"wp-block-paragraph\">Podem ser inclu\u00eddos d\u00e9bitos:<\/p>\n<ul class=\"wp-block-list\">\n<li>Contratados at\u00e9 31 de janeiro de 2026;<\/li>\n<li>Com atraso entre 91 dias e dois anos;<\/li>\n<li>Registrados em institui\u00e7\u00e3o financeira participante.<\/li>\n<\/ul>\n<p class=\"wp-block-paragraph\">A pr\u00f3pria institui\u00e7\u00e3o financeira verifica se o consumidor e a d\u00edvida atendem aos crit\u00e9rios, utilizando informa\u00e7\u00f5es dispon\u00edveis em seus sistemas e no Sistema de Informa\u00e7\u00f5es de Cr\u00e9dito (SCR) do Banco Central.<\/p>\n<h2 id=\"h-quais-dividas-entram\" class=\"wp-block-heading\">Quais d\u00edvidas entram<\/h2>\n<p class=\"wp-block-paragraph\">O programa contempla modalidades de cr\u00e9dito que costumam apresentar taxas de juros elevadas. Entre as opera\u00e7\u00f5es que podem ser renegociadas est\u00e3o:<\/p>\n<ul class=\"wp-block-list\">\n<li>Cart\u00e3o de cr\u00e9dito rotativo ou parcelado;<\/li>\n<li>Cheque especial;<\/li>\n<li>Cr\u00e9dito pessoal sem consigna\u00e7\u00e3o em folha;<\/li>\n<li>Empr\u00e9stimos pessoais utilizados para consolidar outras d\u00edvidas.<\/li>\n<\/ul>\n<p class=\"wp-block-paragraph\">A inclus\u00e3o do d\u00e9bito, por\u00e9m, depende da an\u00e1lise e da participa\u00e7\u00e3o da institui\u00e7\u00e3o financeira respons\u00e1vel pela opera\u00e7\u00e3o.<\/p>\n<h2 id=\"h-desconto\" class=\"wp-block-heading\">Desconto<\/h2>\n<p class=\"wp-block-paragraph\"><strong>O percentual de desconto varia conforme o tipo de cr\u00e9dito e o per\u00edodo de atraso.<\/strong>\u00a0Para d\u00edvidas do rotativo do cart\u00e3o de cr\u00e9dito e do cheque especial, os abatimentos podem chegar a 90%.<\/p>\n<figure class=\"wp-block-table\">\n<table class=\"has-fixed-layout\">\n<tbody>\n<tr>\n<td>Tempo de atraso\u2002\u00a0 \u00a0 \u00a0 \u00a0 \u00a0 \u00a0 \u00a0 \u00a0 \u00a0 \u00a0 \u00a0 \u00a0 \u00a0 \u00a0 \u00a0 \u00a0 \u00a0<\/td>\n<td>Cart\u00e3o rotativo e cheque especial (desconto)\u2002<\/td>\n<td>Cr\u00e9dito direto ao consumidor e parcelamento do cart\u00e3o (desconto)<\/td>\n<\/tr>\n<tr>\n<td>91 a 120 dias<\/td>\n<td>40%\u2002<\/td>\n<td>30%<\/td>\n<\/tr>\n<tr>\n<td>121 a 150 dias\u2002\u2002\u2002\u2002\u2002\u2002<\/td>\n<td>45%<\/td>\n<td>35%<\/td>\n<\/tr>\n<tr>\n<td>151 a 180 dias\u2002\u2002\u2002\u2002\u2002\u2002\u2002<\/td>\n<td>50%<\/td>\n<td>40%<\/td>\n<\/tr>\n<tr>\n<td>181 a 240 dias\u2002\u2002\u2002\u2002\u2002\u2002\u2002<\/td>\n<td>55%<\/td>\n<td>45%<\/td>\n<\/tr>\n<tr>\n<td>241 a 300 dias\u2002\u2002\u2002\u2002\u2002\u2002\u2002<\/td>\n<td>70%<\/td>\n<td>60%<\/td>\n<\/tr>\n<tr>\n<td>301 a 360 dias\u2002\u2002\u2002\u2002\u2002\u2002\u2002<\/td>\n<td>85%<\/td>\n<td>75%<\/td>\n<\/tr>\n<tr>\n<td>1 a 2 anos\u2002\u2002\u2002\u2002\u2002<\/td>\n<td>90%<\/td>\n<td>80%<\/td>\n<\/tr>\n<\/tbody>\n<\/table>\n<\/figure>\n<p class=\"wp-block-paragraph\" id=\"h-fonte-ministerio-do-empreendedorismo-da-microempresa-e-da-empresa-de-pequeno-porte\"><em>Fonte: Minist\u00e9rio do Empreendedorismo, da Microempresa e da Empresa de Pequeno Porte<\/em><\/p>\n<p class=\"wp-block-paragraph\">O desconto \u00e9 aplicado sobre a d\u00edvida conforme as regras da opera\u00e7\u00e3o. Dessa forma, nem todos os consumidores ter\u00e3o direito ao abatimento de 90%.<\/p>\n<h2 id=\"h-condicoes\" class=\"wp-block-heading\">Condi\u00e7\u00f5es<\/h2>\n<p class=\"wp-block-paragraph\">Quando a renegocia\u00e7\u00e3o \u00e9 feita por meio de uma nova opera\u00e7\u00e3o de cr\u00e9dito, o programa estabelece condi\u00e7\u00f5es espec\u00edficas:<\/p>\n<ul class=\"wp-block-list\">\n<li>Juros m\u00e1ximos de 1,99% ao m\u00eas;<\/li>\n<li>Prazo de at\u00e9 48 meses;<\/li>\n<li>Parcela m\u00ednima de R$ 50;<\/li>\n<li>Limite de at\u00e9 R$ 15 mil por benefici\u00e1rio em cada institui\u00e7\u00e3o financeira;<\/li>\n<li>Primeira parcela em at\u00e9 35 dias;<\/li>\n<li>Possibilidade de desconto sobre a d\u00edvida original;<\/li>\n<li>Garantia do Fundo Garantidor de Opera\u00e7\u00f5es (FGO).<\/li>\n<\/ul>\n<p class=\"wp-block-paragraph\">Na pr\u00e1tica, o novo cr\u00e9dito substitui os d\u00e9bitos eleg\u00edveis por uma opera\u00e7\u00e3o com condi\u00e7\u00f5es definidas dentro dos limites do programa.<\/p>\n<h2 id=\"h-como-fazer\" class=\"wp-block-heading\">Como fazer<\/h2>\n<p class=\"wp-block-paragraph\">N\u00e3o existe uma plataforma \u00fanica do governo para formalizar a renegocia\u00e7\u00e3o.\u00a0<strong>O consumidor deve procurar diretamente a institui\u00e7\u00e3o financeira onde a d\u00edvida est\u00e1 registrada.<\/strong><\/p>\n<p class=\"wp-block-paragraph\">O atendimento pode ser feito, conforme os canais disponibilizados por cada banco, pelo aplicativo,\u00a0<em>internet banking<\/em>, site, telefone, WhatsApp ou ag\u00eancia f\u00edsica.<\/p>\n<p class=\"wp-block-paragraph\"><strong>Durante a negocia\u00e7\u00e3o, a institui\u00e7\u00e3o informa se o d\u00e9bito \u00e9 eleg\u00edvel e apresenta as condi\u00e7\u00f5es dispon\u00edveis.<\/strong><\/p>\n<p class=\"wp-block-paragraph\">Entre as institui\u00e7\u00f5es que participam da iniciativa est\u00e3o Caixa Econ\u00f4mica Federal, Banco do Brasil, Ita\u00fa, Bradesco, Santander e Nubank.<\/p>\n<h2 id=\"h-nome-sai-do-cadastro\" class=\"wp-block-heading\">Nome sai do cadastro<\/h2>\n<p class=\"wp-block-paragraph\">A retirada da d\u00edvida dos cadastros de inadimplentes n\u00e3o ocorre simplesmente com a assinatura do acordo.<\/p>\n<p class=\"wp-block-paragraph\"><strong>Nas renegocia\u00e7\u00f5es realizadas por meio da nova opera\u00e7\u00e3o de cr\u00e9dito, a institui\u00e7\u00e3o financeira deve providenciar a retirada da d\u00edvida ap\u00f3s o pagamento da primeira parcela.<\/strong><\/p>\n<p class=\"wp-block-paragraph\">O consumidor, portanto, precisa cumprir as condi\u00e7\u00f5es previstas no contrato para manter a regulariza\u00e7\u00e3o.<\/p>\n<h2 id=\"h-fgts-pode-ser-usado\" class=\"wp-block-heading\">FGTS pode ser usado<\/h2>\n<p class=\"wp-block-paragraph\"><strong>Uma das possibilidades previstas no programa \u00e9 usar recursos do Fundo de Garantia do Tempo de Servi\u00e7o (FGTS) para amortizar ou quitar a d\u00edvida renegociada.<\/strong><\/p>\n<p class=\"wp-block-paragraph\">Podem ser usados recursos de contas ativas e inativas, com prioridade para as contas inativas. O trabalhador pode utilizar o valor que for maior entre:<\/p>\n<ul class=\"wp-block-list\">\n<li>At\u00e9 R$ 1 mil; ou<\/li>\n<li>At\u00e9 20% do saldo dispon\u00edvel no FGTS.<\/li>\n<\/ul>\n<p class=\"wp-block-paragraph\">A utiliza\u00e7\u00e3o depende da contrata\u00e7\u00e3o da opera\u00e7\u00e3o e da autoriza\u00e7\u00e3o do trabalhador, al\u00e9m dos procedimentos com a institui\u00e7\u00e3o financeira.<\/p>\n<p class=\"wp-block-paragraph\">Para autorizar o uso do saldo, o trabalhador deve acessar o aplicativo FGTS, consultar o valor dispon\u00edvel e permitir o compartilhamento da quantia com o banco respons\u00e1vel pela d\u00edvida.<\/p>\n<p class=\"wp-block-paragraph\">Depois da autoriza\u00e7\u00e3o, os bancos t\u00eam prazo de at\u00e9 30 dias para formalizar o contrato com a Caixa Econ\u00f4mica Federal, que far\u00e1 a transfer\u00eancia do valor diretamente \u00e0 institui\u00e7\u00e3o financeira.<\/p>\n<h2 id=\"h-banco-e-obrigado-a-renegociar\" class=\"wp-block-heading\">Banco \u00e9 obrigado a renegociar?<\/h2>\n<p class=\"wp-block-paragraph\">N\u00e3o.\u00a0<strong>A participa\u00e7\u00e3o das institui\u00e7\u00f5es financeiras \u00e9 volunt\u00e1ria.<\/strong><\/p>\n<p class=\"wp-block-paragraph\">Mesmo quem atende aos crit\u00e9rios de renda e tem uma d\u00edvida que se enquadra nas regras s\u00f3 poder\u00e1 renegoci\u00e1-la pelo programa se o banco ou financeira respons\u00e1vel tiver aderido \u00e0 iniciativa e oferecer a opera\u00e7\u00e3o.<\/p>\n<h2 id=\"h-e-quem-esta-em-dia\" class=\"wp-block-heading\">E quem est\u00e1 em dia?<\/h2>\n<p class=\"wp-block-paragraph\"><strong>O Novo Desenrola tamb\u00e9m possui uma modalidade diferente para consumidores que n\u00e3o est\u00e3o inadimplentes.<\/strong><\/p>\n<p class=\"wp-block-paragraph\">O Desenrola Adimplente \u00e9 destinado a pessoas que mant\u00eam os pagamentos em dia, mas desejam reduzir o custo de empr\u00e9stimos j\u00e1 contratados. A proposta \u00e9 substituir opera\u00e7\u00f5es mais caras por um novo cr\u00e9dito com condi\u00e7\u00f5es mais favor\u00e1veis antes que o consumidor entre em atraso.<\/p>\n<p class=\"wp-block-paragraph\">O programa tamb\u00e9m contempla regras espec\u00edficas para outros p\u00fablicos, como estudantes com d\u00edvidas do Fundo de Financiamento Estudantil (Fies), produtores rurais e micro e pequenas empresas.<\/p>\n<h2 id=\"h-formalizacao\" class=\"wp-block-heading\">Formaliza\u00e7\u00e3o<\/h2>\n<p class=\"wp-block-paragraph\"><strong>O prazo de 31 de agosto vale para a formaliza\u00e7\u00e3o do acordo, n\u00e3o para a entrada do pedido.<\/strong><\/p>\n<p class=\"wp-block-paragraph\">Como a institui\u00e7\u00e3o financeira precisa verificar a elegibilidade da d\u00edvida e apresentar as condi\u00e7\u00f5es da opera\u00e7\u00e3o, a recomenda\u00e7\u00e3o \u00e9 iniciar o atendimento antes do \u00faltimo dia do prazo.<\/p>\n<p class=\"wp-block-paragraph\">O consumidor tamb\u00e9m deve comparar as condi\u00e7\u00f5es oferecidas, conferir o valor total a ser pago, a taxa de juros, o n\u00famero de parcelas e as consequ\u00eancias de eventual novo atraso antes de concluir a renegocia\u00e7\u00e3o.<\/p>\n<p class=\"wp-block-paragraph\"><em>Siga o Acorda Cidade no\u00a0<\/em><a href=\"https:\/\/news.google.com\/search?q=acorda%20cidade&amp;hl=pt-BR&amp;gl=BR&amp;ceid=BR%3Apt-419\"><strong><em>Google Not\u00edcias<\/em><\/strong><\/a><em>\u00a0e receba os principais destaques do dia. Participe tamb\u00e9m dos nossos canais no\u00a0<\/em><a href=\"https:\/\/www.whatsapp.com\/channel\/0029Va6Rb4v3WHTNnsh8WI3N\"><strong><em>WhatsApp<\/em><\/strong><\/a><em>\u00a0e\u00a0<\/em><a href=\"https:\/\/www.youtube.com\/@acordacidadenoticias\/videos\"><strong>YouTube<\/strong><\/a><em>\u00a0e do grupo no\u00a0<\/em><a href=\"https:\/\/t.me\/+sSz0khrgARA0ZmRh\"><strong><em>Telegram<\/em><\/strong><\/a><em>.<\/em><\/p>\n<\/div>\n","protected":false},"excerpt":{"rendered":"<p>Foto: Reprodu\u00e7\u00e3o\/ Magnific\/ mehaniq Ag\u00eancia Brasil \u2014 Prorrogado no in\u00edcio de agosto, o Novo Desenrola<\/p>\n","protected":false},"author":1,"featured_media":147997,"comment_status":"closed","ping_status":"closed","sticky":false,"template":"","format":"gallery","meta":{"footnotes":""},"categories":[8,9,6,57,56,10],"tags":[],"class_list":["post-147996","post","type-post","status-publish","format-gallery","has-post-thumbnail","hentry","category-bahia","category-brasil","category-feira-de-santana","category-mundo","category-policia","category-politica","post_format-post-format-gallery"],"featured_image_urls":{"full":["https:\/\/noticiasbahia360.com.br\/wp-content\/uploads\/2026\/08\/Dinheiro-dividas-endividamento-Foto-Reproducao-Magnific-mehaniq-1.jpg",1200,678,false],"thumbnail":["https:\/\/noticiasbahia360.com.br\/wp-content\/uploads\/2026\/08\/Dinheiro-dividas-endividamento-Foto-Reproducao-Magnific-mehaniq-1-150x150.jpg",150,150,true],"medium":["https:\/\/noticiasbahia360.com.br\/wp-content\/uploads\/2026\/08\/Dinheiro-dividas-endividamento-Foto-Reproducao-Magnific-mehaniq-1-300x170.jpg",300,170,true],"medium_large":["https:\/\/noticiasbahia360.com.br\/wp-content\/uploads\/2026\/08\/Dinheiro-dividas-endividamento-Foto-Reproducao-Magnific-mehaniq-1-768x434.jpg",640,362,true],"large":["https:\/\/noticiasbahia360.com.br\/wp-content\/uploads\/2026\/08\/Dinheiro-dividas-endividamento-Foto-Reproducao-Magnific-mehaniq-1-1024x579.jpg",640,362,true],"1536x1536":["https:\/\/noticiasbahia360.com.br\/wp-content\/uploads\/2026\/08\/Dinheiro-dividas-endividamento-Foto-Reproducao-Magnific-mehaniq-1.jpg",1200,678,false],"2048x2048":["https:\/\/noticiasbahia360.com.br\/wp-content\/uploads\/2026\/08\/Dinheiro-dividas-endividamento-Foto-Reproducao-Magnific-mehaniq-1.jpg",1200,678,false],"chromenews-featured":["https:\/\/noticiasbahia360.com.br\/wp-content\/uploads\/2026\/08\/Dinheiro-dividas-endividamento-Foto-Reproducao-Magnific-mehaniq-1-1024x579.jpg",1024,579,true],"chromenews-large":["https:\/\/noticiasbahia360.com.br\/wp-content\/uploads\/2026\/08\/Dinheiro-dividas-endividamento-Foto-Reproducao-Magnific-mehaniq-1-825x575.jpg",825,575,true],"chromenews-medium":["https:\/\/noticiasbahia360.com.br\/wp-content\/uploads\/2026\/08\/Dinheiro-dividas-endividamento-Foto-Reproducao-Magnific-mehaniq-1-590x410.jpg",590,410,true]},"author_info":{"display_name":"noticiasbahia360.com.br","author_link":"https:\/\/noticiasbahia360.com.br\/?author=1"},"category_info":"<a href=\"https:\/\/noticiasbahia360.com.br\/?cat=8\" rel=\"category\">Bahia<\/a> <a href=\"https:\/\/noticiasbahia360.com.br\/?cat=9\" rel=\"category\">Brasil<\/a> <a href=\"https:\/\/noticiasbahia360.com.br\/?cat=6\" rel=\"category\">Feira de Santana<\/a> <a href=\"https:\/\/noticiasbahia360.com.br\/?cat=57\" rel=\"category\">Mundo<\/a> <a href=\"https:\/\/noticiasbahia360.com.br\/?cat=56\" rel=\"category\">Pol\u00edcia<\/a> <a href=\"https:\/\/noticiasbahia360.com.br\/?cat=10\" rel=\"category\">Pol\u00edtica<\/a>","tag_info":"Pol\u00edtica","comment_count":"0","_links":{"self":[{"href":"https:\/\/noticiasbahia360.com.br\/index.php?rest_route=\/wp\/v2\/posts\/147996","targetHints":{"allow":["GET"]}}],"collection":[{"href":"https:\/\/noticiasbahia360.com.br\/index.php?rest_route=\/wp\/v2\/posts"}],"about":[{"href":"https:\/\/noticiasbahia360.com.br\/index.php?rest_route=\/wp\/v2\/types\/post"}],"author":[{"embeddable":true,"href":"https:\/\/noticiasbahia360.com.br\/index.php?rest_route=\/wp\/v2\/users\/1"}],"replies":[{"embeddable":true,"href":"https:\/\/noticiasbahia360.com.br\/index.php?rest_route=%2Fwp%2Fv2%2Fcomments&post=147996"}],"version-history":[{"count":0,"href":"https:\/\/noticiasbahia360.com.br\/index.php?rest_route=\/wp\/v2\/posts\/147996\/revisions"}],"wp:featuredmedia":[{"embeddable":true,"href":"https:\/\/noticiasbahia360.com.br\/index.php?rest_route=\/wp\/v2\/media\/147997"}],"wp:attachment":[{"href":"https:\/\/noticiasbahia360.com.br\/index.php?rest_route=%2Fwp%2Fv2%2Fmedia&parent=147996"}],"wp:term":[{"taxonomy":"category","embeddable":true,"href":"https:\/\/noticiasbahia360.com.br\/index.php?rest_route=%2Fwp%2Fv2%2Fcategories&post=147996"},{"taxonomy":"post_tag","embeddable":true,"href":"https:\/\/noticiasbahia360.com.br\/index.php?rest_route=%2Fwp%2Fv2%2Ftags&post=147996"}],"curies":[{"name":"wp","href":"https:\/\/api.w.org\/{rel}","templated":true}]}}