{"id":148030,"date":"2026-08-30T17:04:09","date_gmt":"2026-08-30T20:04:09","guid":{"rendered":"https:\/\/noticiasbahia360.com.br\/?p=148030"},"modified":"2026-08-30T17:04:09","modified_gmt":"2026-08-30T20:04:09","slug":"sangramento-e-mau-halito-veja-5-sinais-de-periodontite","status":"publish","type":"post","link":"https:\/\/noticiasbahia360.com.br\/?p=148030","title":{"rendered":"Sangramento e mau h\u00e1lito? Veja 5 sinais de periodontite"},"content":{"rendered":"<div>\n<div>\n<figure><img decoding=\"async\" src=\"http:\/\/noticiasbahia360.com.br\/wp-content\/uploads\/2026\/08\/aparelho-dente-dentista-boca-foto-freepik.jpg\" alt=\"h\u00e1lito\"><figcaption>Foto: Freepik <\/figcaption><\/figure>\n<\/div>\n<p class=\"wp-block-paragraph\">Sangrar ao escovar os dentes ou passar fio dental parece comum para muita gente, mas pode ser um dos primeiros sinais de uma inflama\u00e7\u00e3o capaz de comprometer a estrutura que mant\u00e9m os dentes firmes. A condi\u00e7\u00e3o \u00e9 conhecida como periodontite e, em muitos casos, avan\u00e7a sem dor.<\/p>\n<p class=\"wp-block-paragraph\">A periodontite \u00e9 uma doen\u00e7a infecciosa e inflamat\u00f3ria que compromete a gengiva e as estruturas que sustentam os dentes. Ela costuma come\u00e7ar como gengivite, um quadro mais superficial e revers\u00edvel. Quando n\u00e3o tratada, pode evoluir, afetar o osso de sustenta\u00e7\u00e3o e levar \u00e0 perda dent\u00e1ria.<\/p>\n<p class=\"wp-block-paragraph\">Segundo a Dra. Cristina Miura, periodontista e implantodontista especializada em doen\u00e7as da gengiva, a aus\u00eancia de dor \u00e9 um dos fatores que mais atrasam o diagn\u00f3stico.\u00a0\u201cA doen\u00e7a periodontal avan\u00e7a em sil\u00eancio. O paciente n\u00e3o sente nada, continua escovando os dentes normalmente e acha que est\u00e1 tudo bem. Quando percebe, j\u00e1 perdeu parte do osso\u201d, afirma.<\/p>\n<h2 id=\"h-por-que-a-periodontite-pode-avancar-sem-dor\" class=\"wp-block-heading\"><strong>Por que a periodontite pode avan\u00e7ar sem dor?<\/strong><\/h2>\n<p class=\"wp-block-paragraph\">A dor nem sempre aparece nos est\u00e1gios iniciais da periodontite. Por isso, sinais como sangramento, gengiva inchada, mau h\u00e1lito persistente e retra\u00e7\u00e3o gengival podem ser mais importantes do que esperar por inc\u00f4modo f\u00edsico.<\/p>\n<p class=\"wp-block-paragraph\">\u201cO paciente chega ao consult\u00f3rio achando que veio para uma limpeza de rotina e descobre que est\u00e1 prestes a perder um dente. Isso acontece todos os dias. A dor n\u00e3o \u00e9 um bom indicador de sa\u00fade bucal\u201d, explica a especialista.<\/p>\n<p class=\"wp-block-paragraph\">Quando a doen\u00e7a avan\u00e7a, o osso que d\u00e1 sustenta\u00e7\u00e3o ao dente come\u00e7a a ser comprometido. Com isso, a gengiva pode retrair, os dentes podem parecer mais longos, espa\u00e7os escuros podem surgir entre eles e, em casos mais avan\u00e7ados, pode haver mobilidade dent\u00e1ria.<\/p>\n<h2 id=\"h-periodontite-nao-e-apenas-falta-de-higiene\" class=\"wp-block-heading\"><strong>Periodontite n\u00e3o \u00e9 apenas falta de higiene<\/strong><\/h2>\n<p class=\"wp-block-paragraph\">Um dos erros mais comuns sobre a periodontite \u00e9 associar a doen\u00e7a apenas \u00e0 falta de higiene bucal. A escova\u00e7\u00e3o inadequada e o ac\u00famulo de t\u00e1rtaro aumentam o risco, mas a explica\u00e7\u00e3o n\u00e3o se resume a isso.<\/p>\n<p class=\"wp-block-paragraph\">De acordo com a Dra. Cristina, a boca funciona como um ecossistema, com bact\u00e9rias ben\u00e9ficas e nocivas convivendo ao mesmo tempo. O problema come\u00e7a quando esse equil\u00edbrio se perde e bact\u00e9rias associadas \u00e0 inflama\u00e7\u00e3o passam a predominar.<\/p>\n<p class=\"wp-block-paragraph\">\u201cExiste placa que n\u00e3o causa doen\u00e7a e existe placa patog\u00eanica. Quando o equil\u00edbrio se perde e as bact\u00e9rias causadoras de doen\u00e7a ganham espa\u00e7o, a gengiva inflama, o osso come\u00e7a a ser afetado e o dente perde suporte. Isso \u00e9 periodontite\u201d,\u00a0diz.<\/p>\n<p class=\"wp-block-paragraph\">Esse desequil\u00edbrio, chamado de disbiose bucal, pode ser favorecido por fatores como higiene inadequada, ac\u00famulo de t\u00e1rtaro, tabagismo, diabetes, altera\u00e7\u00f5es hormonais e predisposi\u00e7\u00e3o gen\u00e9tica. Em muitos casos, mais de um fator est\u00e1 presente ao mesmo tempo.<\/p>\n<h2 id=\"h-5-sinais-de-periodontite-que-merecem-atencao\" class=\"wp-block-heading\"><strong>5 sinais de periodontite que merecem aten\u00e7\u00e3o<\/strong><\/h2>\n<p class=\"wp-block-paragraph\"><strong>1 \u2013 Sangramento ao escovar ou passar fio dental<\/strong>O sangramento \u00e9 um dos sinais mais comuns e tamb\u00e9m um dos mais ignorados.<em>\u00a0\u201cNenhum sangramento gengival \u00e9 normal. Se h\u00e1 sangue, h\u00e1 inflama\u00e7\u00e3o, mesmo sem dor e mesmo sem outro sintoma vis\u00edvel\u201d<\/em>, afirma a periodontista.\u00a0<\/p>\n<p class=\"wp-block-paragraph\"><strong>2 \u2013 Gengiva vermelha, inchada ou retra\u00edda<\/strong>Mudan\u00e7as na apar\u00eancia da gengiva podem indicar que o tecido est\u00e1 reagindo a um processo inflamat\u00f3rio. Quando a retra\u00e7\u00e3o aparece, parte da raiz do dente pode ficar mais exposta.<\/p>\n<p class=\"wp-block-paragraph\"><strong>3 \u2013 Mau h\u00e1lito persistente<\/strong>Quando o mau h\u00e1lito n\u00e3o melhora com escova\u00e7\u00e3o adequada e uso de fio dental, pode estar relacionado \u00e0 presen\u00e7a de bact\u00e9rias instaladas na regi\u00e3o da gengiva.\u00a0<\/p>\n<p class=\"wp-block-paragraph\"><strong>4 \u2013 Dentes que parecem mais longos ou com espa\u00e7os entre eles<\/strong>A sensa\u00e7\u00e3o de que os dentes ficaram maiores pode ocorrer por causa da retra\u00e7\u00e3o gengival. J\u00e1 os espa\u00e7os escuros entre os dentes podem indicar perda de suporte ao redor deles.<\/p>\n<p class=\"wp-block-paragraph\"><strong>5 \u2013 Dente mole ou com sensa\u00e7\u00e3o de mobilidade<\/strong>Perceber que um dente est\u00e1 menos firme \u00e9 um sinal de alerta importante. Nesses casos, a avalia\u00e7\u00e3o deve ser feita o quanto antes, porque pode haver comprometimento do osso que sustenta o dente.<\/p>\n<h2 id=\"h-todo-caso-de-periodontite-precisa-de-cirurgia\" class=\"wp-block-heading\"><strong>Todo caso de periodontite precisa de cirurgia?<\/strong><\/h2>\n<p class=\"wp-block-paragraph\">N\u00e3o. Segundo a Dra. Cristina, muitos casos leves e moderados podem ser tratados com abordagens menos invasivas, principalmente quando o diagn\u00f3stico \u00e9 feito cedo.<\/p>\n<p class=\"wp-block-paragraph\">O tratamento periodontal n\u00e3o cir\u00fargico busca controlar a infec\u00e7\u00e3o, remover dep\u00f3sitos bacterianos e ajudar a restabelecer um ambiente bucal mais saud\u00e1vel. A indica\u00e7\u00e3o depende da avalia\u00e7\u00e3o do periodontista e do est\u00e1gio da doen\u00e7a, como uma reconstru\u00e7\u00e3o \u00f3ssea..<\/p>\n<p class=\"wp-block-paragraph\">\u201cA cirurgia existe e tem seu papel em casos espec\u00edficos. Mas muitos pacientes chegam acreditando que v\u00e3o precisar de um procedimento complexo e descobrem que o tratamento pode ser mais simples do que imaginavam. O problema, quase sempre, \u00e9 o tempo que se levou para buscar avalia\u00e7\u00e3o\u201d, avalia.<\/p>\n<p class=\"wp-block-paragraph\">O diagn\u00f3stico come\u00e7a com a sondagem periodontal, exame feito com uma pequena sonda que mede a profundidade entre o dente e a gengiva. Quando essa medida est\u00e1 aumentada, pode indicar inflama\u00e7\u00e3o e comprometimento das estruturas de sustenta\u00e7\u00e3o.<\/p>\n<h2 id=\"h-periodontite-tem-cura\" class=\"wp-block-heading\"><strong>Periodontite tem cura?<\/strong><\/h2>\n<p class=\"wp-block-paragraph\">A periodontite \u00e9 uma doen\u00e7a cr\u00f4nica que pode ser controlada. Com tratamento adequado, acompanhamento regular e cuidados di\u00e1rios, \u00e9 poss\u00edvel estabilizar a inflama\u00e7\u00e3o e preservar os dentes naturais por muitos anos.<\/p>\n<p class=\"wp-block-paragraph\">\u201cMeu objetivo, e o de todo periodontista, \u00e9 salvar o dente natural. Implante \u00e9 uma solu\u00e7\u00e3o, mas nunca \u00e9 melhor do que um dente saud\u00e1vel na boca. Nenhum implante mastiga igual, nenhum implante tem ligamento, nenhum implante tem sensibilidade. O dente natural \u00e9 insubstitu\u00edvel\u201d, afirma Dra. Cristina.<\/p>\n<p class=\"wp-block-paragraph\">A recomenda\u00e7\u00e3o \u00e9 buscar avalia\u00e7\u00e3o ao notar sangramento persistente ao escovar ou passar fio dental, mau h\u00e1lito que n\u00e3o melhora, gengiva inchada ou retra\u00edda, dentes que parecem mais longos ou qualquer sensa\u00e7\u00e3o de mobilidade. Nesses casos, o uso de enxaguantes pode at\u00e9 aliviar o odor ou reduzir a percep\u00e7\u00e3o do problema por um tempo, mas n\u00e3o substitui a investiga\u00e7\u00e3o da causa. Sem a sondagem periodontal, sinais de doen\u00e7a periodontal podem ser mascarados enquanto o quadro avan\u00e7a em sil\u00eancio, com risco de perda do osso que sustenta os dentes.<\/p>\n<p class=\"wp-block-paragraph\">Quanto mais cedo o diagn\u00f3stico, maior a chance de controlar a doen\u00e7a com tratamento menos invasivo e preservar os dentes.<\/p>\n<p class=\"wp-block-paragraph\"><em>Siga o Acorda Cidade no\u00a0<\/em><a href=\"https:\/\/news.google.com\/search?q=acorda%20cidade&amp;hl=pt-BR&amp;gl=BR&amp;ceid=BR%3Apt-419\"><strong><em>Google Not\u00edcias<\/em><\/strong><\/a><em>\u00a0e receba os principais destaques do dia. Participe tamb\u00e9m dos nossos canais no\u00a0<\/em><a href=\"https:\/\/www.whatsapp.com\/channel\/0029Va6Rb4v3WHTNnsh8WI3N\"><strong><em>WhatsApp<\/em><\/strong><\/a><em>\u00a0e\u00a0<\/em><a href=\"https:\/\/www.youtube.com\/@acordacidadenoticias\/videos\"><strong>YouTube<\/strong><\/a><em>\u00a0e do grupo no\u00a0<\/em><a href=\"https:\/\/t.me\/+sSz0khrgARA0ZmRh\"><strong><em>Telegram<\/em><\/strong><\/a><em>.<\/em><\/p>\n<\/div>\n","protected":false},"excerpt":{"rendered":"<p>Foto: Freepik Sangrar ao escovar os dentes ou passar fio dental parece comum para muita<\/p>\n","protected":false},"author":1,"featured_media":148031,"comment_status":"closed","ping_status":"closed","sticky":false,"template":"","format":"gallery","meta":{"footnotes":""},"categories":[8,9,6,57,56,10],"tags":[],"class_list":["post-148030","post","type-post","status-publish","format-gallery","has-post-thumbnail","hentry","category-bahia","category-brasil","category-feira-de-santana","category-mundo","category-policia","category-politica","post_format-post-format-gallery"],"featured_image_urls":{"full":["https:\/\/noticiasbahia360.com.br\/wp-content\/uploads\/2026\/08\/aparelho-dente-dentista-boca-foto-freepik.jpg",1920,1280,false],"thumbnail":["https:\/\/noticiasbahia360.com.br\/wp-content\/uploads\/2026\/08\/aparelho-dente-dentista-boca-foto-freepik-150x150.jpg",150,150,true],"medium":["https:\/\/noticiasbahia360.com.br\/wp-content\/uploads\/2026\/08\/aparelho-dente-dentista-boca-foto-freepik-300x200.jpg",300,200,true],"medium_large":["https:\/\/noticiasbahia360.com.br\/wp-content\/uploads\/2026\/08\/aparelho-dente-dentista-boca-foto-freepik-768x512.jpg",640,427,true],"large":["https:\/\/noticiasbahia360.com.br\/wp-content\/uploads\/2026\/08\/aparelho-dente-dentista-boca-foto-freepik-1024x683.jpg",640,427,true],"1536x1536":["https:\/\/noticiasbahia360.com.br\/wp-content\/uploads\/2026\/08\/aparelho-dente-dentista-boca-foto-freepik-1536x1024.jpg",1536,1024,true],"2048x2048":["https:\/\/noticiasbahia360.com.br\/wp-content\/uploads\/2026\/08\/aparelho-dente-dentista-boca-foto-freepik.jpg",1920,1280,false],"chromenews-featured":["https:\/\/noticiasbahia360.com.br\/wp-content\/uploads\/2026\/08\/aparelho-dente-dentista-boca-foto-freepik-1024x683.jpg",1024,683,true],"chromenews-large":["https:\/\/noticiasbahia360.com.br\/wp-content\/uploads\/2026\/08\/aparelho-dente-dentista-boca-foto-freepik-825x575.jpg",825,575,true],"chromenews-medium":["https:\/\/noticiasbahia360.com.br\/wp-content\/uploads\/2026\/08\/aparelho-dente-dentista-boca-foto-freepik-590x410.jpg",590,410,true]},"author_info":{"display_name":"noticiasbahia360.com.br","author_link":"https:\/\/noticiasbahia360.com.br\/?author=1"},"category_info":"<a href=\"https:\/\/noticiasbahia360.com.br\/?cat=8\" rel=\"category\">Bahia<\/a> <a href=\"https:\/\/noticiasbahia360.com.br\/?cat=9\" rel=\"category\">Brasil<\/a> <a href=\"https:\/\/noticiasbahia360.com.br\/?cat=6\" rel=\"category\">Feira de Santana<\/a> <a href=\"https:\/\/noticiasbahia360.com.br\/?cat=57\" rel=\"category\">Mundo<\/a> <a href=\"https:\/\/noticiasbahia360.com.br\/?cat=56\" rel=\"category\">Pol\u00edcia<\/a> <a href=\"https:\/\/noticiasbahia360.com.br\/?cat=10\" rel=\"category\">Pol\u00edtica<\/a>","tag_info":"Pol\u00edtica","comment_count":"0","_links":{"self":[{"href":"https:\/\/noticiasbahia360.com.br\/index.php?rest_route=\/wp\/v2\/posts\/148030","targetHints":{"allow":["GET"]}}],"collection":[{"href":"https:\/\/noticiasbahia360.com.br\/index.php?rest_route=\/wp\/v2\/posts"}],"about":[{"href":"https:\/\/noticiasbahia360.com.br\/index.php?rest_route=\/wp\/v2\/types\/post"}],"author":[{"embeddable":true,"href":"https:\/\/noticiasbahia360.com.br\/index.php?rest_route=\/wp\/v2\/users\/1"}],"replies":[{"embeddable":true,"href":"https:\/\/noticiasbahia360.com.br\/index.php?rest_route=%2Fwp%2Fv2%2Fcomments&post=148030"}],"version-history":[{"count":0,"href":"https:\/\/noticiasbahia360.com.br\/index.php?rest_route=\/wp\/v2\/posts\/148030\/revisions"}],"wp:featuredmedia":[{"embeddable":true,"href":"https:\/\/noticiasbahia360.com.br\/index.php?rest_route=\/wp\/v2\/media\/148031"}],"wp:attachment":[{"href":"https:\/\/noticiasbahia360.com.br\/index.php?rest_route=%2Fwp%2Fv2%2Fmedia&parent=148030"}],"wp:term":[{"taxonomy":"category","embeddable":true,"href":"https:\/\/noticiasbahia360.com.br\/index.php?rest_route=%2Fwp%2Fv2%2Fcategories&post=148030"},{"taxonomy":"post_tag","embeddable":true,"href":"https:\/\/noticiasbahia360.com.br\/index.php?rest_route=%2Fwp%2Fv2%2Ftags&post=148030"}],"curies":[{"name":"wp","href":"https:\/\/api.w.org\/{rel}","templated":true}]}}