{"id":148055,"date":"2026-08-30T19:05:25","date_gmt":"2026-08-30T22:05:25","guid":{"rendered":"https:\/\/noticiasbahia360.com.br\/?p=148055"},"modified":"2026-08-30T19:05:25","modified_gmt":"2026-08-30T22:05:25","slug":"em-jogo-de-seis-gols-athletico-paranaense-e-fluminense-empatam-pelo-brasileirao","status":"publish","type":"post","link":"https:\/\/noticiasbahia360.com.br\/?p=148055","title":{"rendered":"Em jogo de seis gols, Athletico Paranaense e Fluminense empatam pelo Brasileir\u00e3o"},"content":{"rendered":"<div>\n<div>\n<figure><img decoding=\"async\" src=\"http:\/\/noticiasbahia360.com.br\/wp-content\/uploads\/2026\/08\/Fluminense-x-Athletico-Paranaense-Foto-Marina-Garcia-FFC.jpg\" alt=\"Fluminense x Athletico Paranaense\"><figcaption>Foto: Marina Garcia\/ FFC<\/figcaption><\/figure>\n<\/div>\n<p class=\"wp-block-paragraph\">O Athletico Paranaense e o Fluminense empataram por 3 a 3, em jogo v\u00e1lido pela 25\u00aa rodada do Campeonato Brasileiro, neste domingo (30), na Arena da Baixada, em Curitiba.<\/p>\n<p class=\"wp-block-paragraph\">Com o resultado, o Tricolor chegou aos 42 pontos e permaneceu na quarta coloca\u00e7\u00e3o da tabela. J\u00e1 o Furac\u00e3o alcan\u00e7ou os 45 pontos, mantendo a terceira posi\u00e7\u00e3o e uma sequ\u00eancia invicta de dez partidas na competi\u00e7\u00e3o nacional.<\/p>\n<h2 id=\"h-primeiro-tempo\" class=\"wp-block-heading\"><strong>Primeiro tempo<\/strong><\/h2>\n<p class=\"wp-block-paragraph\">A partida come\u00e7ou com o Fluminense pressionando no ataque, com Guga, Hulk e Canobbio criando boas oportunidades de gol. Aos 23 minutos, Canobbio recebeu passe de PH Ganso dentro da \u00e1rea e parou na defesa do goleiro rubro-negro.<\/p>\n<p class=\"wp-block-paragraph\">No entanto, foi o Athletico quem abriu o placar, aos 34 minutos. A resposta do time carioca foi r\u00e1pida: tr\u00eas minutos depois, Hulk marcou um gol de falta, empatando o jogo antes do intervalo.<\/p>\n<h2 id=\"h-segundo-tempo\" class=\"wp-block-heading\">Segundo tempo<\/h2>\n<p class=\"wp-block-paragraph\">O Athletico voltou a ficar \u00e0 frente no placar logo aos tr\u00eas minutos do segundo tempo. O Fluminense reagiu aos 19, quando a bola sobrou para Canobbio finalizar de primeira e empatar o jogo pela segunda vez.<\/p>\n<p class=\"wp-block-paragraph\">Aos 32 minutos, ap\u00f3s cobran\u00e7a de falta de Hulk da intermedi\u00e1ria, Ign\u00e1cio subiu sem marca\u00e7\u00e3o e cabeceou para fazer o terceiro do Fluminense. O Tricolor quase ampliou aos 40 minutos, em chute de Hulk defendido pelo goleiro.<\/p>\n<p class=\"wp-block-paragraph\">No fim, o Athletico buscou o empate, aos 49 minuto, em cobran\u00e7a de p\u00eanalti.<\/p>\n<p class=\"wp-block-paragraph\">Os gols do Athletico foram marcados por Leozinho, Benav\u00eddez e Viveros. Pelo Fluminense, Hulk, Canobbio e Ign\u00e1cio balan\u00e7aram as redes.<\/p>\n<h2 id=\"h-proximos-jogos\" class=\"wp-block-heading\"><strong>Pr\u00f3ximos jogos<\/strong><\/h2>\n<p class=\"wp-block-paragraph\">Na pr\u00f3xima rodada do Brasileir\u00e3o, o Athletico-PR vai a Belo Horizonte enfrentar o Cruzeiro no Mineir\u00e3o, no domingo (6), \u00e0s 16h. O Fluminense tamb\u00e9m volta a campo no fim de semana em busca de se aproximar dos l\u00edderes.<\/p>\n<p class=\"wp-block-paragraph\"><em>Siga o Acorda Cidade no\u00a0<\/em><a href=\"https:\/\/news.google.com\/search?q=acorda%20cidade&amp;hl=pt-BR&amp;gl=BR&amp;ceid=BR%3Apt-419\"><strong><em>Google Not\u00edcias<\/em><\/strong><\/a><em>\u00a0e receba os principais destaques do dia. Participe tamb\u00e9m dos nossos canais no\u00a0<\/em><a href=\"https:\/\/www.whatsapp.com\/channel\/0029Va6Rb4v3WHTNnsh8WI3N\"><strong><em>WhatsApp<\/em><\/strong><\/a><em>\u00a0e\u00a0<\/em><a href=\"https:\/\/www.youtube.com\/@acordacidadenoticias\/videos\"><strong>YouTube<\/strong><\/a><em>\u00a0e do grupo no\u00a0<\/em><a href=\"https:\/\/t.me\/+sSz0khrgARA0ZmRh\"><strong><em>Telegram<\/em><\/strong><\/a><em>.<\/em><\/p>\n<\/div>\n","protected":false},"excerpt":{"rendered":"<p>Foto: Marina Garcia\/ FFC O Athletico Paranaense e o Fluminense empataram por 3 a 3,<\/p>\n","protected":false},"author":1,"featured_media":148056,"comment_status":"closed","ping_status":"closed","sticky":false,"template":"","format":"gallery","meta":{"footnotes":""},"categories":[8,9,6,57,56,10],"tags":[],"class_list":["post-148055","post","type-post","status-publish","format-gallery","has-post-thumbnail","hentry","category-bahia","category-brasil","category-feira-de-santana","category-mundo","category-policia","category-politica","post_format-post-format-gallery"],"featured_image_urls":{"full":["https:\/\/noticiasbahia360.com.br\/wp-content\/uploads\/2026\/08\/Fluminense-x-Athletico-Paranaense-Foto-Marina-Garcia-FFC.jpg",1200,801,false],"thumbnail":["https:\/\/noticiasbahia360.com.br\/wp-content\/uploads\/2026\/08\/Fluminense-x-Athletico-Paranaense-Foto-Marina-Garcia-FFC-150x150.jpg",150,150,true],"medium":["https:\/\/noticiasbahia360.com.br\/wp-content\/uploads\/2026\/08\/Fluminense-x-Athletico-Paranaense-Foto-Marina-Garcia-FFC-300x200.jpg",300,200,true],"medium_large":["https:\/\/noticiasbahia360.com.br\/wp-content\/uploads\/2026\/08\/Fluminense-x-Athletico-Paranaense-Foto-Marina-Garcia-FFC-768x513.jpg",640,428,true],"large":["https:\/\/noticiasbahia360.com.br\/wp-content\/uploads\/2026\/08\/Fluminense-x-Athletico-Paranaense-Foto-Marina-Garcia-FFC-1024x684.jpg",640,428,true],"1536x1536":["https:\/\/noticiasbahia360.com.br\/wp-content\/uploads\/2026\/08\/Fluminense-x-Athletico-Paranaense-Foto-Marina-Garcia-FFC.jpg",1200,801,false],"2048x2048":["https:\/\/noticiasbahia360.com.br\/wp-content\/uploads\/2026\/08\/Fluminense-x-Athletico-Paranaense-Foto-Marina-Garcia-FFC.jpg",1200,801,false],"chromenews-featured":["https:\/\/noticiasbahia360.com.br\/wp-content\/uploads\/2026\/08\/Fluminense-x-Athletico-Paranaense-Foto-Marina-Garcia-FFC-1024x684.jpg",1024,684,true],"chromenews-large":["https:\/\/noticiasbahia360.com.br\/wp-content\/uploads\/2026\/08\/Fluminense-x-Athletico-Paranaense-Foto-Marina-Garcia-FFC-825x575.jpg",825,575,true],"chromenews-medium":["https:\/\/noticiasbahia360.com.br\/wp-content\/uploads\/2026\/08\/Fluminense-x-Athletico-Paranaense-Foto-Marina-Garcia-FFC-590x410.jpg",590,410,true]},"author_info":{"display_name":"noticiasbahia360.com.br","author_link":"https:\/\/noticiasbahia360.com.br\/?author=1"},"category_info":"<a href=\"https:\/\/noticiasbahia360.com.br\/?cat=8\" rel=\"category\">Bahia<\/a> <a href=\"https:\/\/noticiasbahia360.com.br\/?cat=9\" rel=\"category\">Brasil<\/a> <a href=\"https:\/\/noticiasbahia360.com.br\/?cat=6\" rel=\"category\">Feira de Santana<\/a> <a href=\"https:\/\/noticiasbahia360.com.br\/?cat=57\" rel=\"category\">Mundo<\/a> <a href=\"https:\/\/noticiasbahia360.com.br\/?cat=56\" rel=\"category\">Pol\u00edcia<\/a> <a href=\"https:\/\/noticiasbahia360.com.br\/?cat=10\" rel=\"category\">Pol\u00edtica<\/a>","tag_info":"Pol\u00edtica","comment_count":"0","_links":{"self":[{"href":"https:\/\/noticiasbahia360.com.br\/index.php?rest_route=\/wp\/v2\/posts\/148055","targetHints":{"allow":["GET"]}}],"collection":[{"href":"https:\/\/noticiasbahia360.com.br\/index.php?rest_route=\/wp\/v2\/posts"}],"about":[{"href":"https:\/\/noticiasbahia360.com.br\/index.php?rest_route=\/wp\/v2\/types\/post"}],"author":[{"embeddable":true,"href":"https:\/\/noticiasbahia360.com.br\/index.php?rest_route=\/wp\/v2\/users\/1"}],"replies":[{"embeddable":true,"href":"https:\/\/noticiasbahia360.com.br\/index.php?rest_route=%2Fwp%2Fv2%2Fcomments&post=148055"}],"version-history":[{"count":0,"href":"https:\/\/noticiasbahia360.com.br\/index.php?rest_route=\/wp\/v2\/posts\/148055\/revisions"}],"wp:featuredmedia":[{"embeddable":true,"href":"https:\/\/noticiasbahia360.com.br\/index.php?rest_route=\/wp\/v2\/media\/148056"}],"wp:attachment":[{"href":"https:\/\/noticiasbahia360.com.br\/index.php?rest_route=%2Fwp%2Fv2%2Fmedia&parent=148055"}],"wp:term":[{"taxonomy":"category","embeddable":true,"href":"https:\/\/noticiasbahia360.com.br\/index.php?rest_route=%2Fwp%2Fv2%2Fcategories&post=148055"},{"taxonomy":"post_tag","embeddable":true,"href":"https:\/\/noticiasbahia360.com.br\/index.php?rest_route=%2Fwp%2Fv2%2Ftags&post=148055"}],"curies":[{"name":"wp","href":"https:\/\/api.w.org\/{rel}","templated":true}]}}