{"id":148059,"date":"2026-08-30T20:03:01","date_gmt":"2026-08-30T23:03:01","guid":{"rendered":"https:\/\/noticiasbahia360.com.br\/?p=148059"},"modified":"2026-08-30T20:03:01","modified_gmt":"2026-08-30T23:03:01","slug":"salvador-e-lauro-de-freitas-sediam-evento-nacional-para-criancas-e-adolescentes-superdotados-em-setembro","status":"publish","type":"post","link":"https:\/\/noticiasbahia360.com.br\/?p=148059","title":{"rendered":"Salvador e Lauro de Freitas sediam evento nacional para crian\u00e7as e adolescentes superdotados em setembro"},"content":{"rendered":"<div>\n<div>\n<figure><img decoding=\"async\" src=\"http:\/\/noticiasbahia360.com.br\/wp-content\/uploads\/2026\/08\/Crianca-superdotada-Foto-Reproducao-iStock.jpg\" alt=\"Crian\u00e7a superdotada\"><figcaption>Foto: Reprodu\u00e7\u00e3o\/ iStock<\/figcaption><\/figure>\n<\/div>\n<p class=\"wp-block-paragraph\">Entre os dias 5 e 7 de setembro, Salvador e Lauro de Freitas receber\u00e3o um dos principais eventos brasileiros dedicados \u00e0s pessoas com altas habilidades\/superdota\u00e7\u00e3o (AH\/SD). Promovido pela Associa\u00e7\u00e3o Mensa Brasil, principal entidade que re\u00fane pessoas com altas capacidades intelectuais no Pa\u00eds e representante oficial da Mensa Internacional, maior organiza\u00e7\u00e3o de alto QI do mundo, o AGzinho 2026 reunir\u00e1 centenas de crian\u00e7as, adolescentes, familiares, especialistas e volunt\u00e1rios de diversas regi\u00f5es do Pa\u00eds para uma intensa programa\u00e7\u00e3o de aprendizado, conviv\u00eancia e troca de experi\u00eancias. <\/p>\n<p class=\"wp-block-paragraph\">Inspirado no\u00a0<em>Annual Gathering<\/em>\u00a0(AG), tradicional encontro internacional da Mensa, o AGzinho \u00e9 realizado anualmente para os integrantes do programa Jovens Brilhantes (JBs), destinado a associados entre 2 anos e meio e 17 anos. A proposta do evento \u00e9 promover um espa\u00e7o onde crian\u00e7as e adolescentes encontram seus pares, compartilham interesses, desenvolvem novas habilidades e fortalecem v\u00ednculos sociais em um ambiente acolhedor e intelectualmente estimulante.<\/p>\n<p class=\"wp-block-paragraph\">Com o tema \u201cOnde o Ax\u00e9 encontra Mentes Brilhantes\u201d, a edi\u00e7\u00e3o de 2026 incorpora elementos da cultura baiana para proporcionar uma experi\u00eancia que une conhecimento, criatividade, lazer e pertencimento. Ao longo dos tr\u00eas dias, os participantes ter\u00e3o acesso a uma programa\u00e7\u00e3o diversificada, com palestras, oficinas tem\u00e1ticas, desafios cognitivos, experi\u00eancias maker, atividades art\u00edsticas, jogos, campeonatos, apresenta\u00e7\u00f5es culturais, mesas-redondas, atividades escoteiras e espa\u00e7os de conviv\u00eancia.<\/p>\n<p class=\"wp-block-paragraph\">Tamb\u00e9m haver\u00e1 programa\u00e7\u00e3o paralela especialmente desenvolvida para pais e respons\u00e1veis, abordando temas relacionados \u00e0 educa\u00e7\u00e3o, desenvolvimento socioemocional e aos desafios enfrentados pelas fam\u00edlias de crian\u00e7as e adolescentes superdotados.<\/p>\n<p class=\"wp-block-paragraph\">O primeiro dia ser\u00e1 realizado no Parque Shopping Bahia, em Lauro de Freitas, com abertura oficial, apresenta\u00e7\u00f5es culturais, palestras e uma ampla programa\u00e7\u00e3o de oficinas e atividades recreativas. No domingo, os participantes poder\u00e3o escolher entre um\u00a0<em>City Tour<\/em>\u00a0pelos principais museus e pontos hist\u00f3ricos de Salvador; um passeio \u00e0 Praia do Forte, com visita ao Projeto Tamar e ao Castelo Garcia D\u2019\u00c1vila, ou aproveitar um dia livre com as fam\u00edlias.<\/p>\n<p class=\"wp-block-paragraph\">No terceiro dia, na Escola Park, a programa\u00e7\u00e3o inclui novas palestras, oficinas, apresenta\u00e7\u00f5es culturais, campeonatos, atividades ao ar livre e uma sala para aplica\u00e7\u00e3o de testes de admiss\u00e3o \u00e0 Mensa Brasil. O evento ser\u00e1 conclu\u00eddo com um luau na Praia do Flamengo, reunindo participantes em um momento de confraterniza\u00e7\u00e3o, apresenta\u00e7\u00f5es art\u00edsticas e celebra\u00e7\u00e3o.<\/p>\n<p class=\"wp-block-paragraph\">Para Julio Cesar Campos Filho, presidente da Mensa Brasil, um dos principais objetivos do encontro \u00e9 promover o sentimento de pertencimento entre jovens que frequentemente enfrentam dificuldades de socializa\u00e7\u00e3o por possu\u00edrem interesses, formas de aprendizagem e ritmos de desenvolvimento diferentes da m\u00e9dia.<\/p>\n<p class=\"wp-block-paragraph\">\u201cO AGzinho proporciona algo que muitas dessas crian\u00e7as vivenciam pela primeira vez: estar cercadas por outras pessoas que compartilham interesses semelhantes e compreendem sua forma de pensar. Isso fortalece a autoestima, estimula o desenvolvimento intelectual e cria amizades que frequentemente permanecem por muitos anos\u201d, diz Julio Cesar.<\/p>\n<h2 id=\"h-apoio-as-familias\" class=\"wp-block-heading\"><strong>Apoio \u00e0s fam\u00edlias<\/strong><\/h2>\n<p class=\"wp-block-paragraph\">Al\u00e9m das atividades destinadas aos Jovens Brilhantes, o encontro oferece uma programa\u00e7\u00e3o espec\u00edfica para familiares, proporcionando acesso a especialistas em educa\u00e7\u00e3o, desenvolvimento humano, psicologia e altas habilidades\/superdota\u00e7\u00e3o.<\/p>\n<p class=\"wp-block-paragraph\">A proposta \u00e9 oferecer informa\u00e7\u00f5es qualificadas sobre identifica\u00e7\u00e3o, direitos educacionais, desenvolvimento socioemocional e estrat\u00e9gias que auxiliem pais e respons\u00e1veis na forma\u00e7\u00e3o e no acompanhamento de crian\u00e7as e adolescentes superdotados.<\/p>\n<h2 id=\"h-sobre-a-associacao-mensa-brasil\" class=\"wp-block-heading\"><strong>Sobre a Associa\u00e7\u00e3o Mensa Brasil<\/strong><\/h2>\n<p class=\"wp-block-paragraph\">Fundada em 2002, a Associa\u00e7\u00e3o Mensa Brasil \u00e9 a afiliada brasileira oficial da Mensa Internacional, a maior, mais antiga e mais prestigiada organiza\u00e7\u00e3o de alto quociente de intelig\u00eancia (QI) do mundo. Ela congrega pessoas com altas capacidades intelectuais, tendo como \u00fanico requisito de ingresso possuir QI acima de 98% da popula\u00e7\u00e3o em geral, comprovado por teste referendado de intelig\u00eancia. <\/p>\n<p class=\"wp-block-paragraph\">A entidade coordena, representa e mobiliza seus associados, com foco em tr\u00eas objetivos principais: <\/p>\n<ol class=\"wp-block-list\">\n<li>Identificar e promover a intelig\u00eancia humana em benef\u00edcio da humanidade;  <\/li>\n<li>Estimular pesquisas sobre a natureza, caracter\u00edsticas e usos da intelig\u00eancia; <\/li>\n<li>Prover um ambiente intelectual e socialmente estimulante para seus associados.<\/li>\n<\/ol>\n<h2 id=\"h-sobre-a-mensa-internacional\" class=\"wp-block-heading\"><strong>Sobre a Mensa Internacional<\/strong><\/h2>\n<p class=\"wp-block-paragraph\">Fundada em 1946, no Reino Unido, a Mensa Internacional \u00e9 a maior, mais antiga e mais prestigiada organiza\u00e7\u00e3o de alto QI do mundo. Foi criada com o objetivo de promover a intelig\u00eancia como ferramenta estrat\u00e9gica para o desenvolvimento e a evolu\u00e7\u00e3o da humanidade. A palavra Mensa significa \u201cmesa\u201d, em Latim, em refer\u00eancia \u00e0 natureza de mesa-redonda da organiza\u00e7\u00e3o, representando a uni\u00e3o de iguais, independentemente de caracter\u00edsticas como etnia, cor, credo, nacionalidade, idade, vis\u00e3o pol\u00edtica, hist\u00f3rico educacional ou socioecon\u00f4mico.<\/p>\n<h2 id=\"h-servico\" class=\"wp-block-heading\"><strong>Servi\u00e7o<\/strong><\/h2>\n<p class=\"wp-block-paragraph\"><strong>AGzinho 2026 \u2013 Annual Gathering dos Jovens Brilhantes da Mensa Brasil<\/strong><br \/>\u00a0<br \/>Data: 5 a 7 de setembro de 2026<\/p>\n<p class=\"wp-block-paragraph\"><strong>Locais:<\/strong><\/p>\n<p class=\"wp-block-paragraph\">Parque Shopping Bahia \u2013 Lauro de Freitas (BA)<br \/>Escola Park \u2013 Lauro de Freitas (BA)<br \/>Atividades externas em Salvador e Praia do Forte<\/p>\n<p class=\"wp-block-paragraph\"><em>Siga o Acorda Cidade no\u00a0<\/em><a href=\"https:\/\/news.google.com\/search?q=acorda%20cidade&amp;hl=pt-BR&amp;gl=BR&amp;ceid=BR%3Apt-419\"><strong><em>Google Not\u00edcias<\/em><\/strong><\/a><em>\u00a0e receba os principais destaques do dia. Participe tamb\u00e9m dos nossos canais no\u00a0<\/em><a href=\"https:\/\/www.whatsapp.com\/channel\/0029Va6Rb4v3WHTNnsh8WI3N\"><strong><em>WhatsApp<\/em><\/strong><\/a><em>\u00a0e\u00a0<\/em><a href=\"https:\/\/www.youtube.com\/@acordacidadenoticias\/videos\"><strong>YouTube<\/strong><\/a><em>\u00a0e do grupo no\u00a0<\/em><a href=\"https:\/\/t.me\/+sSz0khrgARA0ZmRh\"><strong><em>Telegram<\/em><\/strong><\/a><em>.<\/em><\/p>\n<\/div>\n","protected":false},"excerpt":{"rendered":"<p>Foto: Reprodu\u00e7\u00e3o\/ iStock Entre os dias 5 e 7 de setembro, Salvador e Lauro de<\/p>\n","protected":false},"author":1,"featured_media":148060,"comment_status":"closed","ping_status":"closed","sticky":false,"template":"","format":"gallery","meta":{"footnotes":""},"categories":[8,9,6,57,56,10],"tags":[],"class_list":["post-148059","post","type-post","status-publish","format-gallery","has-post-thumbnail","hentry","category-bahia","category-brasil","category-feira-de-santana","category-mundo","category-policia","category-politica","post_format-post-format-gallery"],"featured_image_urls":{"full":["https:\/\/noticiasbahia360.com.br\/wp-content\/uploads\/2026\/08\/Crianca-superdotada-Foto-Reproducao-iStock.jpg",1200,799,false],"thumbnail":["https:\/\/noticiasbahia360.com.br\/wp-content\/uploads\/2026\/08\/Crianca-superdotada-Foto-Reproducao-iStock-150x150.jpg",150,150,true],"medium":["https:\/\/noticiasbahia360.com.br\/wp-content\/uploads\/2026\/08\/Crianca-superdotada-Foto-Reproducao-iStock-300x200.jpg",300,200,true],"medium_large":["https:\/\/noticiasbahia360.com.br\/wp-content\/uploads\/2026\/08\/Crianca-superdotada-Foto-Reproducao-iStock-768x511.jpg",640,426,true],"large":["https:\/\/noticiasbahia360.com.br\/wp-content\/uploads\/2026\/08\/Crianca-superdotada-Foto-Reproducao-iStock-1024x682.jpg",640,426,true],"1536x1536":["https:\/\/noticiasbahia360.com.br\/wp-content\/uploads\/2026\/08\/Crianca-superdotada-Foto-Reproducao-iStock.jpg",1200,799,false],"2048x2048":["https:\/\/noticiasbahia360.com.br\/wp-content\/uploads\/2026\/08\/Crianca-superdotada-Foto-Reproducao-iStock.jpg",1200,799,false],"chromenews-featured":["https:\/\/noticiasbahia360.com.br\/wp-content\/uploads\/2026\/08\/Crianca-superdotada-Foto-Reproducao-iStock-1024x682.jpg",1024,682,true],"chromenews-large":["https:\/\/noticiasbahia360.com.br\/wp-content\/uploads\/2026\/08\/Crianca-superdotada-Foto-Reproducao-iStock-825x575.jpg",825,575,true],"chromenews-medium":["https:\/\/noticiasbahia360.com.br\/wp-content\/uploads\/2026\/08\/Crianca-superdotada-Foto-Reproducao-iStock-590x410.jpg",590,410,true]},"author_info":{"display_name":"noticiasbahia360.com.br","author_link":"https:\/\/noticiasbahia360.com.br\/?author=1"},"category_info":"<a href=\"https:\/\/noticiasbahia360.com.br\/?cat=8\" rel=\"category\">Bahia<\/a> <a href=\"https:\/\/noticiasbahia360.com.br\/?cat=9\" rel=\"category\">Brasil<\/a> <a href=\"https:\/\/noticiasbahia360.com.br\/?cat=6\" rel=\"category\">Feira de Santana<\/a> <a href=\"https:\/\/noticiasbahia360.com.br\/?cat=57\" rel=\"category\">Mundo<\/a> <a href=\"https:\/\/noticiasbahia360.com.br\/?cat=56\" rel=\"category\">Pol\u00edcia<\/a> <a href=\"https:\/\/noticiasbahia360.com.br\/?cat=10\" rel=\"category\">Pol\u00edtica<\/a>","tag_info":"Pol\u00edtica","comment_count":"0","_links":{"self":[{"href":"https:\/\/noticiasbahia360.com.br\/index.php?rest_route=\/wp\/v2\/posts\/148059","targetHints":{"allow":["GET"]}}],"collection":[{"href":"https:\/\/noticiasbahia360.com.br\/index.php?rest_route=\/wp\/v2\/posts"}],"about":[{"href":"https:\/\/noticiasbahia360.com.br\/index.php?rest_route=\/wp\/v2\/types\/post"}],"author":[{"embeddable":true,"href":"https:\/\/noticiasbahia360.com.br\/index.php?rest_route=\/wp\/v2\/users\/1"}],"replies":[{"embeddable":true,"href":"https:\/\/noticiasbahia360.com.br\/index.php?rest_route=%2Fwp%2Fv2%2Fcomments&post=148059"}],"version-history":[{"count":0,"href":"https:\/\/noticiasbahia360.com.br\/index.php?rest_route=\/wp\/v2\/posts\/148059\/revisions"}],"wp:featuredmedia":[{"embeddable":true,"href":"https:\/\/noticiasbahia360.com.br\/index.php?rest_route=\/wp\/v2\/media\/148060"}],"wp:attachment":[{"href":"https:\/\/noticiasbahia360.com.br\/index.php?rest_route=%2Fwp%2Fv2%2Fmedia&parent=148059"}],"wp:term":[{"taxonomy":"category","embeddable":true,"href":"https:\/\/noticiasbahia360.com.br\/index.php?rest_route=%2Fwp%2Fv2%2Fcategories&post=148059"},{"taxonomy":"post_tag","embeddable":true,"href":"https:\/\/noticiasbahia360.com.br\/index.php?rest_route=%2Fwp%2Fv2%2Ftags&post=148059"}],"curies":[{"name":"wp","href":"https:\/\/api.w.org\/{rel}","templated":true}]}}