{"id":148066,"date":"2026-08-30T21:02:34","date_gmt":"2026-08-31T00:02:34","guid":{"rendered":"https:\/\/noticiasbahia360.com.br\/?p=148066"},"modified":"2026-08-30T21:02:34","modified_gmt":"2026-08-31T00:02:34","slug":"flamengo-vence-o-botafogo-por-3-a-0-no-classico-de-numero-400-entre-as-equipes","status":"publish","type":"post","link":"https:\/\/noticiasbahia360.com.br\/?p=148066","title":{"rendered":"Flamengo vence o Botafogo por 3 a 0 no cl\u00e1ssico de n\u00famero 400 entre as equipes"},"content":{"rendered":"<div>\n<div>\n<figure><img decoding=\"async\" src=\"http:\/\/noticiasbahia360.com.br\/wp-content\/uploads\/2026\/08\/Flamengo-x-Botafogo-Foto-Gilvan-de-Souza-CRF.jpg\" alt=\"Flamengo x Botafogo\"><figcaption>Foto: Gilvan de Souza\/ CRF<\/figcaption><\/figure>\n<\/div>\n<p class=\"wp-block-paragraph\">No cl\u00e1ssico de n\u00famero 400, o Flamengo venceu o Botafogo por 3 a 0 neste domingo (30), no Maracan\u00e3, no Rio de Janeiro, em partida v\u00e1lida pela 25\u00aa rodada do Campeonato Brasileiro. Samuel Lino marcou dois gols e Carrascal fez o terceiro para garantir o resultado do jogo.<\/p>\n<h2 id=\"h-o-jogo\" class=\"wp-block-heading\"><strong>O jogo<\/strong><\/h2>\n<p class=\"wp-block-paragraph\">A partida come\u00e7ou com o Flamengo mantendo maior posse de bola no campo de ataque, enquanto o Botafogo atuava com uma linha de cinco defensores para explorar os contra-ataques. Aos oito minutos, o Botafogo chegou a balan\u00e7ar as redes com Arthur Cabral, mas o lance foi anulado pelo VAR devido a um toque de m\u00e3o do atacante.<\/p>\n<p class=\"wp-block-paragraph\">Pouco depois, o Flamengo abriu o placar. Jorginho deu passe em profundidade para Samuel Lino, que avan\u00e7ou entre a marca\u00e7\u00e3o e finalizou na sa\u00edda do goleiro Gabriel Batista.<\/p>\n<p class=\"wp-block-paragraph\">O Flamengo chegou a marcar o segundo aos 21 minutos com Pedro, por\u00e9m a arbitragem assinalou impedimento de Samuel Lino na origem do lance. A equipe seguiu criando oportunidades, como aos 29 minutos, quando Ayrton Lucas marcou mais um gol.<\/p>\n<p class=\"wp-block-paragraph\">No segundo tempo, o Botafogo tentou adiantar suas linhas para buscar o empate. Aos 18 minutos, Arrascaeta tabelou com Pedro e finalizou para nova interven\u00e7\u00e3o do goleiro alvinegro. Aos 22, o Flamengo teve outro gol anulado por impedimento, desta vez em cabeceio de Lucas Paquet\u00e1 ap\u00f3s cruzamento de Arrascaeta.<\/p>\n<p class=\"wp-block-paragraph\">O segundo gol da partida saiu aos 40 minutos. Carrascal deu passe para Samuel Lino, que voltou a finalizar na sa\u00edda do goleiro. Nos minutos finais, Carrascal fez o \u00faltimo gol, fechando o placar em 3 a 0.<\/p>\n<p class=\"wp-block-paragraph\">Com o resultado, o Flamengo soma mais tr\u00eas pontos na tabela, enquanto o Botafogo continua com a mesma pontua\u00e7\u00e3o.<\/p>\n<p class=\"wp-block-paragraph\"><em>Siga o Acorda Cidade no\u00a0<\/em><a href=\"https:\/\/news.google.com\/search?q=acorda%20cidade&amp;hl=pt-BR&amp;gl=BR&amp;ceid=BR%3Apt-419\"><strong><em>Google Not\u00edcias<\/em><\/strong><\/a><em>\u00a0e receba os principais destaques do dia. Participe tamb\u00e9m dos nossos canais no\u00a0<\/em><a href=\"https:\/\/www.whatsapp.com\/channel\/0029Va6Rb4v3WHTNnsh8WI3N\"><strong><em>WhatsApp<\/em><\/strong><\/a><em>\u00a0e\u00a0<\/em><a href=\"https:\/\/www.youtube.com\/@acordacidadenoticias\/videos\"><strong>YouTube<\/strong><\/a><em>\u00a0e do grupo no\u00a0<\/em><a href=\"https:\/\/t.me\/+sSz0khrgARA0ZmRh\"><strong><em>Telegram<\/em><\/strong><\/a><em>.<\/em><\/p>\n<\/div>\n","protected":false},"excerpt":{"rendered":"<p>Foto: Gilvan de Souza\/ CRF No cl\u00e1ssico de n\u00famero 400, o Flamengo venceu o Botafogo<\/p>\n","protected":false},"author":1,"featured_media":148067,"comment_status":"closed","ping_status":"closed","sticky":false,"template":"","format":"gallery","meta":{"footnotes":""},"categories":[8,9,6,57,56,10],"tags":[],"class_list":["post-148066","post","type-post","status-publish","format-gallery","has-post-thumbnail","hentry","category-bahia","category-brasil","category-feira-de-santana","category-mundo","category-policia","category-politica","post_format-post-format-gallery"],"featured_image_urls":{"full":["https:\/\/noticiasbahia360.com.br\/wp-content\/uploads\/2026\/08\/Flamengo-x-Botafogo-Foto-Gilvan-de-Souza-CRF.jpg",1200,800,false],"thumbnail":["https:\/\/noticiasbahia360.com.br\/wp-content\/uploads\/2026\/08\/Flamengo-x-Botafogo-Foto-Gilvan-de-Souza-CRF-150x150.jpg",150,150,true],"medium":["https:\/\/noticiasbahia360.com.br\/wp-content\/uploads\/2026\/08\/Flamengo-x-Botafogo-Foto-Gilvan-de-Souza-CRF-300x200.jpg",300,200,true],"medium_large":["https:\/\/noticiasbahia360.com.br\/wp-content\/uploads\/2026\/08\/Flamengo-x-Botafogo-Foto-Gilvan-de-Souza-CRF-768x512.jpg",640,427,true],"large":["https:\/\/noticiasbahia360.com.br\/wp-content\/uploads\/2026\/08\/Flamengo-x-Botafogo-Foto-Gilvan-de-Souza-CRF-1024x683.jpg",640,427,true],"1536x1536":["https:\/\/noticiasbahia360.com.br\/wp-content\/uploads\/2026\/08\/Flamengo-x-Botafogo-Foto-Gilvan-de-Souza-CRF.jpg",1200,800,false],"2048x2048":["https:\/\/noticiasbahia360.com.br\/wp-content\/uploads\/2026\/08\/Flamengo-x-Botafogo-Foto-Gilvan-de-Souza-CRF.jpg",1200,800,false],"chromenews-featured":["https:\/\/noticiasbahia360.com.br\/wp-content\/uploads\/2026\/08\/Flamengo-x-Botafogo-Foto-Gilvan-de-Souza-CRF-1024x683.jpg",1024,683,true],"chromenews-large":["https:\/\/noticiasbahia360.com.br\/wp-content\/uploads\/2026\/08\/Flamengo-x-Botafogo-Foto-Gilvan-de-Souza-CRF-825x575.jpg",825,575,true],"chromenews-medium":["https:\/\/noticiasbahia360.com.br\/wp-content\/uploads\/2026\/08\/Flamengo-x-Botafogo-Foto-Gilvan-de-Souza-CRF-590x410.jpg",590,410,true]},"author_info":{"display_name":"noticiasbahia360.com.br","author_link":"https:\/\/noticiasbahia360.com.br\/?author=1"},"category_info":"<a href=\"https:\/\/noticiasbahia360.com.br\/?cat=8\" rel=\"category\">Bahia<\/a> <a href=\"https:\/\/noticiasbahia360.com.br\/?cat=9\" rel=\"category\">Brasil<\/a> <a href=\"https:\/\/noticiasbahia360.com.br\/?cat=6\" rel=\"category\">Feira de Santana<\/a> <a href=\"https:\/\/noticiasbahia360.com.br\/?cat=57\" rel=\"category\">Mundo<\/a> <a href=\"https:\/\/noticiasbahia360.com.br\/?cat=56\" rel=\"category\">Pol\u00edcia<\/a> <a href=\"https:\/\/noticiasbahia360.com.br\/?cat=10\" rel=\"category\">Pol\u00edtica<\/a>","tag_info":"Pol\u00edtica","comment_count":"0","_links":{"self":[{"href":"https:\/\/noticiasbahia360.com.br\/index.php?rest_route=\/wp\/v2\/posts\/148066","targetHints":{"allow":["GET"]}}],"collection":[{"href":"https:\/\/noticiasbahia360.com.br\/index.php?rest_route=\/wp\/v2\/posts"}],"about":[{"href":"https:\/\/noticiasbahia360.com.br\/index.php?rest_route=\/wp\/v2\/types\/post"}],"author":[{"embeddable":true,"href":"https:\/\/noticiasbahia360.com.br\/index.php?rest_route=\/wp\/v2\/users\/1"}],"replies":[{"embeddable":true,"href":"https:\/\/noticiasbahia360.com.br\/index.php?rest_route=%2Fwp%2Fv2%2Fcomments&post=148066"}],"version-history":[{"count":0,"href":"https:\/\/noticiasbahia360.com.br\/index.php?rest_route=\/wp\/v2\/posts\/148066\/revisions"}],"wp:featuredmedia":[{"embeddable":true,"href":"https:\/\/noticiasbahia360.com.br\/index.php?rest_route=\/wp\/v2\/media\/148067"}],"wp:attachment":[{"href":"https:\/\/noticiasbahia360.com.br\/index.php?rest_route=%2Fwp%2Fv2%2Fmedia&parent=148066"}],"wp:term":[{"taxonomy":"category","embeddable":true,"href":"https:\/\/noticiasbahia360.com.br\/index.php?rest_route=%2Fwp%2Fv2%2Fcategories&post=148066"},{"taxonomy":"post_tag","embeddable":true,"href":"https:\/\/noticiasbahia360.com.br\/index.php?rest_route=%2Fwp%2Fv2%2Ftags&post=148066"}],"curies":[{"name":"wp","href":"https:\/\/api.w.org\/{rel}","templated":true}]}}