{"id":148068,"date":"2026-08-30T21:02:35","date_gmt":"2026-08-31T00:02:35","guid":{"rendered":"https:\/\/noticiasbahia360.com.br\/?p=148068"},"modified":"2026-08-30T21:02:35","modified_gmt":"2026-08-31T00:02:35","slug":"incendio-provocado-por-vazamento-de-gas-atinge-residencia-de-ministro-nunes-marques","status":"publish","type":"post","link":"https:\/\/noticiasbahia360.com.br\/?p=148068","title":{"rendered":"Inc\u00eandio provocado por vazamento de g\u00e1s atinge resid\u00eancia de ministro Nunes Marques"},"content":{"rendered":"<div>\n<div>\n<figure><img decoding=\"async\" src=\"http:\/\/noticiasbahia360.com.br\/wp-content\/uploads\/2026\/08\/Kassio-Nunes-Marques-presidente-do-Tribunal-Superior-Eleitoral-Foto-Luiz-Roberto-TSE-1.jpg\" alt=\"Kassio Nunes Marques, presidente do Tribunal Superior Eleitoral\"><figcaption>Kassio Nunes Marques, presidente do Tribunal Superior Eleitoral | Foto: Luiz Roberto\/ TSE<\/figcaption><\/figure>\n<\/div>\n<p class=\"wp-block-paragraph\">Um vazamento de g\u00e1s provocou um inc\u00eandio na resid\u00eancia do ministro do Supremo Tribunal Federal (STF) e presidente do Tribunal Superior Eleitoral (TSE), K\u00e1ssio Nunes Marques. O caso aconteceu neste domingo (30) e n\u00e3o h\u00e1 registros de feridos.<\/p>\n<p class=\"wp-block-paragraph\">No momento do inc\u00eandio, Nunes Marques estava na resid\u00eancia, com sua esposa, que fica no Lago Sul, em Bras\u00edlia. O Corpo de Bombeiros foi chamado e, ap\u00f3s cerca de 40 minutos no local, conseguiu controlar as chamas.<\/p>\n<p class=\"wp-block-paragraph\">Segundo a assessoria de imprensa do TSE, o inc\u00eandio teve in\u00edcio ap\u00f3s um vazamento em um botij\u00e3o de g\u00e1s ligado a um forno na \u00e1rea externa da casa do magistrado. As chamas come\u00e7aram no local e subiram para o telhado de acr\u00edlico da casa.<\/p>\n<p class=\"wp-block-paragraph\"><em>Fonte: <a href=\"https:\/\/www.bahianoticias.com.br\/noticia\/320552-incendio-atinge-residencia-do-ministro-nunes-marques-em-brasilia-apos-vazamento-de-gas\" target=\"_blank\" rel=\"noreferrer noopener\">Bahia Not\u00edcias<\/a>, parceiro do Acorda Cidade<\/em><\/p>\n<p class=\"wp-block-paragraph\"><em>Siga o Acorda Cidade no\u00a0<\/em><a href=\"https:\/\/news.google.com\/search?q=acorda%20cidade&amp;hl=pt-BR&amp;gl=BR&amp;ceid=BR%3Apt-419\"><strong><em>Google Not\u00edcias<\/em><\/strong><\/a><em>\u00a0e receba os principais destaques do dia. Participe tamb\u00e9m dos nossos canais no\u00a0<\/em><a href=\"https:\/\/www.whatsapp.com\/channel\/0029Va6Rb4v3WHTNnsh8WI3N\"><strong><em>WhatsApp<\/em><\/strong><\/a><em>\u00a0e\u00a0<\/em><a href=\"https:\/\/www.youtube.com\/@acordacidadenoticias\/videos\"><strong>YouTube<\/strong><\/a><em>\u00a0e do grupo no\u00a0<\/em><a href=\"https:\/\/t.me\/+sSz0khrgARA0ZmRh\"><strong><em>Telegram<\/em><\/strong><\/a><em>.<\/em><\/p>\n<\/div>\n","protected":false},"excerpt":{"rendered":"<p>Kassio Nunes Marques, presidente do Tribunal Superior Eleitoral | Foto: Luiz Roberto\/ TSE Um vazamento<\/p>\n","protected":false},"author":1,"featured_media":148069,"comment_status":"closed","ping_status":"closed","sticky":false,"template":"","format":"gallery","meta":{"footnotes":""},"categories":[8,9,6,57,56,10],"tags":[],"class_list":["post-148068","post","type-post","status-publish","format-gallery","has-post-thumbnail","hentry","category-bahia","category-brasil","category-feira-de-santana","category-mundo","category-policia","category-politica","post_format-post-format-gallery"],"featured_image_urls":{"full":["https:\/\/noticiasbahia360.com.br\/wp-content\/uploads\/2026\/08\/Kassio-Nunes-Marques-presidente-do-Tribunal-Superior-Eleitoral-Foto-Luiz-Roberto-TSE-1.jpg",1200,718,false],"thumbnail":["https:\/\/noticiasbahia360.com.br\/wp-content\/uploads\/2026\/08\/Kassio-Nunes-Marques-presidente-do-Tribunal-Superior-Eleitoral-Foto-Luiz-Roberto-TSE-1-150x150.jpg",150,150,true],"medium":["https:\/\/noticiasbahia360.com.br\/wp-content\/uploads\/2026\/08\/Kassio-Nunes-Marques-presidente-do-Tribunal-Superior-Eleitoral-Foto-Luiz-Roberto-TSE-1-300x180.jpg",300,180,true],"medium_large":["https:\/\/noticiasbahia360.com.br\/wp-content\/uploads\/2026\/08\/Kassio-Nunes-Marques-presidente-do-Tribunal-Superior-Eleitoral-Foto-Luiz-Roberto-TSE-1-768x460.jpg",640,383,true],"large":["https:\/\/noticiasbahia360.com.br\/wp-content\/uploads\/2026\/08\/Kassio-Nunes-Marques-presidente-do-Tribunal-Superior-Eleitoral-Foto-Luiz-Roberto-TSE-1-1024x613.jpg",640,383,true],"1536x1536":["https:\/\/noticiasbahia360.com.br\/wp-content\/uploads\/2026\/08\/Kassio-Nunes-Marques-presidente-do-Tribunal-Superior-Eleitoral-Foto-Luiz-Roberto-TSE-1.jpg",1200,718,false],"2048x2048":["https:\/\/noticiasbahia360.com.br\/wp-content\/uploads\/2026\/08\/Kassio-Nunes-Marques-presidente-do-Tribunal-Superior-Eleitoral-Foto-Luiz-Roberto-TSE-1.jpg",1200,718,false],"chromenews-featured":["https:\/\/noticiasbahia360.com.br\/wp-content\/uploads\/2026\/08\/Kassio-Nunes-Marques-presidente-do-Tribunal-Superior-Eleitoral-Foto-Luiz-Roberto-TSE-1-1024x613.jpg",1024,613,true],"chromenews-large":["https:\/\/noticiasbahia360.com.br\/wp-content\/uploads\/2026\/08\/Kassio-Nunes-Marques-presidente-do-Tribunal-Superior-Eleitoral-Foto-Luiz-Roberto-TSE-1-825x575.jpg",825,575,true],"chromenews-medium":["https:\/\/noticiasbahia360.com.br\/wp-content\/uploads\/2026\/08\/Kassio-Nunes-Marques-presidente-do-Tribunal-Superior-Eleitoral-Foto-Luiz-Roberto-TSE-1-590x410.jpg",590,410,true]},"author_info":{"display_name":"noticiasbahia360.com.br","author_link":"https:\/\/noticiasbahia360.com.br\/?author=1"},"category_info":"<a href=\"https:\/\/noticiasbahia360.com.br\/?cat=8\" rel=\"category\">Bahia<\/a> <a href=\"https:\/\/noticiasbahia360.com.br\/?cat=9\" rel=\"category\">Brasil<\/a> <a href=\"https:\/\/noticiasbahia360.com.br\/?cat=6\" rel=\"category\">Feira de Santana<\/a> <a href=\"https:\/\/noticiasbahia360.com.br\/?cat=57\" rel=\"category\">Mundo<\/a> <a href=\"https:\/\/noticiasbahia360.com.br\/?cat=56\" rel=\"category\">Pol\u00edcia<\/a> <a href=\"https:\/\/noticiasbahia360.com.br\/?cat=10\" rel=\"category\">Pol\u00edtica<\/a>","tag_info":"Pol\u00edtica","comment_count":"0","_links":{"self":[{"href":"https:\/\/noticiasbahia360.com.br\/index.php?rest_route=\/wp\/v2\/posts\/148068","targetHints":{"allow":["GET"]}}],"collection":[{"href":"https:\/\/noticiasbahia360.com.br\/index.php?rest_route=\/wp\/v2\/posts"}],"about":[{"href":"https:\/\/noticiasbahia360.com.br\/index.php?rest_route=\/wp\/v2\/types\/post"}],"author":[{"embeddable":true,"href":"https:\/\/noticiasbahia360.com.br\/index.php?rest_route=\/wp\/v2\/users\/1"}],"replies":[{"embeddable":true,"href":"https:\/\/noticiasbahia360.com.br\/index.php?rest_route=%2Fwp%2Fv2%2Fcomments&post=148068"}],"version-history":[{"count":0,"href":"https:\/\/noticiasbahia360.com.br\/index.php?rest_route=\/wp\/v2\/posts\/148068\/revisions"}],"wp:featuredmedia":[{"embeddable":true,"href":"https:\/\/noticiasbahia360.com.br\/index.php?rest_route=\/wp\/v2\/media\/148069"}],"wp:attachment":[{"href":"https:\/\/noticiasbahia360.com.br\/index.php?rest_route=%2Fwp%2Fv2%2Fmedia&parent=148068"}],"wp:term":[{"taxonomy":"category","embeddable":true,"href":"https:\/\/noticiasbahia360.com.br\/index.php?rest_route=%2Fwp%2Fv2%2Fcategories&post=148068"},{"taxonomy":"post_tag","embeddable":true,"href":"https:\/\/noticiasbahia360.com.br\/index.php?rest_route=%2Fwp%2Fv2%2Ftags&post=148068"}],"curies":[{"name":"wp","href":"https:\/\/api.w.org\/{rel}","templated":true}]}}