{"id":148070,"date":"2026-08-30T22:03:08","date_gmt":"2026-08-31T01:03:08","guid":{"rendered":"https:\/\/noticiasbahia360.com.br\/?p=148070"},"modified":"2026-08-30T22:03:08","modified_gmt":"2026-08-31T01:03:08","slug":"com-gols-no-segundo-tempo-mirassol-e-palmeiras-ficam-no-1-a-1-pelo-campeonato-brasileiro","status":"publish","type":"post","link":"https:\/\/noticiasbahia360.com.br\/?p=148070","title":{"rendered":"Com gols no segundo tempo, Mirassol e Palmeiras ficam no 1 a 1 pelo Campeonato Brasileiro"},"content":{"rendered":"<div>\n<div>\n<figure><img decoding=\"async\" src=\"http:\/\/noticiasbahia360.com.br\/wp-content\/uploads\/2026\/08\/Palmeiras-x-Mirassol-Foto-Cesar-Greco-Palmeiras.jpg\" alt=\"Palmeiras x Mirassol\"><figcaption>Foto: Cesar Greco\/ Palmeiras<\/figcaption><\/figure>\n<\/div>\n<p class=\"wp-block-paragraph\">Mirassol e Palmeiras empataram por 1 a 1 na noite deste domingo (30), no Est\u00e1dio Municipal Jos\u00e9 Maria de Campos Maia, em Mirassol, S\u00e3o Paulo, pela 25\u00aa rodada do Campeonato Brasileiro.<\/p>\n<p class=\"wp-block-paragraph\">Com o resultado, o mandante Mirassol chegou aos 25 pontos e permanece na luta para se afastar da zona de rebaixamento. J\u00e1 o Palmeiras alcan\u00e7ou 52 pontos, mantendo a lideran\u00e7a da competi\u00e7\u00e3o nacional, mas viu a vantagem sobre o vice-l\u00edder Flamengo cair para quatro pontos.<\/p>\n<h2 id=\"h-gols-no-segundo-tempo\" class=\"wp-block-heading\"><strong>Gols no segundo tempo<sup><\/sup><\/strong><\/h2>\n<p class=\"wp-block-paragraph\">Ap\u00f3s uma primeira etapa sem gols, a equipe da casa abriu o placar aos quatro minutos do segundo tempo. Igor Formiga cruzou pela direita e o atacante Eduardo subiu na \u00e1rea para cabecear no canto do goleiro.<sup><\/sup><\/p>\n<p class=\"wp-block-paragraph\">O Palmeiras reagiu e conquistou a igualdade aos 29 minutos.<sup><\/sup> Ap\u00f3s cruzamento na \u00e1rea e desvio de Gustavo G\u00f3mez, a bola sobrou para o meio-campista Mauricio mandar para o fundo das redes.<sup><\/sup><\/p>\n<h2 id=\"h-proximo-compromisso\" class=\"wp-block-heading\"><strong>Pr\u00f3ximo compromisso<\/strong><\/h2>\n<p class=\"wp-block-paragraph\">As duas equipes voltam a campo na pr\u00f3xima quarta-feira (2). O Palmeiras joga \u00e0s 21h30 na Vila Belmiro contra o Santos, pelo jogo de volta das quartas de final da Copa do Brasil, defendendo a vantagem de 3 a 0 constru\u00edda na ida. J\u00e1 o Mirassol enfrenta o Flamengo no Maracan\u00e3, no Rio de Janeiro, \u00e0s 19h30, em partida pelo Campeonato Brasileiro.<\/p>\n<p class=\"wp-block-paragraph\"><em>Siga o Acorda Cidade no\u00a0<\/em><a href=\"https:\/\/news.google.com\/search?q=acorda%20cidade&amp;hl=pt-BR&amp;gl=BR&amp;ceid=BR%3Apt-419\"><strong><em>Google Not\u00edcias<\/em><\/strong><\/a><em>\u00a0e receba os principais destaques do dia. Participe tamb\u00e9m dos nossos canais no\u00a0<\/em><a href=\"https:\/\/www.whatsapp.com\/channel\/0029Va6Rb4v3WHTNnsh8WI3N\"><strong><em>WhatsApp<\/em><\/strong><\/a><em>\u00a0e\u00a0<\/em><a href=\"https:\/\/www.youtube.com\/@acordacidadenoticias\/videos\"><strong>YouTube<\/strong><\/a><em>\u00a0e do grupo no\u00a0<\/em><a href=\"https:\/\/t.me\/+sSz0khrgARA0ZmRh\"><strong><em>Telegram<\/em><\/strong><\/a><em>.<\/em><\/p>\n<\/div>\n","protected":false},"excerpt":{"rendered":"<p>Foto: Cesar Greco\/ Palmeiras Mirassol e Palmeiras empataram por 1 a 1 na noite deste<\/p>\n","protected":false},"author":1,"featured_media":148071,"comment_status":"closed","ping_status":"closed","sticky":false,"template":"","format":"gallery","meta":{"footnotes":""},"categories":[8,9,6,57,56,10],"tags":[],"class_list":["post-148070","post","type-post","status-publish","format-gallery","has-post-thumbnail","hentry","category-bahia","category-brasil","category-feira-de-santana","category-mundo","category-policia","category-politica","post_format-post-format-gallery"],"featured_image_urls":{"full":["https:\/\/noticiasbahia360.com.br\/wp-content\/uploads\/2026\/08\/Palmeiras-x-Mirassol-Foto-Cesar-Greco-Palmeiras.jpg",1200,676,false],"thumbnail":["https:\/\/noticiasbahia360.com.br\/wp-content\/uploads\/2026\/08\/Palmeiras-x-Mirassol-Foto-Cesar-Greco-Palmeiras-150x150.jpg",150,150,true],"medium":["https:\/\/noticiasbahia360.com.br\/wp-content\/uploads\/2026\/08\/Palmeiras-x-Mirassol-Foto-Cesar-Greco-Palmeiras-300x169.jpg",300,169,true],"medium_large":["https:\/\/noticiasbahia360.com.br\/wp-content\/uploads\/2026\/08\/Palmeiras-x-Mirassol-Foto-Cesar-Greco-Palmeiras-768x433.jpg",640,361,true],"large":["https:\/\/noticiasbahia360.com.br\/wp-content\/uploads\/2026\/08\/Palmeiras-x-Mirassol-Foto-Cesar-Greco-Palmeiras-1024x577.jpg",640,361,true],"1536x1536":["https:\/\/noticiasbahia360.com.br\/wp-content\/uploads\/2026\/08\/Palmeiras-x-Mirassol-Foto-Cesar-Greco-Palmeiras.jpg",1200,676,false],"2048x2048":["https:\/\/noticiasbahia360.com.br\/wp-content\/uploads\/2026\/08\/Palmeiras-x-Mirassol-Foto-Cesar-Greco-Palmeiras.jpg",1200,676,false],"chromenews-featured":["https:\/\/noticiasbahia360.com.br\/wp-content\/uploads\/2026\/08\/Palmeiras-x-Mirassol-Foto-Cesar-Greco-Palmeiras-1024x577.jpg",1024,577,true],"chromenews-large":["https:\/\/noticiasbahia360.com.br\/wp-content\/uploads\/2026\/08\/Palmeiras-x-Mirassol-Foto-Cesar-Greco-Palmeiras-825x575.jpg",825,575,true],"chromenews-medium":["https:\/\/noticiasbahia360.com.br\/wp-content\/uploads\/2026\/08\/Palmeiras-x-Mirassol-Foto-Cesar-Greco-Palmeiras-590x410.jpg",590,410,true]},"author_info":{"display_name":"noticiasbahia360.com.br","author_link":"https:\/\/noticiasbahia360.com.br\/?author=1"},"category_info":"<a href=\"https:\/\/noticiasbahia360.com.br\/?cat=8\" rel=\"category\">Bahia<\/a> <a href=\"https:\/\/noticiasbahia360.com.br\/?cat=9\" rel=\"category\">Brasil<\/a> <a href=\"https:\/\/noticiasbahia360.com.br\/?cat=6\" rel=\"category\">Feira de Santana<\/a> <a href=\"https:\/\/noticiasbahia360.com.br\/?cat=57\" rel=\"category\">Mundo<\/a> <a href=\"https:\/\/noticiasbahia360.com.br\/?cat=56\" rel=\"category\">Pol\u00edcia<\/a> <a href=\"https:\/\/noticiasbahia360.com.br\/?cat=10\" rel=\"category\">Pol\u00edtica<\/a>","tag_info":"Pol\u00edtica","comment_count":"0","_links":{"self":[{"href":"https:\/\/noticiasbahia360.com.br\/index.php?rest_route=\/wp\/v2\/posts\/148070","targetHints":{"allow":["GET"]}}],"collection":[{"href":"https:\/\/noticiasbahia360.com.br\/index.php?rest_route=\/wp\/v2\/posts"}],"about":[{"href":"https:\/\/noticiasbahia360.com.br\/index.php?rest_route=\/wp\/v2\/types\/post"}],"author":[{"embeddable":true,"href":"https:\/\/noticiasbahia360.com.br\/index.php?rest_route=\/wp\/v2\/users\/1"}],"replies":[{"embeddable":true,"href":"https:\/\/noticiasbahia360.com.br\/index.php?rest_route=%2Fwp%2Fv2%2Fcomments&post=148070"}],"version-history":[{"count":0,"href":"https:\/\/noticiasbahia360.com.br\/index.php?rest_route=\/wp\/v2\/posts\/148070\/revisions"}],"wp:featuredmedia":[{"embeddable":true,"href":"https:\/\/noticiasbahia360.com.br\/index.php?rest_route=\/wp\/v2\/media\/148071"}],"wp:attachment":[{"href":"https:\/\/noticiasbahia360.com.br\/index.php?rest_route=%2Fwp%2Fv2%2Fmedia&parent=148070"}],"wp:term":[{"taxonomy":"category","embeddable":true,"href":"https:\/\/noticiasbahia360.com.br\/index.php?rest_route=%2Fwp%2Fv2%2Fcategories&post=148070"},{"taxonomy":"post_tag","embeddable":true,"href":"https:\/\/noticiasbahia360.com.br\/index.php?rest_route=%2Fwp%2Fv2%2Ftags&post=148070"}],"curies":[{"name":"wp","href":"https:\/\/api.w.org\/{rel}","templated":true}]}}