{"id":148072,"date":"2026-08-30T22:03:09","date_gmt":"2026-08-31T01:03:09","guid":{"rendered":"https:\/\/noticiasbahia360.com.br\/?p=148072"},"modified":"2026-08-30T22:03:09","modified_gmt":"2026-08-31T01:03:09","slug":"bahia-vence-o-internacional-por-3-a-2-e-retorna-a-zona-de-classificacao-da-libertadores","status":"publish","type":"post","link":"https:\/\/noticiasbahia360.com.br\/?p=148072","title":{"rendered":"Bahia vence o Internacional por 3 a 2 e retorna \u00e0 zona de classifica\u00e7\u00e3o da Libertadores"},"content":{"rendered":"<div>\n<div>\n<figure><img decoding=\"async\" src=\"http:\/\/noticiasbahia360.com.br\/wp-content\/uploads\/2026\/08\/Bahia-e-Internacional-Foto-Gleidson-Santana-Bahia-Noticias.jpg\" alt=\"Bahia e Internacional\"><figcaption>Foto: Gleidson Santana \/ Bahia Not\u00edcias<br \/>\n<\/figcaption><\/figure>\n<\/div>\n<p class=\"wp-block-paragraph\">Com direito a virada na Casa de Apostas Arena Fonte Nova, comandada por Erick Pulga, o Bahia venceu o Internacional de virada por 3 a 2, neste domingo (30), pela 25\u00aa rodada do Campeonato Brasileiro. Pulga marcou duas vezes e Erick completou os gols do Tricolor, enquanto Alan Patrick e Vitinho balan\u00e7aram as redes para os visitantes.<\/p>\n<p class=\"wp-block-paragraph\">O resultado recolocou o Tricolor de A\u00e7o na zona de classifica\u00e7\u00e3o para a Copa Libertadores. O Bahia chegou aos 40 pontos e subiu para a quinta coloca\u00e7\u00e3o na tabela.<\/p>\n<p class=\"wp-block-paragraph\">O Inter, por outro lado, permaneceu com 25 pontos e caiu para a zona de rebaixamento, ocupando a 18\u00aa posi\u00e7\u00e3o.<\/p>\n<p class=\"wp-block-paragraph\">Agora, o Esquadr\u00e3o ter\u00e1 seis dias de prepara\u00e7\u00e3o antes do pr\u00f3ximo compromisso. A equipe tricolor enfrenta o Red Bull Bragantino no s\u00e1bado (5), no Est\u00e1dio C\u00edcero de Souza Marques, pela 26\u00aa rodada do Campeonato Brasileiro.<\/p>\n<p class=\"wp-block-paragraph\">O Colorado, por sua vez, volta as aten\u00e7\u00f5es para o Gr\u00eamio. O time ga\u00facho disputa o Gre-Nal na quinta-feira (3), na Arena do Gr\u00eamio, pelo jogo de volta das quartas de final da Copa do Brasil. A ida terminou empatada sem gols.<\/p>\n<h2 id=\"h-o-jogo\" class=\"wp-block-heading\"><strong>O jogo<\/strong><\/h2>\n<p class=\"wp-block-paragraph\">Nos minutos iniciais, foi o Bahia quem ditou o ritmo, com a sua tradicional sa\u00edda com tr\u00eas homens de defesa e Luciano Juba mais centralizado no meio-campo. Dessa forma, chegou com jogadas de perigo pela esquerda, com Erick Pulga, mas teve pouca objetividade. O Inter apostou em jogadas de contra-ataque e chegou com perigo pela primeira vez no jogo aos seis minutos.<\/p>\n<p class=\"wp-block-paragraph\">O lance de perigo em quest\u00e3o veio com Alan Patrick, que recebeu pelo meio, cruzou para Bernabei, no lado esquerdo da grande \u00e1rea, e o argentino chutou muito alto em dire\u00e7\u00e3o ao gol de Ronaldo.<\/p>\n<h2 id=\"h-gol-do-internacional\" class=\"wp-block-heading\"><strong>Gol do Internacional<\/strong><\/h2>\n<p class=\"wp-block-paragraph\">Aos 15 minutos, Alan Patrick recebeu pela esquerda ap\u00f3s boa troca de passes. O camisa 10 limpou o marcador e chutou de perna esquerda em dire\u00e7\u00e3o ao gol do Bahia. Ronaldo chegou a tocar na bola, mas n\u00e3o p\u00f4de evitar o gol.<\/p>\n<h2 id=\"h-bahia-responde-com-erick-pulga\" class=\"wp-block-heading\"><strong>Bahia responde com Erick Pulga!<\/strong><\/h2>\n<p class=\"wp-block-paragraph\">Kike Oliveira fez boa jogada individual pela direita, limpou o marcador e acionou Nico Acevedo. O volante al\u00e7ou a bola na \u00e1rea com muito efeito. Alejo V\u00e9liz passou por ela, mas Erick Pulga acertou de primeira e marcou um lindo gol, empatando o placar aos 22 minutos.<\/p>\n<h2 id=\"h-pulga-quase-vira-para-o-bahia\" class=\"wp-block-heading\"><strong>Pulga quase vira para o Bahia! <\/strong><\/h2>\n<p class=\"wp-block-paragraph\">Aos 27 minutos, Kike Oliveira recebeu de Rodrigo Nestor pela direita, carregou para o meio e cruzou para Erick Pulga, no segundo pau. O atacante testou de cabe\u00e7a, e Matheus Cunha evitou o gol tricolor.<\/p>\n<h2 id=\"h-ronaldo-faz-grande-defesa\" class=\"wp-block-heading\"><strong>Ronaldo faz grande defesa! <\/strong><\/h2>\n<p class=\"wp-block-paragraph\">O Internacional conseguiu um escanteio aos 33 minutos. Na cobran\u00e7a, Alan Patrick cruzou e encontrou F\u00e9lix Torres livre da marca\u00e7\u00e3o para subir sozinho, mas Ronaldo se jogou e ficou com a bola.\u00a0<\/p>\n<h2 id=\"h-erick-pulga-vira-o-placar\" class=\"wp-block-heading\"><strong>Erick Pulga vira o placar!! <\/strong><\/h2>\n<p class=\"wp-block-paragraph\">Aos 41 minutos, o Bahia saiu da press\u00e3o do Internacional de p\u00e9 em p\u00e9, at\u00e9 Ronaldo lan\u00e7ar para Alejo V\u00e9liz escorar com o calcanhar\u00a0na intermedi\u00e1ria. Pulga ficou com a bola na ponta esquerda, disparou at\u00e9 a entrada da \u00e1rea, limpou a marca\u00e7\u00e3o e chutou de perna direita. A bola desviou e morreu no fundo da rede.<\/p>\n<h2 id=\"h-erick-anota-o-terceiro-do-esquadrao\" class=\"wp-block-heading\"><strong>Erick anota o terceiro do Esquadr\u00e3o! <\/strong><\/h2>\n<p class=\"wp-block-paragraph\">No \u00faltimo minuto do jogo, Marip\u00e1n afastou cruzamento do Bahia e Kike Oliveira pegou a sobra para bater de longe na diagonal de Matheus Cunha. O goleiro colorado deu um presente para Erick, que livre, s\u00f3 empurrou para marcar o terceiro do Esquadr\u00e3o.<\/p>\n<h2 id=\"h-segundo-tempo\" class=\"wp-block-heading\"><strong>Segundo tempo <\/strong><\/h2>\n<p class=\"wp-block-paragraph\">O Internacional repetiu o que fez com o Bahia na primeira etapa. Mesmo com o Tricolor melhor no in\u00edcio, o Inter voltou a explorar as costas da defesa e diminui o placar novamente aos seis minutos.\u00a0<\/p>\n<p class=\"wp-block-paragraph\">Alan Patrick recebeu pela direita, avan\u00e7ou contra a marca\u00e7\u00e3o do Bahia, ganhou espa\u00e7o e cruzou rasteiro para Vitinho empurrar livre para o fundo da rede.\u00a0<\/p>\n<p class=\"wp-block-paragraph\">Um minuto depois, Rom\u00e1n Gomez vacilou na sa\u00edda de bola e perdeu para Thiago Maia. O volante lan\u00e7ou no ponto futuro para Vitinho empatar, mas o camisa 28, que estava livre de qualquer marca\u00e7\u00e3o, perdeu na cara do goleiro Ronaldo.<\/p>\n<h2 id=\"h-ademir-desperdica-uma-grande-chance\" class=\"wp-block-heading\"><strong>Ademir desperdi\u00e7a uma grande chance! <\/strong><\/h2>\n<p class=\"wp-block-paragraph\">Aos 13 minutos, Ademir recebeu bola enfiada de Alejo V\u00e9liz entre a marca\u00e7\u00e3o colorada e ficou livre para fazer o quarto. No entanto, pegou mal na bola e chutou para fora, \u00e0 esquerda de Matheus Cunha.<\/p>\n<h2 id=\"h-pulga-quer-o-quarto\" class=\"wp-block-heading\"><strong>Pulga quer o quarto! <\/strong><\/h2>\n<p class=\"wp-block-paragraph\">Erick Pulga recebeu passe pela esquerda de Rodrigo Nestor e driblou o zagueiro F\u00e9lix Torres no mano a mano pela esquerda. Com espa\u00e7o para chutar, ele arriscou um chute forte, mas a bola subiu rente ao travess\u00e3o.\u00a0<\/p>\n<h2 id=\"h-internacional-volta-a-assustar-o-bahia\" class=\"wp-block-heading\"><strong>Internacional volta a assustar o Bahia<\/strong><\/h2>\n<p class=\"wp-block-paragraph\">Aos 42, Bruno Henrique recebeu pela direita e disparou em profundidade para chutar forte em dire\u00e7\u00e3o ao gol de Ronaldo, mas a bola pegou na rede direita pelo lado de fora.<\/p>\n<h2 id=\"h-ficha-tecnica\" class=\"wp-block-heading\"><strong>Ficha t\u00e9cnica <\/strong><\/h2>\n<p class=\"wp-block-paragraph\"><strong>Bahia<\/strong>\u00a03\u00a0<strong>x<\/strong>\u00a02\u00a0<strong>Internacional<\/strong><br \/><strong>Competi\u00e7\u00e3o: Campeonato Brasileiro \u2014 25\u00aa rodada<br \/>Data:\u00a0<\/strong>30 de agosto de 2026, domingo<br \/><strong>Hor\u00e1rio:<\/strong>\u00a019h30<br \/><strong>Local:\u00a0<\/strong>Casa de Apostas Arena Fonte Nova, Salvador (BA)<br \/><strong>Transmiss\u00e3o:<\/strong>\u00a0SporTV e Premiere<br \/><strong>\u00c1rbitro:\u00a0<\/strong>Paulo Cesar Zanovelli da Silva (MG)<br \/><strong>Assistentes:<\/strong>\u00a0Guilherme Dias Camilo (MG) e Alex Sandro Quadros Thome (RR)<br \/><strong>Quarto \u00e1rbitro:<\/strong>\u00a0Paulo Roberto Alves Junior (PR)<br \/><strong>VAR:<\/strong>\u00a0Paulo Renato Moreira da Silva Coelho (RJ)<br \/><strong>Cart\u00f5es amarelos:\u00a0<\/strong>Kike Oliveira, Rom\u00e1n Gom\u00e9z, Michel Araujo e David Duarte\u00a0(Bahia) \/ Bernabei, Marip\u00e1n Paulo Pezzolano [T\u00e9c.] (Internacional)\u00a0<br \/><strong>Gols:\u00a0<\/strong>Erick Pulga [2], Erick (Bahia) \/ Alan Patrick e Vitinho\u00a0(Internacional)<\/p>\n<p class=\"wp-block-paragraph\"><strong>Bahia:<\/strong>\u00a0Ronaldo; Rom\u00e1n G\u00f3mez (Marcos Victor), David Duarte, Santiago Ramos Mingo e Luciano Juba; Nicol\u00e1s Acevedo, Erick (Michel Aaraujo) e Rodrigo Nestor (Caio Alexandre); Kike Olivera (Ademir), Erick Pulga (Ruan Pablo) e Alejo V\u00e9liz.<strong>T\u00e9cnico:<\/strong>\u00a0Rog\u00e9rio Ceni.<\/p>\n<p class=\"wp-block-paragraph\"><strong>Internacional:\u00a0<\/strong>Matheus Cunha; Braian Aguirre, F\u00e9lix Torres, Marip\u00e1n e Matheus Bahia (Juninho); Thiago Maia (Calebe),\u00a0Ronaldo e Bruno Henrique; Vitinho (Eliasson), Bernabei (Tonny Sanabria) e Alan Patrick (Carbonero).\u00a0<strong>T\u00e9cnico:<\/strong>\u00a0Paulo Pezzolano.<\/p>\n<p class=\"wp-block-paragraph\"><em>Fonte: <a href=\"https:\/\/www.bahianoticias.com.br\/esportes\/bahia\/34006-com-dois-gols-de-erick-pulga-bahia-vira-sobre-o-internacional-na-fonte-nova-e-retorna-ao-g-5-do-brasileirao\" target=\"_blank\" rel=\"noreferrer noopener\">Bahia Not\u00edcias<\/a>, parceiro do Acorda Cidade<\/em><\/p>\n<p class=\"wp-block-paragraph\"><em>Siga o Acorda Cidade no\u00a0<\/em><a href=\"https:\/\/news.google.com\/search?q=acorda%20cidade&amp;hl=pt-BR&amp;gl=BR&amp;ceid=BR%3Apt-419\"><strong><em>Google Not\u00edcias<\/em><\/strong><\/a><em>\u00a0e receba os principais destaques do dia. Participe tamb\u00e9m dos nossos canais no\u00a0<\/em><a href=\"https:\/\/www.whatsapp.com\/channel\/0029Va6Rb4v3WHTNnsh8WI3N\"><strong><em>WhatsApp<\/em><\/strong><\/a><em>\u00a0e\u00a0<\/em><a href=\"https:\/\/www.youtube.com\/@acordacidadenoticias\/videos\"><strong>YouTube<\/strong><\/a><em>\u00a0e do grupo no\u00a0<\/em><a href=\"https:\/\/t.me\/+sSz0khrgARA0ZmRh\"><strong><em>Telegram<\/em><\/strong><\/a><em>.<\/em><\/p>\n<\/div>\n","protected":false},"excerpt":{"rendered":"<p>Foto: Gleidson Santana \/ Bahia Not\u00edcias Com direito a virada na Casa de Apostas Arena<\/p>\n","protected":false},"author":1,"featured_media":148073,"comment_status":"closed","ping_status":"closed","sticky":false,"template":"","format":"gallery","meta":{"footnotes":""},"categories":[8,9,6,57,56,10],"tags":[],"class_list":["post-148072","post","type-post","status-publish","format-gallery","has-post-thumbnail","hentry","category-bahia","category-brasil","category-feira-de-santana","category-mundo","category-policia","category-politica","post_format-post-format-gallery"],"featured_image_urls":{"full":["https:\/\/noticiasbahia360.com.br\/wp-content\/uploads\/2026\/08\/Bahia-e-Internacional-Foto-Gleidson-Santana-Bahia-Noticias.jpg",1200,630,false],"thumbnail":["https:\/\/noticiasbahia360.com.br\/wp-content\/uploads\/2026\/08\/Bahia-e-Internacional-Foto-Gleidson-Santana-Bahia-Noticias-150x150.jpg",150,150,true],"medium":["https:\/\/noticiasbahia360.com.br\/wp-content\/uploads\/2026\/08\/Bahia-e-Internacional-Foto-Gleidson-Santana-Bahia-Noticias-300x158.jpg",300,158,true],"medium_large":["https:\/\/noticiasbahia360.com.br\/wp-content\/uploads\/2026\/08\/Bahia-e-Internacional-Foto-Gleidson-Santana-Bahia-Noticias-768x403.jpg",640,336,true],"large":["https:\/\/noticiasbahia360.com.br\/wp-content\/uploads\/2026\/08\/Bahia-e-Internacional-Foto-Gleidson-Santana-Bahia-Noticias-1024x538.jpg",640,336,true],"1536x1536":["https:\/\/noticiasbahia360.com.br\/wp-content\/uploads\/2026\/08\/Bahia-e-Internacional-Foto-Gleidson-Santana-Bahia-Noticias.jpg",1200,630,false],"2048x2048":["https:\/\/noticiasbahia360.com.br\/wp-content\/uploads\/2026\/08\/Bahia-e-Internacional-Foto-Gleidson-Santana-Bahia-Noticias.jpg",1200,630,false],"chromenews-featured":["https:\/\/noticiasbahia360.com.br\/wp-content\/uploads\/2026\/08\/Bahia-e-Internacional-Foto-Gleidson-Santana-Bahia-Noticias-1024x538.jpg",1024,538,true],"chromenews-large":["https:\/\/noticiasbahia360.com.br\/wp-content\/uploads\/2026\/08\/Bahia-e-Internacional-Foto-Gleidson-Santana-Bahia-Noticias-825x575.jpg",825,575,true],"chromenews-medium":["https:\/\/noticiasbahia360.com.br\/wp-content\/uploads\/2026\/08\/Bahia-e-Internacional-Foto-Gleidson-Santana-Bahia-Noticias-590x410.jpg",590,410,true]},"author_info":{"display_name":"noticiasbahia360.com.br","author_link":"https:\/\/noticiasbahia360.com.br\/?author=1"},"category_info":"<a href=\"https:\/\/noticiasbahia360.com.br\/?cat=8\" rel=\"category\">Bahia<\/a> <a href=\"https:\/\/noticiasbahia360.com.br\/?cat=9\" rel=\"category\">Brasil<\/a> <a href=\"https:\/\/noticiasbahia360.com.br\/?cat=6\" rel=\"category\">Feira de Santana<\/a> <a href=\"https:\/\/noticiasbahia360.com.br\/?cat=57\" rel=\"category\">Mundo<\/a> <a href=\"https:\/\/noticiasbahia360.com.br\/?cat=56\" rel=\"category\">Pol\u00edcia<\/a> <a href=\"https:\/\/noticiasbahia360.com.br\/?cat=10\" rel=\"category\">Pol\u00edtica<\/a>","tag_info":"Pol\u00edtica","comment_count":"0","_links":{"self":[{"href":"https:\/\/noticiasbahia360.com.br\/index.php?rest_route=\/wp\/v2\/posts\/148072","targetHints":{"allow":["GET"]}}],"collection":[{"href":"https:\/\/noticiasbahia360.com.br\/index.php?rest_route=\/wp\/v2\/posts"}],"about":[{"href":"https:\/\/noticiasbahia360.com.br\/index.php?rest_route=\/wp\/v2\/types\/post"}],"author":[{"embeddable":true,"href":"https:\/\/noticiasbahia360.com.br\/index.php?rest_route=\/wp\/v2\/users\/1"}],"replies":[{"embeddable":true,"href":"https:\/\/noticiasbahia360.com.br\/index.php?rest_route=%2Fwp%2Fv2%2Fcomments&post=148072"}],"version-history":[{"count":0,"href":"https:\/\/noticiasbahia360.com.br\/index.php?rest_route=\/wp\/v2\/posts\/148072\/revisions"}],"wp:featuredmedia":[{"embeddable":true,"href":"https:\/\/noticiasbahia360.com.br\/index.php?rest_route=\/wp\/v2\/media\/148073"}],"wp:attachment":[{"href":"https:\/\/noticiasbahia360.com.br\/index.php?rest_route=%2Fwp%2Fv2%2Fmedia&parent=148072"}],"wp:term":[{"taxonomy":"category","embeddable":true,"href":"https:\/\/noticiasbahia360.com.br\/index.php?rest_route=%2Fwp%2Fv2%2Fcategories&post=148072"},{"taxonomy":"post_tag","embeddable":true,"href":"https:\/\/noticiasbahia360.com.br\/index.php?rest_route=%2Fwp%2Fv2%2Ftags&post=148072"}],"curies":[{"name":"wp","href":"https:\/\/api.w.org\/{rel}","templated":true}]}}