{"id":148085,"date":"2026-08-31T07:05:15","date_gmt":"2026-08-31T10:05:15","guid":{"rendered":"https:\/\/noticiasbahia360.com.br\/?p=148085"},"modified":"2026-08-31T07:05:15","modified_gmt":"2026-08-31T10:05:15","slug":"primeiro-reitor-da-uefs-geraldo-leite-e-indicado-ao-premio-nobel-da-paz","status":"publish","type":"post","link":"https:\/\/noticiasbahia360.com.br\/?p=148085","title":{"rendered":"Primeiro reitor da Uefs, Geraldo Leite \u00e9 indicado ao Pr\u00eamio Nobel da Paz"},"content":{"rendered":"<div>\n<div>\n<figure><img decoding=\"async\" src=\"http:\/\/noticiasbahia360.com.br\/wp-content\/uploads\/2026\/08\/ex-reitor-da-Uefs-Foto-Izinaldo-Barreto.png\" alt=\"Geraldo Leite, m\u00e9dico\"><figcaption>Geraldo Leite, m\u00e9dico | Foto: Izinaldo Barreto<\/figcaption><\/figure>\n<\/div>\n<p class=\"wp-block-paragraph\">Primeiro reitor da Universidade Estadual de Feira de Santana (Uefs), o m\u00e9dico Geraldo Leite foi indicado ao Pr\u00eamio Nobel da Paz 2027. A proposta, feita pelo presidente do Instituto Geogr\u00e1fico e Hist\u00f3rico da Bahia (IGHB), Joaci G\u00f3es, recebeu uma Mo\u00e7\u00e3o de Apoio da C\u00e2mara Municipal de Feira de Santana. A iniciativa \u00e9 do vereador Jorge Oliveira (PRD).<\/p>\n<p class=\"wp-block-paragraph\">Natural de Aracaju, no estado de Sergipe, Geraldo Leite nasceu no dia 23 de abril de 1926 e tem 100 anos de idade. Bacharel em Medicina pela Universidade Federal da Bahia (Ufba), na turma de 1950, construiu grande parte de sua vida profissional na Bahia. Entre suas atua\u00e7\u00f5es, foi o primeiro reitor da Universidade Estadual de Feira de Santana (Uefs); presidente da Associa\u00e7\u00e3o Bahiana de Medicina (ABM); diretor da Escola Bahiana de Medicina e Sa\u00fade P\u00fablica por dois mandatos consecutivos, em 1993 e 1997; fundou o Instituto Bahiano de Hist\u00f3ria da Medicina e \u00e9 Membro Em\u00e9rito da Academia de Medicina da Bahia (AMB).<\/p>\n<p class=\"wp-block-paragraph\">Aos 96 anos, em 2022, lan\u00e7ou o primeiro livro da trilogia sobre o amigo e m\u00e9dico Jos\u00e9 Silveira (1904-2001), que, em 1937, fundou o Instituto Brasileiro para Investiga\u00e7\u00e3o da Tuberculose (Ibit), em Salvador, Bahia. Com um extenso curr\u00edculo, o sergipano, com cidadania feirense, \u201c\u00e9 um homem al\u00e9m do seu tempo\u201d, destacou Jorge Oliveira na Mo\u00e7\u00e3o.<\/p>\n<p class=\"wp-block-paragraph\">Segundo o parlamentar, a vida e as obras de Geraldo Leite est\u00e3o \u201cimortalizadas nos cora\u00e7\u00f5es e mentes de todos que o conheceram e o conhecem\u201d. Membro Honor\u00e1rio da Academia Feirense de Letras, o m\u00e9dico tem uma indica\u00e7\u00e3o \u201cmais do que justa\u201d. E acrescentou: \u201cEssa deve ser uma bandeira que as entidades cient\u00edficas, culturais e liter\u00e1rias de todo o Brasil devem defender\u201d.<\/p>\n<p class=\"wp-block-paragraph\"><em>Fonte: C\u00e2mara de Vereadores de Feira de Santana <\/em><\/p>\n<p class=\"wp-block-paragraph\"><em>Siga o Acorda Cidade no\u00a0<\/em><a href=\"https:\/\/news.google.com\/search?q=acorda%20cidade&amp;hl=pt-BR&amp;gl=BR&amp;ceid=BR%3Apt-419\"><strong><em>Google Not\u00edcias<\/em><\/strong><\/a><em>\u00a0e receba os principais destaques do dia. Participe tamb\u00e9m dos nossos canais no\u00a0<\/em><a href=\"https:\/\/www.whatsapp.com\/channel\/0029Va6Rb4v3WHTNnsh8WI3N\"><strong><em>WhatsApp<\/em><\/strong><\/a><em>\u00a0e\u00a0<\/em><a href=\"https:\/\/www.youtube.com\/@acordacidadenoticias\/videos\"><strong>YouTube<\/strong><\/a><em>\u00a0e do grupo no\u00a0<\/em><a href=\"https:\/\/t.me\/+sSz0khrgARA0ZmRh\"><strong><em>Telegram<\/em><\/strong><\/a><em>.<\/em><\/p>\n<\/div>\n","protected":false},"excerpt":{"rendered":"<p>Geraldo Leite, m\u00e9dico | Foto: Izinaldo Barreto Primeiro reitor da Universidade Estadual de Feira de<\/p>\n","protected":false},"author":1,"featured_media":148086,"comment_status":"closed","ping_status":"closed","sticky":false,"template":"","format":"gallery","meta":{"footnotes":""},"categories":[8,9,6,57,56,10],"tags":[],"class_list":["post-148085","post","type-post","status-publish","format-gallery","has-post-thumbnail","hentry","category-bahia","category-brasil","category-feira-de-santana","category-mundo","category-policia","category-politica","post_format-post-format-gallery"],"featured_image_urls":{"full":["https:\/\/noticiasbahia360.com.br\/wp-content\/uploads\/2026\/08\/ex-reitor-da-Uefs-Foto-Izinaldo-Barreto.png",1200,675,false],"thumbnail":["https:\/\/noticiasbahia360.com.br\/wp-content\/uploads\/2026\/08\/ex-reitor-da-Uefs-Foto-Izinaldo-Barreto-150x150.png",150,150,true],"medium":["https:\/\/noticiasbahia360.com.br\/wp-content\/uploads\/2026\/08\/ex-reitor-da-Uefs-Foto-Izinaldo-Barreto-300x169.png",300,169,true],"medium_large":["https:\/\/noticiasbahia360.com.br\/wp-content\/uploads\/2026\/08\/ex-reitor-da-Uefs-Foto-Izinaldo-Barreto-768x432.png",640,360,true],"large":["https:\/\/noticiasbahia360.com.br\/wp-content\/uploads\/2026\/08\/ex-reitor-da-Uefs-Foto-Izinaldo-Barreto-1024x576.png",640,360,true],"1536x1536":["https:\/\/noticiasbahia360.com.br\/wp-content\/uploads\/2026\/08\/ex-reitor-da-Uefs-Foto-Izinaldo-Barreto.png",1200,675,false],"2048x2048":["https:\/\/noticiasbahia360.com.br\/wp-content\/uploads\/2026\/08\/ex-reitor-da-Uefs-Foto-Izinaldo-Barreto.png",1200,675,false],"chromenews-featured":["https:\/\/noticiasbahia360.com.br\/wp-content\/uploads\/2026\/08\/ex-reitor-da-Uefs-Foto-Izinaldo-Barreto-1024x576.png",1024,576,true],"chromenews-large":["https:\/\/noticiasbahia360.com.br\/wp-content\/uploads\/2026\/08\/ex-reitor-da-Uefs-Foto-Izinaldo-Barreto-825x575.png",825,575,true],"chromenews-medium":["https:\/\/noticiasbahia360.com.br\/wp-content\/uploads\/2026\/08\/ex-reitor-da-Uefs-Foto-Izinaldo-Barreto-590x410.png",590,410,true]},"author_info":{"display_name":"noticiasbahia360.com.br","author_link":"https:\/\/noticiasbahia360.com.br\/?author=1"},"category_info":"<a href=\"https:\/\/noticiasbahia360.com.br\/?cat=8\" rel=\"category\">Bahia<\/a> <a href=\"https:\/\/noticiasbahia360.com.br\/?cat=9\" rel=\"category\">Brasil<\/a> <a href=\"https:\/\/noticiasbahia360.com.br\/?cat=6\" rel=\"category\">Feira de Santana<\/a> <a href=\"https:\/\/noticiasbahia360.com.br\/?cat=57\" rel=\"category\">Mundo<\/a> <a href=\"https:\/\/noticiasbahia360.com.br\/?cat=56\" rel=\"category\">Pol\u00edcia<\/a> <a href=\"https:\/\/noticiasbahia360.com.br\/?cat=10\" rel=\"category\">Pol\u00edtica<\/a>","tag_info":"Pol\u00edtica","comment_count":"0","_links":{"self":[{"href":"https:\/\/noticiasbahia360.com.br\/index.php?rest_route=\/wp\/v2\/posts\/148085","targetHints":{"allow":["GET"]}}],"collection":[{"href":"https:\/\/noticiasbahia360.com.br\/index.php?rest_route=\/wp\/v2\/posts"}],"about":[{"href":"https:\/\/noticiasbahia360.com.br\/index.php?rest_route=\/wp\/v2\/types\/post"}],"author":[{"embeddable":true,"href":"https:\/\/noticiasbahia360.com.br\/index.php?rest_route=\/wp\/v2\/users\/1"}],"replies":[{"embeddable":true,"href":"https:\/\/noticiasbahia360.com.br\/index.php?rest_route=%2Fwp%2Fv2%2Fcomments&post=148085"}],"version-history":[{"count":0,"href":"https:\/\/noticiasbahia360.com.br\/index.php?rest_route=\/wp\/v2\/posts\/148085\/revisions"}],"wp:featuredmedia":[{"embeddable":true,"href":"https:\/\/noticiasbahia360.com.br\/index.php?rest_route=\/wp\/v2\/media\/148086"}],"wp:attachment":[{"href":"https:\/\/noticiasbahia360.com.br\/index.php?rest_route=%2Fwp%2Fv2%2Fmedia&parent=148085"}],"wp:term":[{"taxonomy":"category","embeddable":true,"href":"https:\/\/noticiasbahia360.com.br\/index.php?rest_route=%2Fwp%2Fv2%2Fcategories&post=148085"},{"taxonomy":"post_tag","embeddable":true,"href":"https:\/\/noticiasbahia360.com.br\/index.php?rest_route=%2Fwp%2Fv2%2Ftags&post=148085"}],"curies":[{"name":"wp","href":"https:\/\/api.w.org\/{rel}","templated":true}]}}