{"id":148087,"date":"2026-08-31T07:05:19","date_gmt":"2026-08-31T10:05:19","guid":{"rendered":"https:\/\/noticiasbahia360.com.br\/?p=148087"},"modified":"2026-08-31T07:05:19","modified_gmt":"2026-08-31T10:05:19","slug":"quatro-criancas-da-mesma-familia-morrem-afogadas-em-reservatorio-na-bahia","status":"publish","type":"post","link":"https:\/\/noticiasbahia360.com.br\/?p=148087","title":{"rendered":"Quatro crian\u00e7as da mesma fam\u00edlia morrem afogadas em reservat\u00f3rio na Bahia"},"content":{"rendered":"<div>\n<div>\n<figure><img decoding=\"async\" src=\"http:\/\/noticiasbahia360.com.br\/wp-content\/uploads\/2026\/08\/Quatro-criancas-da-mesma-familia-morrem-afogadas-em-reservatorio-na-Bahia-foto-divulgacao-.jpg\" alt=\"Quatro crian\u00e7as da mesma fam\u00edlia morrem afogadas em reservat\u00f3rio na Bahia\"><figcaption>Foto: Reprodu\u00e7\u00e3o \/ Achei Sudoeste <\/figcaption><\/figure>\n<\/div>\n<p class=\"wp-block-paragraph\">Quatro crian\u00e7as da mesma fam\u00edlia morreram afogadas em um reservat\u00f3rio na zona rural de Paramirim. O fato ocorreu em uma propriedade particular na localidade de Salina Branca, na tarde do domingo (30).<\/p>\n<p class=\"wp-block-paragraph\">Segundo o Achei Sudoeste, site parceiro do Acorda Cidade, as v\u00edtimas foram identificadas como os irm\u00e3os Jefferson Davi Silva Oliveira, de 9 anos; Diego Silva Oliveira, de 6; Jos\u00e9 Diogo Silva Oliveira, de 3; e o primo deles, Lorenzo Almeida Cardoso, de 8 anos.<\/p>\n<p class=\"wp-block-paragraph\">Segundo informa\u00e7\u00f5es da 46\u00aa Companhia Independente de Pol\u00edcia Militar (CIPM), a equipe foi acionada por volta das 15h para atender \u00e0 ocorr\u00eancia. Conforme relatos de moradores, duas pessoas adultas e cinco crian\u00e7as estavam em uma embarca\u00e7\u00e3o improvisada quando o acidente aconteceu.<\/p>\n<p class=\"wp-block-paragraph\">Ainda segundo o site parceiro do Acorda Cidade, os adultos tentaram retirar as crian\u00e7as da \u00e1gua e conseguiram resgatar apenas uma delas com vida. As outras quatro afundaram no reservat\u00f3rio e n\u00e3o foram localizadas inicialmente. Equipes do Servi\u00e7o de Atendimento M\u00f3vel de Urg\u00eancia (Samu) tamb\u00e9m foram acionadas.<\/p>\n<p class=\"wp-block-paragraph\">O Corpo de Bombeiros foi respons\u00e1vel por fazer as buscas e retirar os corpos que permaneceram submersos. O Departamento de Pol\u00edcia T\u00e9cnica (DPT) tamb\u00e9m esteve no local para os procedimentos periciais.<\/p>\n<p class=\"wp-block-paragraph\">Ap\u00f3s serem removidos, os corpos foram encaminhados ao Instituto M\u00e9dico Legal (IML) de Brumado. As circunst\u00e2ncias do acidente dever\u00e3o ser investigadas pelas autoridades.<\/p>\n<p class=\"wp-block-paragraph\">O caso provocou como\u00e7\u00e3o entre moradores da comunidade de Salina Branca e em outras localidades da regi\u00e3o sudoeste da Bahia.<\/p>\n<p class=\"wp-block-paragraph\"><em>Siga o Acorda Cidade no\u00a0<\/em><a href=\"https:\/\/news.google.com\/search?q=acorda%20cidade&amp;hl=pt-BR&amp;gl=BR&amp;ceid=BR%3Apt-419\"><strong><em>Google Not\u00edcias<\/em><\/strong><\/a><em>\u00a0e receba os principais destaques do dia. Participe tamb\u00e9m dos nossos canais no\u00a0<\/em><a href=\"https:\/\/www.whatsapp.com\/channel\/0029Va6Rb4v3WHTNnsh8WI3N\"><strong><em>WhatsApp<\/em><\/strong><\/a><em>\u00a0e\u00a0<\/em><a href=\"https:\/\/www.youtube.com\/@acordacidadenoticias\/videos\"><strong>YouTube<\/strong><\/a><em>\u00a0e do grupo no\u00a0<\/em><a href=\"https:\/\/t.me\/+sSz0khrgARA0ZmRh\"><strong><em>Telegram<\/em><\/strong><\/a><em>.<\/em><\/p>\n<\/div>\n","protected":false},"excerpt":{"rendered":"<p>Foto: Reprodu\u00e7\u00e3o \/ Achei Sudoeste Quatro crian\u00e7as da mesma fam\u00edlia morreram afogadas em um reservat\u00f3rio<\/p>\n","protected":false},"author":1,"featured_media":148088,"comment_status":"closed","ping_status":"closed","sticky":false,"template":"","format":"gallery","meta":{"footnotes":""},"categories":[8,9,6,57,56,10],"tags":[],"class_list":["post-148087","post","type-post","status-publish","format-gallery","has-post-thumbnail","hentry","category-bahia","category-brasil","category-feira-de-santana","category-mundo","category-policia","category-politica","post_format-post-format-gallery"],"featured_image_urls":{"full":["https:\/\/noticiasbahia360.com.br\/wp-content\/uploads\/2026\/08\/Quatro-criancas-da-mesma-familia-morrem-afogadas-em-reservatorio-na-Bahia-foto-divulgacao-.jpg",1200,698,false],"thumbnail":["https:\/\/noticiasbahia360.com.br\/wp-content\/uploads\/2026\/08\/Quatro-criancas-da-mesma-familia-morrem-afogadas-em-reservatorio-na-Bahia-foto-divulgacao--150x150.jpg",150,150,true],"medium":["https:\/\/noticiasbahia360.com.br\/wp-content\/uploads\/2026\/08\/Quatro-criancas-da-mesma-familia-morrem-afogadas-em-reservatorio-na-Bahia-foto-divulgacao--300x175.jpg",300,175,true],"medium_large":["https:\/\/noticiasbahia360.com.br\/wp-content\/uploads\/2026\/08\/Quatro-criancas-da-mesma-familia-morrem-afogadas-em-reservatorio-na-Bahia-foto-divulgacao--768x447.jpg",640,373,true],"large":["https:\/\/noticiasbahia360.com.br\/wp-content\/uploads\/2026\/08\/Quatro-criancas-da-mesma-familia-morrem-afogadas-em-reservatorio-na-Bahia-foto-divulgacao--1024x596.jpg",640,373,true],"1536x1536":["https:\/\/noticiasbahia360.com.br\/wp-content\/uploads\/2026\/08\/Quatro-criancas-da-mesma-familia-morrem-afogadas-em-reservatorio-na-Bahia-foto-divulgacao-.jpg",1200,698,false],"2048x2048":["https:\/\/noticiasbahia360.com.br\/wp-content\/uploads\/2026\/08\/Quatro-criancas-da-mesma-familia-morrem-afogadas-em-reservatorio-na-Bahia-foto-divulgacao-.jpg",1200,698,false],"chromenews-featured":["https:\/\/noticiasbahia360.com.br\/wp-content\/uploads\/2026\/08\/Quatro-criancas-da-mesma-familia-morrem-afogadas-em-reservatorio-na-Bahia-foto-divulgacao--1024x596.jpg",1024,596,true],"chromenews-large":["https:\/\/noticiasbahia360.com.br\/wp-content\/uploads\/2026\/08\/Quatro-criancas-da-mesma-familia-morrem-afogadas-em-reservatorio-na-Bahia-foto-divulgacao--825x575.jpg",825,575,true],"chromenews-medium":["https:\/\/noticiasbahia360.com.br\/wp-content\/uploads\/2026\/08\/Quatro-criancas-da-mesma-familia-morrem-afogadas-em-reservatorio-na-Bahia-foto-divulgacao--590x410.jpg",590,410,true]},"author_info":{"display_name":"noticiasbahia360.com.br","author_link":"https:\/\/noticiasbahia360.com.br\/?author=1"},"category_info":"<a href=\"https:\/\/noticiasbahia360.com.br\/?cat=8\" rel=\"category\">Bahia<\/a> <a href=\"https:\/\/noticiasbahia360.com.br\/?cat=9\" rel=\"category\">Brasil<\/a> <a href=\"https:\/\/noticiasbahia360.com.br\/?cat=6\" rel=\"category\">Feira de Santana<\/a> <a href=\"https:\/\/noticiasbahia360.com.br\/?cat=57\" rel=\"category\">Mundo<\/a> <a href=\"https:\/\/noticiasbahia360.com.br\/?cat=56\" rel=\"category\">Pol\u00edcia<\/a> <a href=\"https:\/\/noticiasbahia360.com.br\/?cat=10\" rel=\"category\">Pol\u00edtica<\/a>","tag_info":"Pol\u00edtica","comment_count":"0","_links":{"self":[{"href":"https:\/\/noticiasbahia360.com.br\/index.php?rest_route=\/wp\/v2\/posts\/148087","targetHints":{"allow":["GET"]}}],"collection":[{"href":"https:\/\/noticiasbahia360.com.br\/index.php?rest_route=\/wp\/v2\/posts"}],"about":[{"href":"https:\/\/noticiasbahia360.com.br\/index.php?rest_route=\/wp\/v2\/types\/post"}],"author":[{"embeddable":true,"href":"https:\/\/noticiasbahia360.com.br\/index.php?rest_route=\/wp\/v2\/users\/1"}],"replies":[{"embeddable":true,"href":"https:\/\/noticiasbahia360.com.br\/index.php?rest_route=%2Fwp%2Fv2%2Fcomments&post=148087"}],"version-history":[{"count":0,"href":"https:\/\/noticiasbahia360.com.br\/index.php?rest_route=\/wp\/v2\/posts\/148087\/revisions"}],"wp:featuredmedia":[{"embeddable":true,"href":"https:\/\/noticiasbahia360.com.br\/index.php?rest_route=\/wp\/v2\/media\/148088"}],"wp:attachment":[{"href":"https:\/\/noticiasbahia360.com.br\/index.php?rest_route=%2Fwp%2Fv2%2Fmedia&parent=148087"}],"wp:term":[{"taxonomy":"category","embeddable":true,"href":"https:\/\/noticiasbahia360.com.br\/index.php?rest_route=%2Fwp%2Fv2%2Fcategories&post=148087"},{"taxonomy":"post_tag","embeddable":true,"href":"https:\/\/noticiasbahia360.com.br\/index.php?rest_route=%2Fwp%2Fv2%2Ftags&post=148087"}],"curies":[{"name":"wp","href":"https:\/\/api.w.org\/{rel}","templated":true}]}}