{"id":148093,"date":"2026-08-31T08:01:16","date_gmt":"2026-08-31T11:01:16","guid":{"rendered":"https:\/\/noticiasbahia360.com.br\/?p=148093"},"modified":"2026-08-31T08:01:16","modified_gmt":"2026-08-31T11:01:16","slug":"dois-homens-sao-presos-com-arma-maconha-e-cocaina-durante-acao-da-pm-no-bairro-brasilia","status":"publish","type":"post","link":"https:\/\/noticiasbahia360.com.br\/?p=148093","title":{"rendered":"Dois homens s\u00e3o presos com arma, maconha e coca\u00edna durante a\u00e7\u00e3o da PM no bairro Bras\u00edlia"},"content":{"rendered":"<div>\n<div>\n<figure><img decoding=\"async\" src=\"http:\/\/noticiasbahia360.com.br\/wp-content\/uploads\/2026\/08\/Dois-homens-sao-presos-com-arma-maconha-e-cocaina-durante-acao-da-PM-no-bairro-Brasilia-foto-reproudcao-.jpg\" alt=\"Dois homens s\u00e3o presos com arma, maconha e coca\u00edna durante a\u00e7\u00e3o da PM no bairro Bras\u00edlia\"><figcaption>Foto: Divulga\u00e7\u00e3o <\/figcaption><\/figure>\n<\/div>\n<p class=\"wp-block-paragraph\">Dois homens foram presos suspeitos de porte ilegal de arma de fogo e tr\u00e1fico de drogas no bairro Bras\u00edlia, em Feira de Santana. A a\u00e7\u00e3o ocorreu na noite do domingo (30), por volta das 22h, no cruzamento das ruas Rio de Oliveira e Pedro Suzart.<\/p>\n<p class=\"wp-block-paragraph\">Segundo a Pol\u00edcia Militar (PM), uma equipe da Companhia de Emprego T\u00e1tico Operacional (Ceto) do 25\u00ba Batalh\u00e3o recebeu uma den\u00fancia sobre a pr\u00e1tica de tr\u00e1fico de drogas na regi\u00e3o e foi at\u00e9 o local para averiguar a situa\u00e7\u00e3o.<\/p>\n<p class=\"wp-block-paragraph\">Ao se aproximarem de um beco, os policiais visualizaram dois homens. Um deles estava ao lado de uma motocicleta, carregando uma mochila, enquanto o outro colocava sacos dentro do recipiente.<\/p>\n<p class=\"wp-block-paragraph\">Ainda conforme a PM, ao perceber a aproxima\u00e7\u00e3o da viatura, um dos suspeitos tentou fugir pelo beco. Os policiais realizaram o acompanhamento e conseguiram alcan\u00e7ar os dois homens.<\/p>\n<p class=\"wp-block-paragraph\">Durante a abordagem, um rev\u00f3lver calibre .38, com cinco muni\u00e7\u00f5es, foi encontrado na cintura do suspeito que tentou fugir. Dentro dos sacos que estavam sendo colocados na mochila, os policiais localizaram 14 por\u00e7\u00f5es de subst\u00e2ncia an\u00e1loga \u00e0 maconha e 13 por\u00e7\u00f5es de subst\u00e2ncia an\u00e1loga \u00e0 coca\u00edna.<\/p>\n<p class=\"wp-block-paragraph\">De acordo com a PM, o segundo suspeito informou aos policiais que havia ido ao local para receber as drogas e realizar a entrega das subst\u00e2ncias, assumindo participa\u00e7\u00e3o na atividade.<\/p>\n<p class=\"wp-block-paragraph\">Al\u00e9m da arma e dos entorpecentes, foram apreendidos dois celulares, duas balan\u00e7as de precis\u00e3o, uma mochila e uma motocicleta Honda Fan 150, de cor branca. Os dois homens, juntamente com todo o material apreendido, foram encaminhados \u00e0 delegacia competente para a ado\u00e7\u00e3o das medidas cab\u00edveis.<\/p>\n<p class=\"wp-block-paragraph\"><em>Com informa\u00e7\u00f5es do rep\u00f3rter Ed Santos, do Acorda Cidade.<\/em><\/p>\n<p class=\"wp-block-paragraph\"><em>Siga o Acorda Cidade no\u00a0<\/em><a href=\"https:\/\/news.google.com\/search?q=acorda%20cidade&amp;hl=pt-BR&amp;gl=BR&amp;ceid=BR%3Apt-419\"><strong><em>Google Not\u00edcias<\/em><\/strong><\/a><em>\u00a0e receba os principais destaques do dia. Participe tamb\u00e9m dos nossos canais no\u00a0<\/em><a href=\"https:\/\/www.whatsapp.com\/channel\/0029Va6Rb4v3WHTNnsh8WI3N\"><strong><em>WhatsApp<\/em><\/strong><\/a><em>\u00a0e\u00a0<\/em><a href=\"https:\/\/www.youtube.com\/@acordacidadenoticias\/videos\"><strong>YouTube<\/strong><\/a><em>\u00a0e do grupo no\u00a0<\/em><a href=\"https:\/\/t.me\/+sSz0khrgARA0ZmRh\"><strong><em>Telegram<\/em><\/strong><\/a><em>.<\/em><\/p>\n<\/div>\n","protected":false},"excerpt":{"rendered":"<p>Foto: Divulga\u00e7\u00e3o Dois homens foram presos suspeitos de porte ilegal de arma de fogo e<\/p>\n","protected":false},"author":1,"featured_media":148094,"comment_status":"closed","ping_status":"closed","sticky":false,"template":"","format":"gallery","meta":{"footnotes":""},"categories":[8,9,6,57,56,10],"tags":[],"class_list":["post-148093","post","type-post","status-publish","format-gallery","has-post-thumbnail","hentry","category-bahia","category-brasil","category-feira-de-santana","category-mundo","category-policia","category-politica","post_format-post-format-gallery"],"featured_image_urls":{"full":["https:\/\/noticiasbahia360.com.br\/wp-content\/uploads\/2026\/08\/Dois-homens-sao-presos-com-arma-maconha-e-cocaina-durante-acao-da-PM-no-bairro-Brasilia-foto-reproudcao-.jpg",1200,698,false],"thumbnail":["https:\/\/noticiasbahia360.com.br\/wp-content\/uploads\/2026\/08\/Dois-homens-sao-presos-com-arma-maconha-e-cocaina-durante-acao-da-PM-no-bairro-Brasilia-foto-reproudcao--150x150.jpg",150,150,true],"medium":["https:\/\/noticiasbahia360.com.br\/wp-content\/uploads\/2026\/08\/Dois-homens-sao-presos-com-arma-maconha-e-cocaina-durante-acao-da-PM-no-bairro-Brasilia-foto-reproudcao--300x175.jpg",300,175,true],"medium_large":["https:\/\/noticiasbahia360.com.br\/wp-content\/uploads\/2026\/08\/Dois-homens-sao-presos-com-arma-maconha-e-cocaina-durante-acao-da-PM-no-bairro-Brasilia-foto-reproudcao--768x447.jpg",640,373,true],"large":["https:\/\/noticiasbahia360.com.br\/wp-content\/uploads\/2026\/08\/Dois-homens-sao-presos-com-arma-maconha-e-cocaina-durante-acao-da-PM-no-bairro-Brasilia-foto-reproudcao--1024x596.jpg",640,373,true],"1536x1536":["https:\/\/noticiasbahia360.com.br\/wp-content\/uploads\/2026\/08\/Dois-homens-sao-presos-com-arma-maconha-e-cocaina-durante-acao-da-PM-no-bairro-Brasilia-foto-reproudcao-.jpg",1200,698,false],"2048x2048":["https:\/\/noticiasbahia360.com.br\/wp-content\/uploads\/2026\/08\/Dois-homens-sao-presos-com-arma-maconha-e-cocaina-durante-acao-da-PM-no-bairro-Brasilia-foto-reproudcao-.jpg",1200,698,false],"chromenews-featured":["https:\/\/noticiasbahia360.com.br\/wp-content\/uploads\/2026\/08\/Dois-homens-sao-presos-com-arma-maconha-e-cocaina-durante-acao-da-PM-no-bairro-Brasilia-foto-reproudcao--1024x596.jpg",1024,596,true],"chromenews-large":["https:\/\/noticiasbahia360.com.br\/wp-content\/uploads\/2026\/08\/Dois-homens-sao-presos-com-arma-maconha-e-cocaina-durante-acao-da-PM-no-bairro-Brasilia-foto-reproudcao--825x575.jpg",825,575,true],"chromenews-medium":["https:\/\/noticiasbahia360.com.br\/wp-content\/uploads\/2026\/08\/Dois-homens-sao-presos-com-arma-maconha-e-cocaina-durante-acao-da-PM-no-bairro-Brasilia-foto-reproudcao--590x410.jpg",590,410,true]},"author_info":{"display_name":"noticiasbahia360.com.br","author_link":"https:\/\/noticiasbahia360.com.br\/?author=1"},"category_info":"<a href=\"https:\/\/noticiasbahia360.com.br\/?cat=8\" rel=\"category\">Bahia<\/a> <a href=\"https:\/\/noticiasbahia360.com.br\/?cat=9\" rel=\"category\">Brasil<\/a> <a href=\"https:\/\/noticiasbahia360.com.br\/?cat=6\" rel=\"category\">Feira de Santana<\/a> <a href=\"https:\/\/noticiasbahia360.com.br\/?cat=57\" rel=\"category\">Mundo<\/a> <a href=\"https:\/\/noticiasbahia360.com.br\/?cat=56\" rel=\"category\">Pol\u00edcia<\/a> <a href=\"https:\/\/noticiasbahia360.com.br\/?cat=10\" rel=\"category\">Pol\u00edtica<\/a>","tag_info":"Pol\u00edtica","comment_count":"0","_links":{"self":[{"href":"https:\/\/noticiasbahia360.com.br\/index.php?rest_route=\/wp\/v2\/posts\/148093","targetHints":{"allow":["GET"]}}],"collection":[{"href":"https:\/\/noticiasbahia360.com.br\/index.php?rest_route=\/wp\/v2\/posts"}],"about":[{"href":"https:\/\/noticiasbahia360.com.br\/index.php?rest_route=\/wp\/v2\/types\/post"}],"author":[{"embeddable":true,"href":"https:\/\/noticiasbahia360.com.br\/index.php?rest_route=\/wp\/v2\/users\/1"}],"replies":[{"embeddable":true,"href":"https:\/\/noticiasbahia360.com.br\/index.php?rest_route=%2Fwp%2Fv2%2Fcomments&post=148093"}],"version-history":[{"count":0,"href":"https:\/\/noticiasbahia360.com.br\/index.php?rest_route=\/wp\/v2\/posts\/148093\/revisions"}],"wp:featuredmedia":[{"embeddable":true,"href":"https:\/\/noticiasbahia360.com.br\/index.php?rest_route=\/wp\/v2\/media\/148094"}],"wp:attachment":[{"href":"https:\/\/noticiasbahia360.com.br\/index.php?rest_route=%2Fwp%2Fv2%2Fmedia&parent=148093"}],"wp:term":[{"taxonomy":"category","embeddable":true,"href":"https:\/\/noticiasbahia360.com.br\/index.php?rest_route=%2Fwp%2Fv2%2Fcategories&post=148093"},{"taxonomy":"post_tag","embeddable":true,"href":"https:\/\/noticiasbahia360.com.br\/index.php?rest_route=%2Fwp%2Fv2%2Ftags&post=148093"}],"curies":[{"name":"wp","href":"https:\/\/api.w.org\/{rel}","templated":true}]}}