{"id":148095,"date":"2026-08-31T09:05:07","date_gmt":"2026-08-31T12:05:07","guid":{"rendered":"https:\/\/noticiasbahia360.com.br\/?p=148095"},"modified":"2026-08-31T09:05:07","modified_gmt":"2026-08-31T12:05:07","slug":"festival-celebra-cultura-memoria-e-juventude-da-comunidade-quilombola-de-lagoa-grande","status":"publish","type":"post","link":"https:\/\/noticiasbahia360.com.br\/?p=148095","title":{"rendered":"Festival celebra cultura, mem\u00f3ria e juventude da Comunidade Quilombola de Lagoa Grande"},"content":{"rendered":"<div>\n<div>\n<figure><img decoding=\"async\" src=\"http:\/\/noticiasbahia360.com.br\/wp-content\/uploads\/2026\/08\/Heranca-do-Quilombo-Festival.webp\" alt=\"Festival celebra cultura, mem\u00f3ria e juventude da Comunidade Quilombola de Lagoa Grande\"><figcaption>Foto: Divulga\u00e7\u00e3o<\/figcaption><\/figure>\n<\/div>\n<p class=\"wp-block-paragraph\">A Comunidade Quilombola de Lagoa Grande, em Feira de Santana, se prepara para receber o festival \u201cHeran\u00e7as do Quilombo\u201d, uma iniciativa do coletivo Movimenta Juventude Lagoa Grande, em parceria com a Associa\u00e7\u00e3o Quilombola Comunit\u00e1ria de Maria Quit\u00e9ria. O evento ser\u00e1 realizado no pr\u00f3ximo dia 5 de setembro, no Espa\u00e7o da Associa\u00e7\u00e3o, e contar\u00e1 com uma programa\u00e7\u00e3o diversificada, reunindo shows, oficinas, apresenta\u00e7\u00f5es culturais e outras atividades.<\/p>\n<p class=\"wp-block-paragraph\">O festival representa a culmin\u00e2ncia das a\u00e7\u00f5es desenvolvidas pelo projeto Cultura Viva na Bahia, contemplado nos Editais da Pol\u00edtica Nacional Aldir Blanc de Fomento \u00e0 Cultura na Bahia, realizados com recursos do Governo Federal repassados pelo Minist\u00e9rio da Cultura e executados pelo Governo do Estado da Bahia, por meio da Secretaria de Cultura do Estado. Ao longo do projeto, foram desenvolvidas a\u00e7\u00f5es voltadas \u00e0 valoriza\u00e7\u00e3o da cultura, da mem\u00f3ria, dos saberes tradicionais e das manifesta\u00e7\u00f5es culturais da comunidade quilombola.<\/p>\n<p class=\"wp-block-paragraph\">Com o festival, a iniciativa busca ampliar a visibilidade da Comunidade Quilombola de Lagoa Grande e fortalecer as express\u00f5es culturais e o protagonismo da juventude quilombola. A programa\u00e7\u00e3o tamb\u00e9m pretende proporcionar um espa\u00e7o de encontro e troca entre diferentes gera\u00e7\u00f5es, valorizando os conhecimentos, as tradi\u00e7\u00f5es e as hist\u00f3rias que constituem a identidade da comunidade.<\/p>\n<p class=\"wp-block-paragraph\">A realiza\u00e7\u00e3o do \u201cHeran\u00e7as do Quilombo\u201d tamb\u00e9m refor\u00e7a a import\u00e2ncia da participa\u00e7\u00e3o da juventude nos processos de preserva\u00e7\u00e3o e continuidade das manifesta\u00e7\u00f5es culturais quilombolas. Para o coletivo Movimenta Juventude Lagoa Grande, o festival \u00e9 uma oportunidade de celebrar as heran\u00e7as culturais da comunidade, promover o acesso \u00e0 cultura e fortalecer as a\u00e7\u00f5es constru\u00eddas coletivamente por jovens, familiares e demais integrantes do territ\u00f3rio.<\/p>\n<p class=\"wp-block-paragraph\"><strong>Evento: Festival \u201cHeran\u00e7as do Quilombo\u201d<\/strong><br \/>Data: 5 de setembro<br \/>Local: Espa\u00e7o da Associa\u00e7\u00e3o<br \/>Endere\u00e7o: Estrada do Carro Quebrado, Fazenda Lagoa Grande, Distrito de Maria Quit\u00e9ria, Feira de Santana \u2013 BA, CEP 44090-000<br \/>Realiza\u00e7\u00e3o: Movimenta Juventude Lagoa Grande e Associa\u00e7\u00e3o Quilombola Comunit\u00e1ria de Maria Quit\u00e9ria<br \/>Projeto: Cultura Viva na Bahia<br \/>Fomento: Pol\u00edtica Nacional Aldir Blanc de Fomento \u00e0 Cultura (Pnab)<br \/>Programa\u00e7\u00e3o: Shows, oficinas, apresenta\u00e7\u00f5es culturais e outras atividades.<\/p>\n<p class=\"wp-block-paragraph\"><em>Siga o Acorda Cidade no\u00a0<\/em><a href=\"https:\/\/news.google.com\/search?q=acorda%20cidade&amp;hl=pt-BR&amp;gl=BR&amp;ceid=BR%3Apt-419\"><strong><em>Google Not\u00edcias<\/em><\/strong><\/a><em>\u00a0e receba os principais destaques do dia. Participe tamb\u00e9m dos nossos canais no\u00a0<\/em><a href=\"https:\/\/www.whatsapp.com\/channel\/0029Va6Rb4v3WHTNnsh8WI3N\"><strong><em>WhatsApp<\/em><\/strong><\/a><em>\u00a0e\u00a0<\/em><a href=\"https:\/\/www.youtube.com\/@acordacidadenoticias\/videos\"><strong>YouTube<\/strong><\/a><em>\u00a0e do grupo no\u00a0<\/em><a href=\"https:\/\/t.me\/+sSz0khrgARA0ZmRh\"><strong><em>Telegram<\/em><\/strong><\/a><em>.<\/em><\/p>\n<\/div>\n","protected":false},"excerpt":{"rendered":"<p>Foto: Divulga\u00e7\u00e3o A Comunidade Quilombola de Lagoa Grande, em Feira de Santana, se prepara para<\/p>\n","protected":false},"author":1,"featured_media":148096,"comment_status":"closed","ping_status":"closed","sticky":false,"template":"","format":"gallery","meta":{"footnotes":""},"categories":[8,9,6,57,56,10],"tags":[],"class_list":["post-148095","post","type-post","status-publish","format-gallery","has-post-thumbnail","hentry","category-bahia","category-brasil","category-feira-de-santana","category-mundo","category-policia","category-politica","post_format-post-format-gallery"],"featured_image_urls":{"full":["https:\/\/noticiasbahia360.com.br\/wp-content\/uploads\/2026\/08\/Heranca-do-Quilombo-Festival.webp",1200,600,false],"thumbnail":["https:\/\/noticiasbahia360.com.br\/wp-content\/uploads\/2026\/08\/Heranca-do-Quilombo-Festival-150x150.webp",150,150,true],"medium":["https:\/\/noticiasbahia360.com.br\/wp-content\/uploads\/2026\/08\/Heranca-do-Quilombo-Festival-300x150.webp",300,150,true],"medium_large":["https:\/\/noticiasbahia360.com.br\/wp-content\/uploads\/2026\/08\/Heranca-do-Quilombo-Festival-768x384.webp",640,320,true],"large":["https:\/\/noticiasbahia360.com.br\/wp-content\/uploads\/2026\/08\/Heranca-do-Quilombo-Festival-1024x512.webp",640,320,true],"1536x1536":["https:\/\/noticiasbahia360.com.br\/wp-content\/uploads\/2026\/08\/Heranca-do-Quilombo-Festival.webp",1200,600,false],"2048x2048":["https:\/\/noticiasbahia360.com.br\/wp-content\/uploads\/2026\/08\/Heranca-do-Quilombo-Festival.webp",1200,600,false],"chromenews-featured":["https:\/\/noticiasbahia360.com.br\/wp-content\/uploads\/2026\/08\/Heranca-do-Quilombo-Festival-1024x512.webp",1024,512,true],"chromenews-large":["https:\/\/noticiasbahia360.com.br\/wp-content\/uploads\/2026\/08\/Heranca-do-Quilombo-Festival-825x575.webp",825,575,true],"chromenews-medium":["https:\/\/noticiasbahia360.com.br\/wp-content\/uploads\/2026\/08\/Heranca-do-Quilombo-Festival-590x410.webp",590,410,true]},"author_info":{"display_name":"noticiasbahia360.com.br","author_link":"https:\/\/noticiasbahia360.com.br\/?author=1"},"category_info":"<a href=\"https:\/\/noticiasbahia360.com.br\/?cat=8\" rel=\"category\">Bahia<\/a> <a href=\"https:\/\/noticiasbahia360.com.br\/?cat=9\" rel=\"category\">Brasil<\/a> <a href=\"https:\/\/noticiasbahia360.com.br\/?cat=6\" rel=\"category\">Feira de Santana<\/a> <a href=\"https:\/\/noticiasbahia360.com.br\/?cat=57\" rel=\"category\">Mundo<\/a> <a href=\"https:\/\/noticiasbahia360.com.br\/?cat=56\" rel=\"category\">Pol\u00edcia<\/a> <a href=\"https:\/\/noticiasbahia360.com.br\/?cat=10\" rel=\"category\">Pol\u00edtica<\/a>","tag_info":"Pol\u00edtica","comment_count":"0","_links":{"self":[{"href":"https:\/\/noticiasbahia360.com.br\/index.php?rest_route=\/wp\/v2\/posts\/148095","targetHints":{"allow":["GET"]}}],"collection":[{"href":"https:\/\/noticiasbahia360.com.br\/index.php?rest_route=\/wp\/v2\/posts"}],"about":[{"href":"https:\/\/noticiasbahia360.com.br\/index.php?rest_route=\/wp\/v2\/types\/post"}],"author":[{"embeddable":true,"href":"https:\/\/noticiasbahia360.com.br\/index.php?rest_route=\/wp\/v2\/users\/1"}],"replies":[{"embeddable":true,"href":"https:\/\/noticiasbahia360.com.br\/index.php?rest_route=%2Fwp%2Fv2%2Fcomments&post=148095"}],"version-history":[{"count":0,"href":"https:\/\/noticiasbahia360.com.br\/index.php?rest_route=\/wp\/v2\/posts\/148095\/revisions"}],"wp:featuredmedia":[{"embeddable":true,"href":"https:\/\/noticiasbahia360.com.br\/index.php?rest_route=\/wp\/v2\/media\/148096"}],"wp:attachment":[{"href":"https:\/\/noticiasbahia360.com.br\/index.php?rest_route=%2Fwp%2Fv2%2Fmedia&parent=148095"}],"wp:term":[{"taxonomy":"category","embeddable":true,"href":"https:\/\/noticiasbahia360.com.br\/index.php?rest_route=%2Fwp%2Fv2%2Fcategories&post=148095"},{"taxonomy":"post_tag","embeddable":true,"href":"https:\/\/noticiasbahia360.com.br\/index.php?rest_route=%2Fwp%2Fv2%2Ftags&post=148095"}],"curies":[{"name":"wp","href":"https:\/\/api.w.org\/{rel}","templated":true}]}}