{"id":148097,"date":"2026-08-31T10:01:53","date_gmt":"2026-08-31T13:01:53","guid":{"rendered":"https:\/\/noticiasbahia360.com.br\/?p=148097"},"modified":"2026-08-31T10:01:53","modified_gmt":"2026-08-31T13:01:53","slug":"show-do-pagodart-em-maragogipe-e-adiado-apos-flavinho-passar-mal","status":"publish","type":"post","link":"https:\/\/noticiasbahia360.com.br\/?p=148097","title":{"rendered":"Show do Pagod\u2019art em Maragogipe \u00e9 adiado ap\u00f3s Flavinho passar mal"},"content":{"rendered":"<div>\n<div>\n<figure><img decoding=\"async\" src=\"http:\/\/noticiasbahia360.com.br\/wp-content\/uploads\/2026\/08\/Flavinho.webp\" alt=\"Banda Pagod\u2019art\"><figcaption>Foto: Erick Ara\u00fajo<\/figcaption><\/figure>\n<\/div>\n<p class=\"wp-block-paragraph\">A produ\u00e7\u00e3o da banda Pagod\u2019art informou que o show previsto para o domingo (30), em Maragogipe, no Rec\u00f4ncavo Baiano, precisou ser adiado devido a quest\u00f5es de sa\u00fade do cantor Flavinho.<\/p>\n<p class=\"wp-block-paragraph\">Segundo o <a href=\"https:\/\/www.bahianoticias.com.br\/holofote\/noticia\/85474-flavinho-do-pagodart-passa-mal-e-hospitalizado-e-cancela-show-em-maragogipe\" data-type=\"link\" data-id=\"https:\/\/www.bahianoticias.com.br\/holofote\/noticia\/85474-flavinho-do-pagodart-passa-mal-e-hospitalizado-e-cancela-show-em-maragogipe\" target=\"_blank\" rel=\"noreferrer noopener\">Bahia Not\u00edcias<\/a>, site parceiro do Acorda Cidade, a assessoria de imprensa da banda explicou que o cantor teve um mal-estar antes mesmo de chegar \u00e0 cidade de Maragogipe, com dores abdominais. Por isso, foi necess\u00e1rio que retornasse para Salvador para realizar exames m\u00e9dicos.<\/p>\n<p class=\"wp-block-paragraph\">Em uma nota divulgada pela produ\u00e7\u00e3o no perfil oficial da banda, consta que novas informa\u00e7\u00f5es sobre a realiza\u00e7\u00e3o do evento, incluindo a nova data da apresenta\u00e7\u00e3o, ser\u00e3o divulgadas em breve pelos canais oficiais.<\/p>\n<p class=\"wp-block-paragraph\"><em>Siga o Acorda Cidade no\u00a0<\/em><a href=\"https:\/\/news.google.com\/search?q=acorda%20cidade&amp;hl=pt-BR&amp;gl=BR&amp;ceid=BR%3Apt-419\"><strong><em>Google Not\u00edcias<\/em><\/strong><\/a><em>\u00a0e receba os principais destaques do dia. Participe tamb\u00e9m dos nossos canais no\u00a0<\/em><a href=\"https:\/\/www.whatsapp.com\/channel\/0029Va6Rb4v3WHTNnsh8WI3N\"><strong><em>WhatsApp<\/em><\/strong><\/a><em>\u00a0e\u00a0<\/em><a href=\"https:\/\/www.youtube.com\/@acordacidadenoticias\/videos\"><strong>YouTube<\/strong><\/a><em>\u00a0e do grupo no\u00a0<\/em><a href=\"https:\/\/t.me\/+sSz0khrgARA0ZmRh\"><strong><em>Telegram<\/em><\/strong><\/a><em>.<\/em><\/p>\n<\/div>\n","protected":false},"excerpt":{"rendered":"<p>Foto: Erick Ara\u00fajo A produ\u00e7\u00e3o da banda Pagod\u2019art informou que o show previsto para o<\/p>\n","protected":false},"author":1,"featured_media":148098,"comment_status":"closed","ping_status":"closed","sticky":false,"template":"","format":"gallery","meta":{"footnotes":""},"categories":[8,9,6,57,56,10],"tags":[],"class_list":["post-148097","post","type-post","status-publish","format-gallery","has-post-thumbnail","hentry","category-bahia","category-brasil","category-feira-de-santana","category-mundo","category-policia","category-politica","post_format-post-format-gallery"],"featured_image_urls":{"full":["https:\/\/noticiasbahia360.com.br\/wp-content\/uploads\/2026\/08\/Flavinho.webp",1200,879,false],"thumbnail":["https:\/\/noticiasbahia360.com.br\/wp-content\/uploads\/2026\/08\/Flavinho-150x150.webp",150,150,true],"medium":["https:\/\/noticiasbahia360.com.br\/wp-content\/uploads\/2026\/08\/Flavinho-300x220.webp",300,220,true],"medium_large":["https:\/\/noticiasbahia360.com.br\/wp-content\/uploads\/2026\/08\/Flavinho-768x563.webp",640,469,true],"large":["https:\/\/noticiasbahia360.com.br\/wp-content\/uploads\/2026\/08\/Flavinho-1024x750.webp",640,469,true],"1536x1536":["https:\/\/noticiasbahia360.com.br\/wp-content\/uploads\/2026\/08\/Flavinho.webp",1200,879,false],"2048x2048":["https:\/\/noticiasbahia360.com.br\/wp-content\/uploads\/2026\/08\/Flavinho.webp",1200,879,false],"chromenews-featured":["https:\/\/noticiasbahia360.com.br\/wp-content\/uploads\/2026\/08\/Flavinho-1024x750.webp",1024,750,true],"chromenews-large":["https:\/\/noticiasbahia360.com.br\/wp-content\/uploads\/2026\/08\/Flavinho-825x575.webp",825,575,true],"chromenews-medium":["https:\/\/noticiasbahia360.com.br\/wp-content\/uploads\/2026\/08\/Flavinho-590x410.webp",590,410,true]},"author_info":{"display_name":"noticiasbahia360.com.br","author_link":"https:\/\/noticiasbahia360.com.br\/?author=1"},"category_info":"<a href=\"https:\/\/noticiasbahia360.com.br\/?cat=8\" rel=\"category\">Bahia<\/a> <a href=\"https:\/\/noticiasbahia360.com.br\/?cat=9\" rel=\"category\">Brasil<\/a> <a href=\"https:\/\/noticiasbahia360.com.br\/?cat=6\" rel=\"category\">Feira de Santana<\/a> <a href=\"https:\/\/noticiasbahia360.com.br\/?cat=57\" rel=\"category\">Mundo<\/a> <a href=\"https:\/\/noticiasbahia360.com.br\/?cat=56\" rel=\"category\">Pol\u00edcia<\/a> <a href=\"https:\/\/noticiasbahia360.com.br\/?cat=10\" rel=\"category\">Pol\u00edtica<\/a>","tag_info":"Pol\u00edtica","comment_count":"0","_links":{"self":[{"href":"https:\/\/noticiasbahia360.com.br\/index.php?rest_route=\/wp\/v2\/posts\/148097","targetHints":{"allow":["GET"]}}],"collection":[{"href":"https:\/\/noticiasbahia360.com.br\/index.php?rest_route=\/wp\/v2\/posts"}],"about":[{"href":"https:\/\/noticiasbahia360.com.br\/index.php?rest_route=\/wp\/v2\/types\/post"}],"author":[{"embeddable":true,"href":"https:\/\/noticiasbahia360.com.br\/index.php?rest_route=\/wp\/v2\/users\/1"}],"replies":[{"embeddable":true,"href":"https:\/\/noticiasbahia360.com.br\/index.php?rest_route=%2Fwp%2Fv2%2Fcomments&post=148097"}],"version-history":[{"count":0,"href":"https:\/\/noticiasbahia360.com.br\/index.php?rest_route=\/wp\/v2\/posts\/148097\/revisions"}],"wp:featuredmedia":[{"embeddable":true,"href":"https:\/\/noticiasbahia360.com.br\/index.php?rest_route=\/wp\/v2\/media\/148098"}],"wp:attachment":[{"href":"https:\/\/noticiasbahia360.com.br\/index.php?rest_route=%2Fwp%2Fv2%2Fmedia&parent=148097"}],"wp:term":[{"taxonomy":"category","embeddable":true,"href":"https:\/\/noticiasbahia360.com.br\/index.php?rest_route=%2Fwp%2Fv2%2Fcategories&post=148097"},{"taxonomy":"post_tag","embeddable":true,"href":"https:\/\/noticiasbahia360.com.br\/index.php?rest_route=%2Fwp%2Fv2%2Ftags&post=148097"}],"curies":[{"name":"wp","href":"https:\/\/api.w.org\/{rel}","templated":true}]}}