{"id":148099,"date":"2026-08-31T10:01:54","date_gmt":"2026-08-31T13:01:54","guid":{"rendered":"https:\/\/noticiasbahia360.com.br\/?p=148099"},"modified":"2026-08-31T10:01:54","modified_gmt":"2026-08-31T13:01:54","slug":"acidente-entre-cacamba-e-motocicleta-deixa-duas-pessoas-sem-vida-na-ba-152","status":"publish","type":"post","link":"https:\/\/noticiasbahia360.com.br\/?p=148099","title":{"rendered":"Acidente entre ca\u00e7amba e motocicleta deixa duas pessoas sem vida na BA-152"},"content":{"rendered":"<div>\n<div>\n<figure><img decoding=\"async\" src=\"http:\/\/noticiasbahia360.com.br\/wp-content\/uploads\/2026\/08\/acidente-na-BA-152.jpg\" alt=\"acidente na BA-152\"><figcaption>Foto: Reprodu\u00e7\u00e3o\/ Achei Sudoeste<\/figcaption><\/figure>\n<\/div>\n<p class=\"wp-block-paragraph\">Um acidente envolvendo um caminh\u00e3o ca\u00e7amba 1620 e uma motocicleta do modelo CG 160 Fan deixou duas v\u00edtimas fatais. A colis\u00e3o aconteceu em Livramento de Nossa Senhora, em um trecho da BA-152 que segue em dire\u00e7\u00e3o ao munic\u00edpio de Paramirim, sudoeste da Bahia, no \u00faltimo domingo (30).<\/p>\n<p class=\"wp-block-paragraph\">Segundo informa\u00e7\u00f5es da 46\u00aa Companhia Independente de Pol\u00edcia Militar (CIPM) ao site Achei Sudoeste, parceiro do Acorda Cidade, as v\u00edtimas foram identificadas como Ant\u00f4nio Marcos Nunes Alves, de 40 anos, que pilotava a motocicleta, e sua esposa, Edv\u00e2nia Aguiar Nunes, de 38 anos, que estava como passageira.\u00a0<\/p>\n<figure class=\"wp-block-image size-full\"><img fetchpriority=\"high\" fetchpriority=\"high\" decoding=\"async\" width=\"1200\" height=\"800\" src=\"http:\/\/noticiasbahia360.com.br\/wp-content\/uploads\/2026\/08\/Antonio-Marcos-Nunes-Alves-e-Edvania-Aguiar-Nunes.jpg\" alt=\"Ant\u00f4nio Marcos Nunes Alves e Edv\u00e2nia Aguiar Nunes\" class=\"wp-image-686372\" srcset=\"http:\/\/noticiasbahia360.com.br\/wp-content\/uploads\/2026\/08\/Antonio-Marcos-Nunes-Alves-e-Edvania-Aguiar-Nunes.jpg 1200w, https:\/\/uploads.acordacidade.com.br\/2026\/08\/Antonio-Marcos-Nunes-Alves-e-Edvania-Aguiar-Nunes-750x500.jpg 750w, https:\/\/uploads.acordacidade.com.br\/2026\/08\/Antonio-Marcos-Nunes-Alves-e-Edvania-Aguiar-Nunes-1000x667.jpg 1000w, https:\/\/uploads.acordacidade.com.br\/2026\/08\/Antonio-Marcos-Nunes-Alves-e-Edvania-Aguiar-Nunes-450x300.jpg 450w, https:\/\/uploads.acordacidade.com.br\/2026\/08\/Antonio-Marcos-Nunes-Alves-e-Edvania-Aguiar-Nunes-150x100.jpg 150w\" sizes=\"(max-width: 1200px) 100vw, 1200px\"><figcaption class=\"wp-element-caption\">Ant\u00f4nio Marcos Nunes Alves e Edv\u00e2nia Aguiar Nunes | Foto: Reprodu\u00e7\u00e3o\/ Achei Sudoeste<\/figcaption><\/figure>\n<p class=\"wp-block-paragraph\">Devido ao impacto, as v\u00edtimas n\u00e3o resistiram aos ferimentos e morreram ainda no local. Uma equipe do Servi\u00e7o de Atendimento M\u00f3vel de Urg\u00eancia (Samu) foi acionada, mas, ao chegar, constatou que o casal j\u00e1 estava sem vida.<\/p>\n<p class=\"wp-block-paragraph\">O condutor da ca\u00e7amba n\u00e3o apresentou ferimentos graves e recebeu atendimento m\u00e9dico ainda na rodovia.<\/p>\n<p class=\"wp-block-paragraph\">Policiais que atuaram na ocorr\u00eancia isolaram a \u00e1rea e sinalizaram o trecho da BA-152 com o objetivo de evitar novos acidentes durante o trabalho das equipes no local.<\/p>\n<p class=\"wp-block-paragraph\">O Departamento de Pol\u00edcia T\u00e9cnica (DPT) tamb\u00e9m foi acionado para realizar a per\u00edcia e fazer a remo\u00e7\u00e3o dos corpos, que seguiram para o\u00a0 Instituto M\u00e9dico Legal (IML), em Brumado. As circunst\u00e2ncias e as causas do acidente dever\u00e3o ser apuradas pelas autoridades competentes.<\/p>\n<p class=\"wp-block-paragraph\"><em>Siga o Acorda Cidade no\u00a0<\/em><a href=\"https:\/\/news.google.com\/search?q=acorda%20cidade&amp;hl=pt-BR&amp;gl=BR&amp;ceid=BR%3Apt-419\"><strong><em>Google Not\u00edcias<\/em><\/strong><\/a><em>\u00a0e receba os principais destaques do dia. Participe tamb\u00e9m dos nossos canais no\u00a0<\/em><a href=\"https:\/\/www.whatsapp.com\/channel\/0029Va6Rb4v3WHTNnsh8WI3N\"><strong><em>WhatsApp<\/em><\/strong><\/a><em>\u00a0e\u00a0<\/em><a href=\"https:\/\/www.youtube.com\/@acordacidadenoticias\/videos\"><strong>YouTube<\/strong><\/a><em>\u00a0e do grupo no\u00a0<\/em><a href=\"https:\/\/t.me\/+sSz0khrgARA0ZmRh\"><strong><em>Telegram<\/em><\/strong><\/a><em>.<\/em><\/p>\n<\/div>\n","protected":false},"excerpt":{"rendered":"<p>Foto: Reprodu\u00e7\u00e3o\/ Achei Sudoeste Um acidente envolvendo um caminh\u00e3o ca\u00e7amba 1620 e uma motocicleta do<\/p>\n","protected":false},"author":1,"featured_media":148100,"comment_status":"closed","ping_status":"closed","sticky":false,"template":"","format":"gallery","meta":{"footnotes":""},"categories":[8,9,6,57,56,10],"tags":[],"class_list":["post-148099","post","type-post","status-publish","format-gallery","has-post-thumbnail","hentry","category-bahia","category-brasil","category-feira-de-santana","category-mundo","category-policia","category-politica","post_format-post-format-gallery"],"featured_image_urls":{"full":["https:\/\/noticiasbahia360.com.br\/wp-content\/uploads\/2026\/08\/acidente-na-BA-152.jpg",1200,800,false],"thumbnail":["https:\/\/noticiasbahia360.com.br\/wp-content\/uploads\/2026\/08\/acidente-na-BA-152-150x150.jpg",150,150,true],"medium":["https:\/\/noticiasbahia360.com.br\/wp-content\/uploads\/2026\/08\/acidente-na-BA-152-300x200.jpg",300,200,true],"medium_large":["https:\/\/noticiasbahia360.com.br\/wp-content\/uploads\/2026\/08\/acidente-na-BA-152-768x512.jpg",640,427,true],"large":["https:\/\/noticiasbahia360.com.br\/wp-content\/uploads\/2026\/08\/acidente-na-BA-152-1024x683.jpg",640,427,true],"1536x1536":["https:\/\/noticiasbahia360.com.br\/wp-content\/uploads\/2026\/08\/acidente-na-BA-152.jpg",1200,800,false],"2048x2048":["https:\/\/noticiasbahia360.com.br\/wp-content\/uploads\/2026\/08\/acidente-na-BA-152.jpg",1200,800,false],"chromenews-featured":["https:\/\/noticiasbahia360.com.br\/wp-content\/uploads\/2026\/08\/acidente-na-BA-152-1024x683.jpg",1024,683,true],"chromenews-large":["https:\/\/noticiasbahia360.com.br\/wp-content\/uploads\/2026\/08\/acidente-na-BA-152-825x575.jpg",825,575,true],"chromenews-medium":["https:\/\/noticiasbahia360.com.br\/wp-content\/uploads\/2026\/08\/acidente-na-BA-152-590x410.jpg",590,410,true]},"author_info":{"display_name":"noticiasbahia360.com.br","author_link":"https:\/\/noticiasbahia360.com.br\/?author=1"},"category_info":"<a href=\"https:\/\/noticiasbahia360.com.br\/?cat=8\" rel=\"category\">Bahia<\/a> <a href=\"https:\/\/noticiasbahia360.com.br\/?cat=9\" rel=\"category\">Brasil<\/a> <a href=\"https:\/\/noticiasbahia360.com.br\/?cat=6\" rel=\"category\">Feira de Santana<\/a> <a href=\"https:\/\/noticiasbahia360.com.br\/?cat=57\" rel=\"category\">Mundo<\/a> <a href=\"https:\/\/noticiasbahia360.com.br\/?cat=56\" rel=\"category\">Pol\u00edcia<\/a> <a href=\"https:\/\/noticiasbahia360.com.br\/?cat=10\" rel=\"category\">Pol\u00edtica<\/a>","tag_info":"Pol\u00edtica","comment_count":"0","_links":{"self":[{"href":"https:\/\/noticiasbahia360.com.br\/index.php?rest_route=\/wp\/v2\/posts\/148099","targetHints":{"allow":["GET"]}}],"collection":[{"href":"https:\/\/noticiasbahia360.com.br\/index.php?rest_route=\/wp\/v2\/posts"}],"about":[{"href":"https:\/\/noticiasbahia360.com.br\/index.php?rest_route=\/wp\/v2\/types\/post"}],"author":[{"embeddable":true,"href":"https:\/\/noticiasbahia360.com.br\/index.php?rest_route=\/wp\/v2\/users\/1"}],"replies":[{"embeddable":true,"href":"https:\/\/noticiasbahia360.com.br\/index.php?rest_route=%2Fwp%2Fv2%2Fcomments&post=148099"}],"version-history":[{"count":0,"href":"https:\/\/noticiasbahia360.com.br\/index.php?rest_route=\/wp\/v2\/posts\/148099\/revisions"}],"wp:featuredmedia":[{"embeddable":true,"href":"https:\/\/noticiasbahia360.com.br\/index.php?rest_route=\/wp\/v2\/media\/148100"}],"wp:attachment":[{"href":"https:\/\/noticiasbahia360.com.br\/index.php?rest_route=%2Fwp%2Fv2%2Fmedia&parent=148099"}],"wp:term":[{"taxonomy":"category","embeddable":true,"href":"https:\/\/noticiasbahia360.com.br\/index.php?rest_route=%2Fwp%2Fv2%2Fcategories&post=148099"},{"taxonomy":"post_tag","embeddable":true,"href":"https:\/\/noticiasbahia360.com.br\/index.php?rest_route=%2Fwp%2Fv2%2Ftags&post=148099"}],"curies":[{"name":"wp","href":"https:\/\/api.w.org\/{rel}","templated":true}]}}