{"id":148104,"date":"2026-08-31T10:01:57","date_gmt":"2026-08-31T13:01:57","guid":{"rendered":"https:\/\/noticiasbahia360.com.br\/?p=148104"},"modified":"2026-08-31T10:01:57","modified_gmt":"2026-08-31T13:01:57","slug":"receita-libera-r-124-bilhao-no-ultimo-lote-da-restituicao-do-ir-2026","status":"publish","type":"post","link":"https:\/\/noticiasbahia360.com.br\/?p=148104","title":{"rendered":"Receita libera R$ 1,24 bilh\u00e3o no \u00faltimo lote da restitui\u00e7\u00e3o do IR 2026"},"content":{"rendered":"<div>\n<div>\n<figure><img decoding=\"async\" src=\"http:\/\/noticiasbahia360.com.br\/wp-content\/uploads\/2026\/08\/Receita-Federal-Foto-Marcello-Casal-Jr-Agencia-Brasil.jpg\" alt=\"Receita Federal\"><figcaption>Foto: Marcello Casal Jr\/ Ag\u00eancia Brasil<\/figcaption><\/figure>\n<\/div>\n<p class=\"wp-block-paragraph\">Ag\u00eancia Brasil \u2013 Cerca de 500 mil contribuintes recebem, nesta segunda-feira (31), o quarto e \u00faltimo lote de restitui\u00e7\u00e3o do Imposto de Renda 2026.\u00a0<strong>Ao longo do dia, a Receita Federal liberar\u00e1 R$ 1,24 bilh\u00e3o a 521.935 pessoas<\/strong>. O pagamento tamb\u00e9m contempla restitui\u00e7\u00f5es residuais de anos anteriores.<img decoding=\"async\" src=\"https:\/\/agenciabrasil.ebc.com.br\/ebc.png?id=1700817&amp;o=node\"><img decoding=\"async\" src=\"https:\/\/agenciabrasil.ebc.com.br\/ebc.gif?id=1700817&amp;o=node\"><\/p>\n<p class=\"wp-block-paragraph\">A consulta est\u00e1 dispon\u00edvel desde o \u00faltimo dia 24,\u00a0<a href=\"https:\/\/www.gov.br\/receitafederal\/pt-br\" target=\"_blank\" rel=\"noreferrer noopener\">na p\u00e1gina da Receita Federal na internet<\/a>.\u00a0Basta o contribuinte clicar em \u201cMeu Imposto de Renda\u201d e, em seguida, no bot\u00e3o \u201cConsultar a Restitui\u00e7\u00e3o\u201d. Tamb\u00e9m \u00e9 poss\u00edvel fazer a consulta no aplicativo da Receita Federal para tablets e smartphones.<\/p>\n<p class=\"wp-block-paragraph\">Do R$ 1,24 bilh\u00e3o desse lote, R$ 704,12 milh\u00f5es ir\u00e3o para contribuintes com prioridade legal no reembolso.<\/p>\n<p class=\"wp-block-paragraph\">As restitui\u00e7\u00f5es est\u00e3o distribu\u00eddas da seguinte forma:<\/p>\n<ul class=\"wp-block-list\">\n<li>338.912 contribuintes que usaram a declara\u00e7\u00e3o pr\u00e9-preenchida e\/ou optaram simultaneamente por receber a restitui\u00e7\u00e3o via Pix (prioridade n\u00e3o determinada por lei);<\/li>\n<li>86.873 contribuintes de 60 a 79 anos (prioridade legal);<\/li>\n<li>43.502 contribuintes n\u00e3o priorit\u00e1rios;<\/li>\n<li>26.769 contribuintes cuja maior fonte de renda seja o magist\u00e9rio (prioridade legal);<\/li>\n<li>16.850 contribuintes acima de 80 anos (prioridade legal);<\/li>\n<li>9.029 contribuintes com defici\u00eancia f\u00edsica ou mental ou doen\u00e7a grave (prioridade legal).<\/li>\n<\/ul>\n<h2 id=\"h-menos-lotes\" class=\"wp-block-heading\">Menos lotes<\/h2>\n<p class=\"wp-block-paragraph\">Neste ano, a Receita reduziu de cinco para quatro o n\u00famero de lotes regulares de restitui\u00e7\u00f5es da declara\u00e7\u00e3o, com pagamentos no fim de maio, de junho, de julho e de agosto.<\/p>\n<p class=\"wp-block-paragraph\"><strong>Os dois primeiros lotes de 2026, de maio e de junho, representaram 80% das restitui\u00e7\u00f5es previstas para serem pagas este ano<\/strong>, tanto em valores quanto em n\u00famero de contribuintes. Segundo o Fisco,\u00a0a agilidade no processamento das declara\u00e7\u00f5es e no avan\u00e7o das ferramentas de moderniza\u00e7\u00e3o e automa\u00e7\u00e3o permitiram a concentra\u00e7\u00e3o dos pagamentos nos dois primeiros lotes.<\/p>\n<h2 id=\"h-pagamento\" class=\"wp-block-heading\">Pagamento<\/h2>\n<p class=\"wp-block-paragraph\">O pagamento ser\u00e1 feito na conta ou na chave Pix do tipo CPF informada na declara\u00e7\u00e3o do Imposto de Renda. Caso o contribuinte n\u00e3o esteja na lista, dever\u00e1 entrar no\u00a0<a href=\"https:\/\/cav.receita.fazenda.gov.br\/\" target=\"_blank\" rel=\"noreferrer noopener\">Centro Virtual de Atendimento ao Contribuinte (e-CAC)<\/a>\u00a0e tirar o extrato da declara\u00e7\u00e3o. Se verificar uma pend\u00eancia, pode enviar uma declara\u00e7\u00e3o retificadora e esperar os pr\u00f3ximos lotes.<\/p>\n<p class=\"wp-block-paragraph\">Se, por algum motivo, a restitui\u00e7\u00e3o n\u00e3o for depositada na conta informada na declara\u00e7\u00e3o, como no caso de conta desativada, os valores ficar\u00e3o dispon\u00edveis para resgate por at\u00e9 um ano no Banco do Brasil.<\/p>\n<p class=\"wp-block-paragraph\">Nesse caso, o cidad\u00e3o poder\u00e1 agendar o cr\u00e9dito em qualquer conta banc\u00e1ria em seu nome, por meio do\u00a0<a href=\"https:\/\/www.bb.com.br\/irpf\" target=\"_blank\" rel=\"noreferrer noopener\">Portal BB<\/a>\u00a0ou ligando para a Central de Relacionamento do banco, nos telefones 4004-0001 (capitais), 0800-729-0001 (demais localidades) e 0800-729-0088 (telefone especial exclusivo para deficientes auditivos).<\/p>\n<p class=\"wp-block-paragraph\">Caso o contribuinte n\u00e3o resgate o valor de sua restitui\u00e7\u00e3o depois de um ano, dever\u00e1 requerer o valor no Portal e-CAC. Ao entrar na p\u00e1gina, o cidad\u00e3o deve acessando o menu \u201cDeclara\u00e7\u00f5es e Demonstrativos\u201d, clicar em \u201cMeu Imposto de Renda\u201d e, em seguida, no campo \u201cSolicitar restitui\u00e7\u00e3o n\u00e3o resgatada na rede banc\u00e1ria\u201d.<\/p>\n<p class=\"wp-block-paragraph\"><em>Siga o Acorda Cidade no\u00a0<\/em><a href=\"https:\/\/news.google.com\/search?q=acorda%20cidade&amp;hl=pt-BR&amp;gl=BR&amp;ceid=BR%3Apt-419\"><strong><em>Google Not\u00edcias<\/em><\/strong><\/a><em>\u00a0e receba os principais destaques do dia. Participe tamb\u00e9m dos nossos canais no\u00a0<\/em><a href=\"https:\/\/www.whatsapp.com\/channel\/0029Va6Rb4v3WHTNnsh8WI3N\"><strong><em>WhatsApp<\/em><\/strong><\/a><em>\u00a0e\u00a0<\/em><a href=\"https:\/\/www.youtube.com\/@acordacidadenoticias\/videos\"><strong>YouTube<\/strong><\/a><em>\u00a0e do grupo no\u00a0<\/em><a href=\"https:\/\/t.me\/+sSz0khrgARA0ZmRh\"><strong><em>Telegram<\/em><\/strong><\/a><em>.<\/em><\/p>\n<\/div>\n","protected":false},"excerpt":{"rendered":"<p>Foto: Marcello Casal Jr\/ Ag\u00eancia Brasil Ag\u00eancia Brasil \u2013 Cerca de 500 mil contribuintes recebem,<\/p>\n","protected":false},"author":1,"featured_media":148105,"comment_status":"closed","ping_status":"closed","sticky":false,"template":"","format":"gallery","meta":{"footnotes":""},"categories":[8,9,6,57,56,10],"tags":[],"class_list":["post-148104","post","type-post","status-publish","format-gallery","has-post-thumbnail","hentry","category-bahia","category-brasil","category-feira-de-santana","category-mundo","category-policia","category-politica","post_format-post-format-gallery"],"featured_image_urls":{"full":["https:\/\/noticiasbahia360.com.br\/wp-content\/uploads\/2026\/08\/Receita-Federal-Foto-Marcello-Casal-Jr-Agencia-Brasil.jpg",1200,718,false],"thumbnail":["https:\/\/noticiasbahia360.com.br\/wp-content\/uploads\/2026\/08\/Receita-Federal-Foto-Marcello-Casal-Jr-Agencia-Brasil-150x150.jpg",150,150,true],"medium":["https:\/\/noticiasbahia360.com.br\/wp-content\/uploads\/2026\/08\/Receita-Federal-Foto-Marcello-Casal-Jr-Agencia-Brasil-300x180.jpg",300,180,true],"medium_large":["https:\/\/noticiasbahia360.com.br\/wp-content\/uploads\/2026\/08\/Receita-Federal-Foto-Marcello-Casal-Jr-Agencia-Brasil-768x460.jpg",640,383,true],"large":["https:\/\/noticiasbahia360.com.br\/wp-content\/uploads\/2026\/08\/Receita-Federal-Foto-Marcello-Casal-Jr-Agencia-Brasil-1024x613.jpg",640,383,true],"1536x1536":["https:\/\/noticiasbahia360.com.br\/wp-content\/uploads\/2026\/08\/Receita-Federal-Foto-Marcello-Casal-Jr-Agencia-Brasil.jpg",1200,718,false],"2048x2048":["https:\/\/noticiasbahia360.com.br\/wp-content\/uploads\/2026\/08\/Receita-Federal-Foto-Marcello-Casal-Jr-Agencia-Brasil.jpg",1200,718,false],"chromenews-featured":["https:\/\/noticiasbahia360.com.br\/wp-content\/uploads\/2026\/08\/Receita-Federal-Foto-Marcello-Casal-Jr-Agencia-Brasil-1024x613.jpg",1024,613,true],"chromenews-large":["https:\/\/noticiasbahia360.com.br\/wp-content\/uploads\/2026\/08\/Receita-Federal-Foto-Marcello-Casal-Jr-Agencia-Brasil-825x575.jpg",825,575,true],"chromenews-medium":["https:\/\/noticiasbahia360.com.br\/wp-content\/uploads\/2026\/08\/Receita-Federal-Foto-Marcello-Casal-Jr-Agencia-Brasil-590x410.jpg",590,410,true]},"author_info":{"display_name":"noticiasbahia360.com.br","author_link":"https:\/\/noticiasbahia360.com.br\/?author=1"},"category_info":"<a href=\"https:\/\/noticiasbahia360.com.br\/?cat=8\" rel=\"category\">Bahia<\/a> <a href=\"https:\/\/noticiasbahia360.com.br\/?cat=9\" rel=\"category\">Brasil<\/a> <a href=\"https:\/\/noticiasbahia360.com.br\/?cat=6\" rel=\"category\">Feira de Santana<\/a> <a href=\"https:\/\/noticiasbahia360.com.br\/?cat=57\" rel=\"category\">Mundo<\/a> <a href=\"https:\/\/noticiasbahia360.com.br\/?cat=56\" rel=\"category\">Pol\u00edcia<\/a> <a href=\"https:\/\/noticiasbahia360.com.br\/?cat=10\" rel=\"category\">Pol\u00edtica<\/a>","tag_info":"Pol\u00edtica","comment_count":"0","_links":{"self":[{"href":"https:\/\/noticiasbahia360.com.br\/index.php?rest_route=\/wp\/v2\/posts\/148104","targetHints":{"allow":["GET"]}}],"collection":[{"href":"https:\/\/noticiasbahia360.com.br\/index.php?rest_route=\/wp\/v2\/posts"}],"about":[{"href":"https:\/\/noticiasbahia360.com.br\/index.php?rest_route=\/wp\/v2\/types\/post"}],"author":[{"embeddable":true,"href":"https:\/\/noticiasbahia360.com.br\/index.php?rest_route=\/wp\/v2\/users\/1"}],"replies":[{"embeddable":true,"href":"https:\/\/noticiasbahia360.com.br\/index.php?rest_route=%2Fwp%2Fv2%2Fcomments&post=148104"}],"version-history":[{"count":0,"href":"https:\/\/noticiasbahia360.com.br\/index.php?rest_route=\/wp\/v2\/posts\/148104\/revisions"}],"wp:featuredmedia":[{"embeddable":true,"href":"https:\/\/noticiasbahia360.com.br\/index.php?rest_route=\/wp\/v2\/media\/148105"}],"wp:attachment":[{"href":"https:\/\/noticiasbahia360.com.br\/index.php?rest_route=%2Fwp%2Fv2%2Fmedia&parent=148104"}],"wp:term":[{"taxonomy":"category","embeddable":true,"href":"https:\/\/noticiasbahia360.com.br\/index.php?rest_route=%2Fwp%2Fv2%2Fcategories&post=148104"},{"taxonomy":"post_tag","embeddable":true,"href":"https:\/\/noticiasbahia360.com.br\/index.php?rest_route=%2Fwp%2Fv2%2Ftags&post=148104"}],"curies":[{"name":"wp","href":"https:\/\/api.w.org\/{rel}","templated":true}]}}