{"id":148106,"date":"2026-08-31T11:01:35","date_gmt":"2026-08-31T14:01:35","guid":{"rendered":"https:\/\/noticiasbahia360.com.br\/?p=148106"},"modified":"2026-08-31T11:01:35","modified_gmt":"2026-08-31T14:01:35","slug":"salvador-esta-entre-capitais-que-receberao-etapa-de-preparacao-do-censo-nacional-da-populacao-em-situacao-de-rua","status":"publish","type":"post","link":"https:\/\/noticiasbahia360.com.br\/?p=148106","title":{"rendered":"Salvador est\u00e1 entre capitais que receber\u00e3o etapa de prepara\u00e7\u00e3o do Censo Nacional da Popula\u00e7\u00e3o em Situa\u00e7\u00e3o de Rua"},"content":{"rendered":"<div>\n<div>\n<figure><img decoding=\"async\" src=\"http:\/\/noticiasbahia360.com.br\/wp-content\/uploads\/2026\/08\/Censo-da-Populacao-em-Situacao-de-Rua.jpg\" alt=\"Censo da Popula\u00e7\u00e3o em Situa\u00e7\u00e3o de Rua\"><figcaption>Foto: Divulga\u00e7\u00e3o\/IBGE<\/figcaption><\/figure>\n<\/div>\n<p class=\"wp-block-paragraph\">O Instituto Brasileiro de Geografia e Estat\u00edstica (IBGE) realiza de hoje a sexta-feira (entre 31 de agosto e 4 de setembro), a primeira prova piloto do Censo Nacional da Popula\u00e7\u00e3o em Situa\u00e7\u00e3o de Rua (PSR). A opera\u00e7\u00e3o ocorrer\u00e1 simultaneamente em Salvador (BA), Manaus (AM), Belo Horizonte (MG), Florian\u00f3polis (SC) e Goi\u00e2nia (GO).<\/p>\n<p class=\"wp-block-paragraph\">A prova piloto \u00e9 uma etapa fundamental na prepara\u00e7\u00e3o do Censo, que dever\u00e1 ocorrer em todo o pa\u00eds, em julho de 2028, e ter\u00e1 como objetivos contar, conhecer e dar visibilidade \u00e0 popula\u00e7\u00e3o em situa\u00e7\u00e3o de rua, auxiliando na constru\u00e7\u00e3o de pol\u00edticas p\u00fablicas mais eficazes voltadas para esse grupo.<\/p>\n<p class=\"wp-block-paragraph\">No teste o IBGE avaliar\u00e1 o mapeamento dos locais de perman\u00eancia das pessoas em situa\u00e7\u00e3o de rua, a metodologia de abordagem para as entrevistas, a aplica\u00e7\u00e3o dos question\u00e1rios eletr\u00f4nicos, o funcionamento dos sistemas de coleta, procedimentos operacionais e capacidade log\u00edstica em geral. Isso tornar\u00e1 poss\u00edvel aperfei\u00e7oar instrumentos e processos antes da efetiva realiza\u00e7\u00e3o da pesquisa em escala nacional.<\/p>\n<p class=\"wp-block-paragraph\">Salvador foi uma das capitais escolhidas para sediar o primeiro teste do Censo da Popula\u00e7\u00e3o em Situa\u00e7\u00e3o de Rua devido \u00e0 alta densidade populacional em \u00e1reas com caracter\u00edsticas territoriais singulares, como ruas estreitas, ladeiras \u00edngremes e largos; \u00e0 significativa presen\u00e7a de favelas e comunidades urbanas; e \u00e0 intensa circula\u00e7\u00e3o de pessoas em \u00e1reas tur\u00edsticas e comerciais, entre outros.<\/p>\n<p class=\"wp-block-paragraph\">Na capital baiana, teste envolver\u00e1 51 profissionais do IBGE, al\u00e9m de representantes de institui\u00e7\u00f5es voltadas para a popula\u00e7\u00e3o em situa\u00e7\u00e3o de rua.<\/p>\n<p class=\"wp-block-paragraph\">Para a prova piloto, foram estruturadas equipes de coleta compostas por recenseadores, supervisores e coordenadores, al\u00e9m de representantes de \u00f3rg\u00e3os p\u00fablicos, sobretudo nas \u00e1reas de assist\u00eancia social e sa\u00fade, e de organiza\u00e7\u00f5es sociais voltadas para a popula\u00e7\u00e3o em situa\u00e7\u00e3o que rua, que atuar\u00e3o como pontos focais.<\/p>\n<p class=\"wp-block-paragraph\">As entrevistas ser\u00e3o realizadas em duplas, seguindo protocolos espec\u00edficos para garantir a seguran\u00e7a dos profissionais e o respeito \u00e0s pessoas entrevistadas.<\/p>\n<p class=\"wp-block-paragraph\">S\u00e3o consideradas pessoas em situa\u00e7\u00e3o de rua aquelas que dormiram nas ruas, em institui\u00e7\u00f5es ou ocupa\u00e7\u00f5es n\u00e3o residenciais por pelo menos uma noite, nos sete dias anteriores \u00e0 entrevista.<\/p>\n<p class=\"wp-block-paragraph\">Em Salvador, 51 profissionais do IBGE est\u00e3o envolvidos diretamente no trabalho de coleta, incluindo 11 observadores vindos de outros estados da regi\u00e3o Nordeste. Eles formar\u00e3o seis equipes, cada uma das quais contar\u00e1 ainda com um motorista e um ou dois pontos focais, que far\u00e3o a primeira abordagem da popula\u00e7\u00e3o em situa\u00e7\u00e3o de rua. Todos os agentes do Instituto estar\u00e3o identificados com colete e crach\u00e1.<\/p>\n<p class=\"wp-block-paragraph\">Os grupos percorrer\u00e3o roteiros pr\u00e9-definidos em quatro zonas nas quais a capital baiana foi dividida para essa prova piloto. A coleta ser\u00e1 realizada principalmente \u00e0 noite, entre 19h e 1h, mas alguns locais ser\u00e3o visitados de dia.<\/p>\n<p class=\"wp-block-paragraph\">Todo o planejamento foi desenvolvido a partir de a\u00e7\u00f5es pr\u00e9vias de mapeamento e reconhecimento dos territ\u00f3rios, com apoio de registros administrativos, observa\u00e7\u00e3o em campo e ferramentas de geolocaliza\u00e7\u00e3o e contando com parcerias essenciais de \u00f3rg\u00e3os p\u00fablicos, institui\u00e7\u00f5es da sociedade civil organizada e representantes do movimento da popula\u00e7\u00e3o em situa\u00e7\u00e3o de rua.<\/p>\n<p class=\"wp-block-paragraph\"><em>Siga o Acorda Cidade no\u00a0<\/em><a href=\"https:\/\/news.google.com\/search?q=acorda%20cidade&amp;hl=pt-BR&amp;gl=BR&amp;ceid=BR%3Apt-419\"><strong><em>Google Not\u00edcias<\/em><\/strong><\/a><em>\u00a0e receba os principais destaques do dia. Participe tamb\u00e9m dos nossos canais no\u00a0<\/em><a href=\"https:\/\/www.whatsapp.com\/channel\/0029Va6Rb4v3WHTNnsh8WI3N\"><strong><em>WhatsApp<\/em><\/strong><\/a><em>\u00a0e\u00a0<\/em><a href=\"https:\/\/www.youtube.com\/@acordacidadenoticias\/videos\"><strong>YouTube<\/strong><\/a><em>\u00a0e do grupo no\u00a0<\/em><a href=\"https:\/\/t.me\/+sSz0khrgARA0ZmRh\"><strong><em>Telegram<\/em><\/strong><\/a><em>.<\/em><\/p>\n<\/div>\n","protected":false},"excerpt":{"rendered":"<p>Foto: Divulga\u00e7\u00e3o\/IBGE O Instituto Brasileiro de Geografia e Estat\u00edstica (IBGE) realiza de hoje a sexta-feira<\/p>\n","protected":false},"author":1,"featured_media":148107,"comment_status":"closed","ping_status":"closed","sticky":false,"template":"","format":"gallery","meta":{"footnotes":""},"categories":[8,9,6,57,56,10],"tags":[],"class_list":["post-148106","post","type-post","status-publish","format-gallery","has-post-thumbnail","hentry","category-bahia","category-brasil","category-feira-de-santana","category-mundo","category-policia","category-politica","post_format-post-format-gallery"],"featured_image_urls":{"full":["https:\/\/noticiasbahia360.com.br\/wp-content\/uploads\/2026\/08\/Censo-da-Populacao-em-Situacao-de-Rua.jpg",1200,848,false],"thumbnail":["https:\/\/noticiasbahia360.com.br\/wp-content\/uploads\/2026\/08\/Censo-da-Populacao-em-Situacao-de-Rua-150x150.jpg",150,150,true],"medium":["https:\/\/noticiasbahia360.com.br\/wp-content\/uploads\/2026\/08\/Censo-da-Populacao-em-Situacao-de-Rua-300x212.jpg",300,212,true],"medium_large":["https:\/\/noticiasbahia360.com.br\/wp-content\/uploads\/2026\/08\/Censo-da-Populacao-em-Situacao-de-Rua-768x543.jpg",640,453,true],"large":["https:\/\/noticiasbahia360.com.br\/wp-content\/uploads\/2026\/08\/Censo-da-Populacao-em-Situacao-de-Rua-1024x724.jpg",640,453,true],"1536x1536":["https:\/\/noticiasbahia360.com.br\/wp-content\/uploads\/2026\/08\/Censo-da-Populacao-em-Situacao-de-Rua.jpg",1200,848,false],"2048x2048":["https:\/\/noticiasbahia360.com.br\/wp-content\/uploads\/2026\/08\/Censo-da-Populacao-em-Situacao-de-Rua.jpg",1200,848,false],"chromenews-featured":["https:\/\/noticiasbahia360.com.br\/wp-content\/uploads\/2026\/08\/Censo-da-Populacao-em-Situacao-de-Rua-1024x724.jpg",1024,724,true],"chromenews-large":["https:\/\/noticiasbahia360.com.br\/wp-content\/uploads\/2026\/08\/Censo-da-Populacao-em-Situacao-de-Rua-825x575.jpg",825,575,true],"chromenews-medium":["https:\/\/noticiasbahia360.com.br\/wp-content\/uploads\/2026\/08\/Censo-da-Populacao-em-Situacao-de-Rua-590x410.jpg",590,410,true]},"author_info":{"display_name":"noticiasbahia360.com.br","author_link":"https:\/\/noticiasbahia360.com.br\/?author=1"},"category_info":"<a href=\"https:\/\/noticiasbahia360.com.br\/?cat=8\" rel=\"category\">Bahia<\/a> <a href=\"https:\/\/noticiasbahia360.com.br\/?cat=9\" rel=\"category\">Brasil<\/a> <a href=\"https:\/\/noticiasbahia360.com.br\/?cat=6\" rel=\"category\">Feira de Santana<\/a> <a href=\"https:\/\/noticiasbahia360.com.br\/?cat=57\" rel=\"category\">Mundo<\/a> <a href=\"https:\/\/noticiasbahia360.com.br\/?cat=56\" rel=\"category\">Pol\u00edcia<\/a> <a href=\"https:\/\/noticiasbahia360.com.br\/?cat=10\" rel=\"category\">Pol\u00edtica<\/a>","tag_info":"Pol\u00edtica","comment_count":"0","_links":{"self":[{"href":"https:\/\/noticiasbahia360.com.br\/index.php?rest_route=\/wp\/v2\/posts\/148106","targetHints":{"allow":["GET"]}}],"collection":[{"href":"https:\/\/noticiasbahia360.com.br\/index.php?rest_route=\/wp\/v2\/posts"}],"about":[{"href":"https:\/\/noticiasbahia360.com.br\/index.php?rest_route=\/wp\/v2\/types\/post"}],"author":[{"embeddable":true,"href":"https:\/\/noticiasbahia360.com.br\/index.php?rest_route=\/wp\/v2\/users\/1"}],"replies":[{"embeddable":true,"href":"https:\/\/noticiasbahia360.com.br\/index.php?rest_route=%2Fwp%2Fv2%2Fcomments&post=148106"}],"version-history":[{"count":0,"href":"https:\/\/noticiasbahia360.com.br\/index.php?rest_route=\/wp\/v2\/posts\/148106\/revisions"}],"wp:featuredmedia":[{"embeddable":true,"href":"https:\/\/noticiasbahia360.com.br\/index.php?rest_route=\/wp\/v2\/media\/148107"}],"wp:attachment":[{"href":"https:\/\/noticiasbahia360.com.br\/index.php?rest_route=%2Fwp%2Fv2%2Fmedia&parent=148106"}],"wp:term":[{"taxonomy":"category","embeddable":true,"href":"https:\/\/noticiasbahia360.com.br\/index.php?rest_route=%2Fwp%2Fv2%2Fcategories&post=148106"},{"taxonomy":"post_tag","embeddable":true,"href":"https:\/\/noticiasbahia360.com.br\/index.php?rest_route=%2Fwp%2Fv2%2Ftags&post=148106"}],"curies":[{"name":"wp","href":"https:\/\/api.w.org\/{rel}","templated":true}]}}