{"id":148108,"date":"2026-08-31T11:01:36","date_gmt":"2026-08-31T14:01:36","guid":{"rendered":"https:\/\/noticiasbahia360.com.br\/?p=148108"},"modified":"2026-08-31T11:01:36","modified_gmt":"2026-08-31T14:01:36","slug":"upb-vai-reunir-gestores-para-discutir-efeitos-do-el-nino-nos-municipios-baianos","status":"publish","type":"post","link":"https:\/\/noticiasbahia360.com.br\/?p=148108","title":{"rendered":"UPB vai reunir gestores para discutir efeitos do El Ni\u00f1o nos munic\u00edpios baianos"},"content":{"rendered":"<div>\n<div>\n<figure><img decoding=\"async\" src=\"http:\/\/noticiasbahia360.com.br\/wp-content\/uploads\/2026\/08\/Seca-na-Bahia.jpg\" alt=\"Seca na Bahia\"><figcaption>Foto: Divulga\u00e7\u00e3o\/UPB<\/figcaption><\/figure>\n<\/div>\n<p class=\"wp-block-paragraph\">Para contribuir com o fortalecimento das a\u00e7\u00f5es de prepara\u00e7\u00e3o, monitoramento de riscos e capacidade de resposta das prefeituras, diante de eventuais situa\u00e7\u00f5es de emerg\u00eancia provocadas pelo fen\u00f4meno clim\u00e1tico El Nin\u00f5, a Uni\u00e3o dos Munic\u00edpios da Bahia (UPB), em parceria com a Secretaria Especial de Assuntos Federativos da Secretaria de Rela\u00e7\u00f5es Institucionais da Presid\u00eancia da Rep\u00fablica (SEAF\/SRI\/PR), realiza nesta ter\u00e7a-feira (1) a reuni\u00e3o tem\u00e1tica sobre os poss\u00edveis efeitos do El Ni\u00f1o no Nordeste do Brasil e os desafios para a gest\u00e3o p\u00fablica municipal. O encontro acontecer\u00e1 das 9h \u00e0s 12h, na sede da UPB, em Salvador.<\/p>\n<p class=\"wp-block-paragraph\">A reuni\u00e3o tamb\u00e9m refor\u00e7a a coopera\u00e7\u00e3o entre o Governo Federal e a UPB para ampliar o acesso dos munic\u00edpios a informa\u00e7\u00f5es e medidas de preven\u00e7\u00e3o e enfrentamento de eventos clim\u00e1ticos. A proposta \u00e9 aproximar as administra\u00e7\u00f5es municipais das estrat\u00e9gias nacionais e contribuir para que os gestores estejam mais preparados para poss\u00edveis cen\u00e1rios de risco.<\/p>\n<p class=\"wp-block-paragraph\">O presidente da UPB, Wilson Cardoso, destaca que a programa\u00e7\u00e3o \u00e9 voltada para prefeitos e prefeitas, secret\u00e1rios municipais e gestores das Defesas Civis Municipais. \u201cPrecisamos estar preparados para agir antes que a emerg\u00eancia aconte\u00e7a e garantir que os munic\u00edpios que mais precisam tenham o apoio necess\u00e1rio. Uni\u00e3o, Estados e munic\u00edpios precisam estar de m\u00e3os dadas e trabalhando de forma integrada, compartilhando informa\u00e7\u00f5es, estruturas e recursos\u201d, afirmou o gestor.<\/p>\n<p class=\"wp-block-paragraph\">No Nordeste, o fen\u00f4meno El Ni\u00f1o est\u00e1 associado a menor volume de chuvas, com estiagem prolongada, aumento das temperaturas e redu\u00e7\u00e3o da disponibilidade de \u00e1gua, acarretando impactos nas lavouras, na seguran\u00e7a alimentar, na cria\u00e7\u00e3o de animais e maior risco de queimadas.<\/p>\n<p class=\"wp-block-paragraph\">A orienta\u00e7\u00e3o ser\u00e1 dada para que os munic\u00edpios se antecipem, com planejamento, preven\u00e7\u00e3o, monitoramento e capacidade de resposta, integrando seis frentes: defesa civil, sa\u00fade, assist\u00eancia social, recursos h\u00eddricos, meio ambiente e infraestrutura.<\/p>\n<p class=\"wp-block-paragraph\"><em>Siga o Acorda Cidade no\u00a0<\/em><a href=\"https:\/\/news.google.com\/search?q=acorda%20cidade&amp;hl=pt-BR&amp;gl=BR&amp;ceid=BR%3Apt-419\"><strong><em>Google Not\u00edcias<\/em><\/strong><\/a><em>\u00a0e receba os principais destaques do dia. Participe tamb\u00e9m dos nossos canais no\u00a0<\/em><a href=\"https:\/\/www.whatsapp.com\/channel\/0029Va6Rb4v3WHTNnsh8WI3N\"><strong><em>WhatsApp<\/em><\/strong><\/a><em>\u00a0e\u00a0<\/em><a href=\"https:\/\/www.youtube.com\/@acordacidadenoticias\/videos\"><strong>YouTube<\/strong><\/a><em>\u00a0e do grupo no\u00a0<\/em><a href=\"https:\/\/t.me\/+sSz0khrgARA0ZmRh\"><strong><em>Telegram<\/em><\/strong><\/a><em>.<\/em><\/p>\n<\/div>\n","protected":false},"excerpt":{"rendered":"<p>Foto: Divulga\u00e7\u00e3o\/UPB Para contribuir com o fortalecimento das a\u00e7\u00f5es de prepara\u00e7\u00e3o, monitoramento de riscos e<\/p>\n","protected":false},"author":1,"featured_media":148109,"comment_status":"closed","ping_status":"closed","sticky":false,"template":"","format":"gallery","meta":{"footnotes":""},"categories":[8,9,6,57,56,10],"tags":[],"class_list":["post-148108","post","type-post","status-publish","format-gallery","has-post-thumbnail","hentry","category-bahia","category-brasil","category-feira-de-santana","category-mundo","category-policia","category-politica","post_format-post-format-gallery"],"featured_image_urls":{"full":["https:\/\/noticiasbahia360.com.br\/wp-content\/uploads\/2026\/08\/Seca-na-Bahia.jpg",1200,822,false],"thumbnail":["https:\/\/noticiasbahia360.com.br\/wp-content\/uploads\/2026\/08\/Seca-na-Bahia-150x150.jpg",150,150,true],"medium":["https:\/\/noticiasbahia360.com.br\/wp-content\/uploads\/2026\/08\/Seca-na-Bahia-300x206.jpg",300,206,true],"medium_large":["https:\/\/noticiasbahia360.com.br\/wp-content\/uploads\/2026\/08\/Seca-na-Bahia-768x526.jpg",640,438,true],"large":["https:\/\/noticiasbahia360.com.br\/wp-content\/uploads\/2026\/08\/Seca-na-Bahia-1024x701.jpg",640,438,true],"1536x1536":["https:\/\/noticiasbahia360.com.br\/wp-content\/uploads\/2026\/08\/Seca-na-Bahia.jpg",1200,822,false],"2048x2048":["https:\/\/noticiasbahia360.com.br\/wp-content\/uploads\/2026\/08\/Seca-na-Bahia.jpg",1200,822,false],"chromenews-featured":["https:\/\/noticiasbahia360.com.br\/wp-content\/uploads\/2026\/08\/Seca-na-Bahia-1024x701.jpg",1024,701,true],"chromenews-large":["https:\/\/noticiasbahia360.com.br\/wp-content\/uploads\/2026\/08\/Seca-na-Bahia-825x575.jpg",825,575,true],"chromenews-medium":["https:\/\/noticiasbahia360.com.br\/wp-content\/uploads\/2026\/08\/Seca-na-Bahia-590x410.jpg",590,410,true]},"author_info":{"display_name":"noticiasbahia360.com.br","author_link":"https:\/\/noticiasbahia360.com.br\/?author=1"},"category_info":"<a href=\"https:\/\/noticiasbahia360.com.br\/?cat=8\" rel=\"category\">Bahia<\/a> <a href=\"https:\/\/noticiasbahia360.com.br\/?cat=9\" rel=\"category\">Brasil<\/a> <a href=\"https:\/\/noticiasbahia360.com.br\/?cat=6\" rel=\"category\">Feira de Santana<\/a> <a href=\"https:\/\/noticiasbahia360.com.br\/?cat=57\" rel=\"category\">Mundo<\/a> <a href=\"https:\/\/noticiasbahia360.com.br\/?cat=56\" rel=\"category\">Pol\u00edcia<\/a> <a href=\"https:\/\/noticiasbahia360.com.br\/?cat=10\" rel=\"category\">Pol\u00edtica<\/a>","tag_info":"Pol\u00edtica","comment_count":"0","_links":{"self":[{"href":"https:\/\/noticiasbahia360.com.br\/index.php?rest_route=\/wp\/v2\/posts\/148108","targetHints":{"allow":["GET"]}}],"collection":[{"href":"https:\/\/noticiasbahia360.com.br\/index.php?rest_route=\/wp\/v2\/posts"}],"about":[{"href":"https:\/\/noticiasbahia360.com.br\/index.php?rest_route=\/wp\/v2\/types\/post"}],"author":[{"embeddable":true,"href":"https:\/\/noticiasbahia360.com.br\/index.php?rest_route=\/wp\/v2\/users\/1"}],"replies":[{"embeddable":true,"href":"https:\/\/noticiasbahia360.com.br\/index.php?rest_route=%2Fwp%2Fv2%2Fcomments&post=148108"}],"version-history":[{"count":0,"href":"https:\/\/noticiasbahia360.com.br\/index.php?rest_route=\/wp\/v2\/posts\/148108\/revisions"}],"wp:featuredmedia":[{"embeddable":true,"href":"https:\/\/noticiasbahia360.com.br\/index.php?rest_route=\/wp\/v2\/media\/148109"}],"wp:attachment":[{"href":"https:\/\/noticiasbahia360.com.br\/index.php?rest_route=%2Fwp%2Fv2%2Fmedia&parent=148108"}],"wp:term":[{"taxonomy":"category","embeddable":true,"href":"https:\/\/noticiasbahia360.com.br\/index.php?rest_route=%2Fwp%2Fv2%2Fcategories&post=148108"},{"taxonomy":"post_tag","embeddable":true,"href":"https:\/\/noticiasbahia360.com.br\/index.php?rest_route=%2Fwp%2Fv2%2Ftags&post=148108"}],"curies":[{"name":"wp","href":"https:\/\/api.w.org\/{rel}","templated":true}]}}