{"id":148110,"date":"2026-08-31T11:01:37","date_gmt":"2026-08-31T14:01:37","guid":{"rendered":"https:\/\/noticiasbahia360.com.br\/?p=148110"},"modified":"2026-08-31T11:01:37","modified_gmt":"2026-08-31T14:01:37","slug":"saiba-por-que-o-discord-acende-o-alerta-sobre-a-seguranca-de-criancas-e-adolescentes","status":"publish","type":"post","link":"https:\/\/noticiasbahia360.com.br\/?p=148110","title":{"rendered":"Saiba por que o Discord acende o alerta sobre a seguran\u00e7a de crian\u00e7as e adolescentes"},"content":{"rendered":"<div>\n<div>\n<figure><img decoding=\"async\" src=\"http:\/\/noticiasbahia360.com.br\/wp-content\/uploads\/2026\/08\/Criancas_-redes-sociais_.jpg\" alt=\"Crian\u00e7as_ redes sociais_\"><figcaption>Foto: Magnific<\/figcaption><\/figure>\n<\/div>\n<p class=\"wp-block-paragraph\">Uma plataforma criada para aproximar pessoas com interesses em comum entrou no radar das autoridades brasileiras por um motivo que vai muito al\u00e9m dos jogos online: a dificuldade de garantir que crian\u00e7as e adolescentes estejam protegidos dentro de comunidades digitais cada vez mais privadas e dif\u00edceis de monitorar. <\/p>\n<p class=\"wp-block-paragraph\">O Minist\u00e9rio P\u00fablico Federal (MPF) abriu procedimento para acompanhar as medidas de seguran\u00e7a adotadas pelo Discord ap\u00f3s a Autoridade Nacional de Prote\u00e7\u00e3o de Dados (ANPD) apontar descumprimentos relacionados \u00e0s normas de prote\u00e7\u00e3o infantojuvenil.<\/p>\n<p class=\"wp-block-paragraph\">A preocupa\u00e7\u00e3o ganhou for\u00e7a depois que o Discord suspendeu, no Brasil, os recursos de v\u00eddeo da plataforma para atender a uma determina\u00e7\u00e3o da ANPD. Entre as medidas cobradas est\u00e3o mecanismos eficazes de verifica\u00e7\u00e3o de idade, modera\u00e7\u00e3o proativa de conte\u00fados audiovisuais e adequa\u00e7\u00e3o da representa\u00e7\u00e3o institucional da empresa no pa\u00eds.<\/p>\n<p class=\"wp-block-paragraph\">Mais conhecido entre jogadores, o Discord funciona a partir de comunidades chamadas servidores, nas quais os usu\u00e1rios podem conversar por texto, voz e v\u00eddeo. A plataforma tamb\u00e9m permite a cria\u00e7\u00e3o de grupos privados, com diferentes n\u00edveis de acesso e permiss\u00f5es. \u00c9 justamente essa estrutura que, segundo o professor Evandro Bastos, do curso de An\u00e1lise e Desenvolvimento de Sistemas da Est\u00e1cio, exige aten\u00e7\u00e3o redobrada de pais, respons\u00e1veis e dos pr\u00f3prios usu\u00e1rios. <\/p>\n<p class=\"wp-block-paragraph\">\u201cO Discord \u00e9 uma rede social focada em comunica\u00e7\u00e3o e conversas em grupo. O que ele tem de principal \u00e9 que essas conversas podem ser privadas e os membros s\u00e3o classificados por cargos e permiss\u00f5es espec\u00edficas\u201d, explica o professor.<\/p>\n<p class=\"wp-block-paragraph\">Embora tenha forte presen\u00e7a entre comunidades de jogos eletr\u00f4nicos, a plataforma n\u00e3o se limita ao entretenimento. Empresas e outros grupos tamb\u00e9m utilizam o servi\u00e7o para comunica\u00e7\u00e3o profissional. O problema, segundo Bastos, est\u00e1 principalmente na exposi\u00e7\u00e3o do p\u00fablico mais jovem a ambientes nos quais nem sempre \u00e9 poss\u00edvel identificar quem est\u00e1 do outro lado da tela. <\/p>\n<p class=\"wp-block-paragraph\">\u201cO principal uso dele hoje \u00e9 para comunidades que fazem jogos online. E isso \u00e9 voltado principalmente para o p\u00fablico infantojuvenil, que \u00e9 o mais vulner\u00e1vel a esse tipo de aplica\u00e7\u00e3o e aos problemas que a gente tem visto por a\u00ed\u201d, afirma.<\/p>\n<p class=\"wp-block-paragraph\">A dimens\u00e3o do alerta n\u00e3o \u00e9 apenas te\u00f3rica. Segundo o MPF, investiga\u00e7\u00f5es apontam ind\u00edcios recorrentes de utiliza\u00e7\u00e3o do aplicativo para pr\u00e1ticas criminosas graves, como aliciamento infantil, dissemina\u00e7\u00e3o de pornografia infantojuvenil, apologia ao nazismo e incita\u00e7\u00e3o \u00e0 automutila\u00e7\u00e3o. O \u00f3rg\u00e3o tamb\u00e9m chama aten\u00e7\u00e3o para as dificuldades de monitoramento impostas pela pr\u00f3pria arquitetura tecnol\u00f3gica da plataforma, especialmente em transmiss\u00f5es de voz e v\u00eddeo protegidas por criptografia de ponta a ponta.<\/p>\n<p class=\"wp-block-paragraph\">Para Bastos, entretanto, a tecnologia n\u00e3o elimina a possibilidade de ado\u00e7\u00e3o de cuidados b\u00e1sicos. Como em outras redes sociais, o usu\u00e1rio pode controlar parte de suas intera\u00e7\u00f5es, escolhendo quem adicionar, quais comunidades frequentar e com quem conversar. \u201cSe voc\u00ea est\u00e1 conversando com algu\u00e9m suspeito, que te chamou para fazer alguma coisa suspeita, decline do convite. Pare, v\u00e1 embora, bloqueie. Isso voc\u00ea consegue fazer com qualquer rede social, n\u00e3o somente com o Discord\u201d, orienta.<\/p>\n<p class=\"wp-block-paragraph\">A recomenda\u00e7\u00e3o tamb\u00e9m vale para os chamados servidores, comunidades criadas dentro da plataforma. Ao identificar um grupo envolvido em atividades ilegais, a orienta\u00e7\u00e3o do especialista \u00e9 n\u00e3o permanecer no ambiente nem tentar confrontar os envolvidos. \u201cSe voc\u00ea entrar em alguma comunidade ou grupo que faz atos ilegais, a primeira tarefa \u00e9 sair e, em segundo, denunciar pelas autoridades competentes\u201d, afirma.<\/p>\n<p class=\"wp-block-paragraph\">O epis\u00f3dio envolvendo o Discord revela um desafio que acompanha a expans\u00e3o das redes sociais: quanto mais privadas e segmentadas s\u00e3o as comunidades digitais, maior pode ser a dificuldade de identificar situa\u00e7\u00f5es de risco antes que elas produzam consequ\u00eancias. Para crian\u00e7as e adolescentes, que ainda est\u00e3o desenvolvendo ferramentas para reconhecer situa\u00e7\u00f5es de manipula\u00e7\u00e3o, abuso ou aliciamento, a presen\u00e7a de adultos respons\u00e1veis e a educa\u00e7\u00e3o para o uso seguro da internet tornam-se parte importante da prote\u00e7\u00e3o.<\/p>\n<p class=\"wp-block-paragraph\">O procedimento aberto pelo MPF prev\u00ea a cobran\u00e7a de esclarecimentos ao Discord sobre as medidas adotadas para prote\u00e7\u00e3o de crian\u00e7as e adolescentes, al\u00e9m do levantamento de investiga\u00e7\u00f5es relacionadas a viola\u00e7\u00f5es cometidas na plataforma e de opera\u00e7\u00f5es realizadas pelo Laborat\u00f3rio de Opera\u00e7\u00f5es Cibern\u00e9ticas do Minist\u00e9rio da Justi\u00e7a e Seguran\u00e7a P\u00fablica entre 2023 e 2026.<\/p>\n<p class=\"wp-block-paragraph\">O caso coloca em evid\u00eancia uma quest\u00e3o que ultrapassa os limites de uma \u00fanica plataforma: no ambiente digital, proteger crian\u00e7as e adolescentes n\u00e3o depende apenas de restringir o acesso, mas tamb\u00e9m de compreender como as redes funcionam, reconhecer sinais de risco e saber quando interromper uma intera\u00e7\u00e3o e procurar ajuda. Afinal, em comunidades virtuais onde a identidade pode ser dif\u00edcil de verificar, o cuidado precisa come\u00e7ar antes que o perigo se torne evidente.<\/p>\n<p class=\"wp-block-paragraph\"><em>Siga o Acorda Cidade no\u00a0<\/em><a href=\"https:\/\/news.google.com\/search?q=acorda%20cidade&amp;hl=pt-BR&amp;gl=BR&amp;ceid=BR%3Apt-419\"><strong><em>Google Not\u00edcias<\/em><\/strong><\/a><em>\u00a0e receba os principais destaques do dia. Participe tamb\u00e9m dos nossos canais no\u00a0<\/em><a href=\"https:\/\/www.whatsapp.com\/channel\/0029Va6Rb4v3WHTNnsh8WI3N\"><strong><em>WhatsApp<\/em><\/strong><\/a><em>\u00a0e\u00a0<\/em><a href=\"https:\/\/www.youtube.com\/@acordacidadenoticias\/videos\"><strong>YouTube<\/strong><\/a><em>\u00a0e do grupo no\u00a0<\/em><a href=\"https:\/\/t.me\/+sSz0khrgARA0ZmRh\"><strong><em>Telegram<\/em><\/strong><\/a><em>.<\/em><\/p>\n<\/div>\n","protected":false},"excerpt":{"rendered":"<p>Foto: Magnific Uma plataforma criada para aproximar pessoas com interesses em comum entrou no radar<\/p>\n","protected":false},"author":1,"featured_media":148111,"comment_status":"closed","ping_status":"closed","sticky":false,"template":"","format":"gallery","meta":{"footnotes":""},"categories":[8,9,6,57,56,10],"tags":[],"class_list":["post-148110","post","type-post","status-publish","format-gallery","has-post-thumbnail","hentry","category-bahia","category-brasil","category-feira-de-santana","category-mundo","category-policia","category-politica","post_format-post-format-gallery"],"featured_image_urls":{"full":["https:\/\/noticiasbahia360.com.br\/wp-content\/uploads\/2026\/08\/Criancas_-redes-sociais_.jpg",1200,887,false],"thumbnail":["https:\/\/noticiasbahia360.com.br\/wp-content\/uploads\/2026\/08\/Criancas_-redes-sociais_-150x150.jpg",150,150,true],"medium":["https:\/\/noticiasbahia360.com.br\/wp-content\/uploads\/2026\/08\/Criancas_-redes-sociais_-300x222.jpg",300,222,true],"medium_large":["https:\/\/noticiasbahia360.com.br\/wp-content\/uploads\/2026\/08\/Criancas_-redes-sociais_-768x568.jpg",640,473,true],"large":["https:\/\/noticiasbahia360.com.br\/wp-content\/uploads\/2026\/08\/Criancas_-redes-sociais_-1024x757.jpg",640,473,true],"1536x1536":["https:\/\/noticiasbahia360.com.br\/wp-content\/uploads\/2026\/08\/Criancas_-redes-sociais_.jpg",1200,887,false],"2048x2048":["https:\/\/noticiasbahia360.com.br\/wp-content\/uploads\/2026\/08\/Criancas_-redes-sociais_.jpg",1200,887,false],"chromenews-featured":["https:\/\/noticiasbahia360.com.br\/wp-content\/uploads\/2026\/08\/Criancas_-redes-sociais_-1024x757.jpg",1024,757,true],"chromenews-large":["https:\/\/noticiasbahia360.com.br\/wp-content\/uploads\/2026\/08\/Criancas_-redes-sociais_-825x575.jpg",825,575,true],"chromenews-medium":["https:\/\/noticiasbahia360.com.br\/wp-content\/uploads\/2026\/08\/Criancas_-redes-sociais_-590x410.jpg",590,410,true]},"author_info":{"display_name":"noticiasbahia360.com.br","author_link":"https:\/\/noticiasbahia360.com.br\/?author=1"},"category_info":"<a href=\"https:\/\/noticiasbahia360.com.br\/?cat=8\" rel=\"category\">Bahia<\/a> <a href=\"https:\/\/noticiasbahia360.com.br\/?cat=9\" rel=\"category\">Brasil<\/a> <a href=\"https:\/\/noticiasbahia360.com.br\/?cat=6\" rel=\"category\">Feira de Santana<\/a> <a href=\"https:\/\/noticiasbahia360.com.br\/?cat=57\" rel=\"category\">Mundo<\/a> <a href=\"https:\/\/noticiasbahia360.com.br\/?cat=56\" rel=\"category\">Pol\u00edcia<\/a> <a href=\"https:\/\/noticiasbahia360.com.br\/?cat=10\" rel=\"category\">Pol\u00edtica<\/a>","tag_info":"Pol\u00edtica","comment_count":"0","_links":{"self":[{"href":"https:\/\/noticiasbahia360.com.br\/index.php?rest_route=\/wp\/v2\/posts\/148110","targetHints":{"allow":["GET"]}}],"collection":[{"href":"https:\/\/noticiasbahia360.com.br\/index.php?rest_route=\/wp\/v2\/posts"}],"about":[{"href":"https:\/\/noticiasbahia360.com.br\/index.php?rest_route=\/wp\/v2\/types\/post"}],"author":[{"embeddable":true,"href":"https:\/\/noticiasbahia360.com.br\/index.php?rest_route=\/wp\/v2\/users\/1"}],"replies":[{"embeddable":true,"href":"https:\/\/noticiasbahia360.com.br\/index.php?rest_route=%2Fwp%2Fv2%2Fcomments&post=148110"}],"version-history":[{"count":0,"href":"https:\/\/noticiasbahia360.com.br\/index.php?rest_route=\/wp\/v2\/posts\/148110\/revisions"}],"wp:featuredmedia":[{"embeddable":true,"href":"https:\/\/noticiasbahia360.com.br\/index.php?rest_route=\/wp\/v2\/media\/148111"}],"wp:attachment":[{"href":"https:\/\/noticiasbahia360.com.br\/index.php?rest_route=%2Fwp%2Fv2%2Fmedia&parent=148110"}],"wp:term":[{"taxonomy":"category","embeddable":true,"href":"https:\/\/noticiasbahia360.com.br\/index.php?rest_route=%2Fwp%2Fv2%2Fcategories&post=148110"},{"taxonomy":"post_tag","embeddable":true,"href":"https:\/\/noticiasbahia360.com.br\/index.php?rest_route=%2Fwp%2Fv2%2Ftags&post=148110"}],"curies":[{"name":"wp","href":"https:\/\/api.w.org\/{rel}","templated":true}]}}