{"id":148112,"date":"2026-08-31T11:01:38","date_gmt":"2026-08-31T14:01:38","guid":{"rendered":"https:\/\/noticiasbahia360.com.br\/?p=148112"},"modified":"2026-08-31T11:01:38","modified_gmt":"2026-08-31T14:01:38","slug":"ex-prefeito-e-candidato-a-deputado-estadual-e-detido-apos-abordagem-policial","status":"publish","type":"post","link":"https:\/\/noticiasbahia360.com.br\/?p=148112","title":{"rendered":"Ex-prefeito e candidato a deputado estadual \u00e9 detido ap\u00f3s abordagem policial"},"content":{"rendered":"<div>\n<div>\n<figure><img decoding=\"async\" src=\"http:\/\/noticiasbahia360.com.br\/wp-content\/uploads\/2026\/08\/Ex-prefeito-e-candidato-a-deputado-estadual-e-detido-apos-abordagem-policial.jpg\" alt=\"Ex-prefeito e candidato a deputado estadual \u00e9 detido ap\u00f3s abordagem policial\"><figcaption>Foto: Reprodu\u00e7\u00e3o\/ Blog do Valente<\/figcaption><\/figure>\n<\/div>\n<p class=\"wp-block-paragraph\">Um candidato a deputado estadual e ex-prefeito de <a href=\"https:\/\/www.acordacidade.com.br\/tag\/castro-alves\/\" data-type=\"post_tag\" data-id=\"36951\">Castro Alves<\/a>, munic\u00edpio localizado no Rec\u00f4ncavo Baiano, foi detido em Alagoinhas (BA) durante uma motociata. Segundo informa\u00e7\u00f5es do Blog do Valente, site parceiro do Acorda Cidade, o caso ocorreu ap\u00f3s uma discuss\u00e3o durante uma abordagem policial, na tarde do \u00faltimo domingo (30).<\/p>\n<p class=\"wp-block-paragraph\">Na ocasi\u00e3o, o pol\u00edtico utilizava um pared\u00e3o e afirmou que o equipamento costuma ser utilizado nesse tipo de ato, como carreatas e caminhadas. Segundo as informa\u00e7\u00f5es, durante a abordagem, houve uma discuss\u00e3o entre ele e um policial militar, que teria questionado o uso do equipamento de som. Em seguida, o pol\u00edtico foi detido.<\/p>\n<p class=\"wp-block-paragraph\">De acordo com a defesa do candidato, o ato j\u00e1 havia sido autorizado e comunicado previamente \u00e0s autoridades, informando tamb\u00e9m que motociatas s\u00e3o autorizadas pelo Tribunal Superior Eleitoral (TSE).<\/p>\n<p class=\"wp-block-paragraph\"><em>Siga o Acorda Cidade no\u00a0<\/em><a href=\"https:\/\/news.google.com\/search?q=acorda%20cidade&amp;hl=pt-BR&amp;gl=BR&amp;ceid=BR%3Apt-419\"><strong><em>Google Not\u00edcias<\/em><\/strong><\/a><em>\u00a0e receba os principais destaques do dia. Participe tamb\u00e9m dos nossos canais no\u00a0<\/em><a href=\"https:\/\/www.whatsapp.com\/channel\/0029Va6Rb4v3WHTNnsh8WI3N\"><strong><em>WhatsApp<\/em><\/strong><\/a><em>\u00a0e\u00a0<\/em><a href=\"https:\/\/www.youtube.com\/@acordacidadenoticias\/videos\"><strong>YouTube<\/strong><\/a><em>\u00a0e do grupo no\u00a0<\/em><a href=\"https:\/\/t.me\/+sSz0khrgARA0ZmRh\"><strong><em>Telegram<\/em><\/strong><\/a><em>.<\/em><\/p>\n<\/div>\n","protected":false},"excerpt":{"rendered":"<p>Foto: Reprodu\u00e7\u00e3o\/ Blog do Valente Um candidato a deputado estadual e ex-prefeito de Castro Alves,<\/p>\n","protected":false},"author":1,"featured_media":148113,"comment_status":"closed","ping_status":"closed","sticky":false,"template":"","format":"gallery","meta":{"footnotes":""},"categories":[8,9,6,57,56,10],"tags":[],"class_list":["post-148112","post","type-post","status-publish","format-gallery","has-post-thumbnail","hentry","category-bahia","category-brasil","category-feira-de-santana","category-mundo","category-policia","category-politica","post_format-post-format-gallery"],"featured_image_urls":{"full":["https:\/\/noticiasbahia360.com.br\/wp-content\/uploads\/2026\/08\/Ex-prefeito-e-candidato-a-deputado-estadual-e-detido-apos-abordagem-policial.jpg",1200,820,false],"thumbnail":["https:\/\/noticiasbahia360.com.br\/wp-content\/uploads\/2026\/08\/Ex-prefeito-e-candidato-a-deputado-estadual-e-detido-apos-abordagem-policial-150x150.jpg",150,150,true],"medium":["https:\/\/noticiasbahia360.com.br\/wp-content\/uploads\/2026\/08\/Ex-prefeito-e-candidato-a-deputado-estadual-e-detido-apos-abordagem-policial-300x205.jpg",300,205,true],"medium_large":["https:\/\/noticiasbahia360.com.br\/wp-content\/uploads\/2026\/08\/Ex-prefeito-e-candidato-a-deputado-estadual-e-detido-apos-abordagem-policial-768x525.jpg",640,438,true],"large":["https:\/\/noticiasbahia360.com.br\/wp-content\/uploads\/2026\/08\/Ex-prefeito-e-candidato-a-deputado-estadual-e-detido-apos-abordagem-policial-1024x700.jpg",640,438,true],"1536x1536":["https:\/\/noticiasbahia360.com.br\/wp-content\/uploads\/2026\/08\/Ex-prefeito-e-candidato-a-deputado-estadual-e-detido-apos-abordagem-policial.jpg",1200,820,false],"2048x2048":["https:\/\/noticiasbahia360.com.br\/wp-content\/uploads\/2026\/08\/Ex-prefeito-e-candidato-a-deputado-estadual-e-detido-apos-abordagem-policial.jpg",1200,820,false],"chromenews-featured":["https:\/\/noticiasbahia360.com.br\/wp-content\/uploads\/2026\/08\/Ex-prefeito-e-candidato-a-deputado-estadual-e-detido-apos-abordagem-policial-1024x700.jpg",1024,700,true],"chromenews-large":["https:\/\/noticiasbahia360.com.br\/wp-content\/uploads\/2026\/08\/Ex-prefeito-e-candidato-a-deputado-estadual-e-detido-apos-abordagem-policial-825x575.jpg",825,575,true],"chromenews-medium":["https:\/\/noticiasbahia360.com.br\/wp-content\/uploads\/2026\/08\/Ex-prefeito-e-candidato-a-deputado-estadual-e-detido-apos-abordagem-policial-590x410.jpg",590,410,true]},"author_info":{"display_name":"noticiasbahia360.com.br","author_link":"https:\/\/noticiasbahia360.com.br\/?author=1"},"category_info":"<a href=\"https:\/\/noticiasbahia360.com.br\/?cat=8\" rel=\"category\">Bahia<\/a> <a href=\"https:\/\/noticiasbahia360.com.br\/?cat=9\" rel=\"category\">Brasil<\/a> <a href=\"https:\/\/noticiasbahia360.com.br\/?cat=6\" rel=\"category\">Feira de Santana<\/a> <a href=\"https:\/\/noticiasbahia360.com.br\/?cat=57\" rel=\"category\">Mundo<\/a> <a href=\"https:\/\/noticiasbahia360.com.br\/?cat=56\" rel=\"category\">Pol\u00edcia<\/a> <a href=\"https:\/\/noticiasbahia360.com.br\/?cat=10\" rel=\"category\">Pol\u00edtica<\/a>","tag_info":"Pol\u00edtica","comment_count":"0","_links":{"self":[{"href":"https:\/\/noticiasbahia360.com.br\/index.php?rest_route=\/wp\/v2\/posts\/148112","targetHints":{"allow":["GET"]}}],"collection":[{"href":"https:\/\/noticiasbahia360.com.br\/index.php?rest_route=\/wp\/v2\/posts"}],"about":[{"href":"https:\/\/noticiasbahia360.com.br\/index.php?rest_route=\/wp\/v2\/types\/post"}],"author":[{"embeddable":true,"href":"https:\/\/noticiasbahia360.com.br\/index.php?rest_route=\/wp\/v2\/users\/1"}],"replies":[{"embeddable":true,"href":"https:\/\/noticiasbahia360.com.br\/index.php?rest_route=%2Fwp%2Fv2%2Fcomments&post=148112"}],"version-history":[{"count":0,"href":"https:\/\/noticiasbahia360.com.br\/index.php?rest_route=\/wp\/v2\/posts\/148112\/revisions"}],"wp:featuredmedia":[{"embeddable":true,"href":"https:\/\/noticiasbahia360.com.br\/index.php?rest_route=\/wp\/v2\/media\/148113"}],"wp:attachment":[{"href":"https:\/\/noticiasbahia360.com.br\/index.php?rest_route=%2Fwp%2Fv2%2Fmedia&parent=148112"}],"wp:term":[{"taxonomy":"category","embeddable":true,"href":"https:\/\/noticiasbahia360.com.br\/index.php?rest_route=%2Fwp%2Fv2%2Fcategories&post=148112"},{"taxonomy":"post_tag","embeddable":true,"href":"https:\/\/noticiasbahia360.com.br\/index.php?rest_route=%2Fwp%2Fv2%2Ftags&post=148112"}],"curies":[{"name":"wp","href":"https:\/\/api.w.org\/{rel}","templated":true}]}}