{"id":148114,"date":"2026-08-31T11:01:40","date_gmt":"2026-08-31T14:01:40","guid":{"rendered":"https:\/\/noticiasbahia360.com.br\/?p=148114"},"modified":"2026-08-31T11:01:40","modified_gmt":"2026-08-31T14:01:40","slug":"ex-jogador-do-vitoria-e-alvo-de-buscas-em-investigacao-sobre-trafico-de-drogas-e-armas","status":"publish","type":"post","link":"https:\/\/noticiasbahia360.com.br\/?p=148114","title":{"rendered":"Ex-jogador do Vit\u00f3ria \u00e9 alvo de buscas em investiga\u00e7\u00e3o sobre tr\u00e1fico de drogas e armas"},"content":{"rendered":"<div>\n<div>\n<figure><img decoding=\"async\" src=\"http:\/\/noticiasbahia360.com.br\/wp-content\/uploads\/2026\/08\/David-Correa-Foto-Matheus-Lima-Vasco-da-Gama-310826.jpg\" alt=\"David Corr\u00eaa\"><figcaption>David Corr\u00eaa | Foto: Matheus Lima\/ Vasco da Gama <\/figcaption><\/figure>\n<\/div>\n<p class=\"wp-block-paragraph\">O ex-jogador do Esporte Clube Vit\u00f3ria, David Corr\u00eaa, foi alvo de buscas realizadas pela Pol\u00edcia Civil do Rio de Janeiro na manh\u00e3 desta segunda-feira (31), durante a Opera\u00e7\u00e3o A Tropa. Atualmente o atleta \u00e9 atacante do Club de Regatas Vasco da Gama.<\/p>\n<p class=\"wp-block-paragraph\">As buscas foram realizadas na resid\u00eancia de David, na Barra da Tijuca, e no centro de treinamento cruzmaltino, na Zona Oeste do Rio. A a\u00e7\u00e3o resulta de uma investiga\u00e7\u00e3o da Pol\u00edcia Civil do Esp\u00edrito Santo sobre tr\u00e1fico interestadual de armas e drogas.<\/p>\n<p class=\"wp-block-paragraph\">Segundo o <a href=\"https:\/\/www.bahianoticias.com.br\/esportes\/noticia\/80068-ex-vitoria-atacante-david-correa-do-vasco-e-alvo-de-buscas-em-investigacao-sobre-trafico-de-drogas-e-armas\" data-type=\"link\" data-id=\"https:\/\/www.bahianoticias.com.br\/esportes\/noticia\/80068-ex-vitoria-atacante-david-correa-do-vasco-e-alvo-de-buscas-em-investigacao-sobre-trafico-de-drogas-e-armas\" target=\"_blank\" rel=\"noreferrer noopener\">Bahia Not\u00edcias<\/a>, site parceiro do Acorda Cidade, agentes da 14\u00aa DP, do Leblon, e da Delegacia Especializada em Armas, Muni\u00e7\u00f5es e Explosivos (Desarme) sa\u00edram para cumprir tr\u00eas mandados de busca e apreens\u00e3o.<\/p>\n<p class=\"wp-block-paragraph\">De acordo com a Pol\u00edcia Civil, o poss\u00edvel envolvimento de outros atletas profissionais e empres\u00e1rios \u00e9 investigado. N\u00e3o h\u00e1 detalhes sobre a participa\u00e7\u00e3o de David Corr\u00eaa no caso. Em todo o pa\u00eds, s\u00e3o cumpridos quatro mandados de pris\u00e3o tempor\u00e1ria e quinze de busca e apreens\u00e3o.<\/p>\n<p class=\"wp-block-paragraph\">Um ex-jogador do Santos Futebol Clube foi preso em S\u00e3o Paulo durante a a\u00e7\u00e3o que ocorre em diferentes estados do Brasil, com a participa\u00e7\u00e3o de aproximadamente cem policiais, trinta e oito viaturas e dois helic\u00f3pteros.<\/p>\n<h2 id=\"h-david-correa-no-vitoria\" class=\"wp-block-heading\">David Corr\u00eaa no Vit\u00f3ria<\/h2>\n<p class=\"wp-block-paragraph\">O jogador fez parte da base do Vit\u00f3ria ap\u00f3s atuar no Rio Branco Atl\u00e9tico Clube. Ele foi promovido ao profissional do time baiano em 2015, onde disputou mais de 100 partidas.<\/p>\n<p class=\"wp-block-paragraph\">David Corr\u00eaa marcou 16 gols e conquistou o Campeonato Baiano em 2016 e 2017 no Rubro-Negro. Somente na temporada de 2017, marcou 6 gols pelo Campeonato Brasileiro.<\/p>\n<p class=\"wp-block-paragraph\">O Vit\u00f3ria negociou 70% dos direitos econ\u00f4micos do atacante com o Cruzeiro por R$ 10 milh\u00f5es em 2018. David passou ainda pelo Fortaleza, Internacional e S\u00e3o Paulo antes de chegar ao Vasco, em 2024.<\/p>\n<p class=\"wp-block-paragraph\">Em 2026, o time baiano chegou a tentar trazer o jogador de volta, quando apresentou uma proposta por 50% dos direitos do jogador ao Vasco.<\/p>\n<p class=\"wp-block-paragraph\"><em>Siga o Acorda Cidade no\u00a0<\/em><a href=\"https:\/\/news.google.com\/search?q=acorda%20cidade&amp;hl=pt-BR&amp;gl=BR&amp;ceid=BR%3Apt-419\"><strong><em>Google Not\u00edcias<\/em><\/strong><\/a><em>\u00a0e receba os principais destaques do dia. Participe tamb\u00e9m dos nossos canais no\u00a0<\/em><a href=\"https:\/\/www.whatsapp.com\/channel\/0029Va6Rb4v3WHTNnsh8WI3N\"><strong><em>WhatsApp<\/em><\/strong><\/a><em>\u00a0e\u00a0<\/em><a href=\"https:\/\/www.youtube.com\/@acordacidadenoticias\/videos\"><strong>YouTube<\/strong><\/a><em>\u00a0e do grupo no\u00a0<\/em><a href=\"https:\/\/t.me\/+sSz0khrgARA0ZmRh\"><strong><em>Telegram<\/em><\/strong><\/a><em>.<\/em><\/p>\n<\/div>\n","protected":false},"excerpt":{"rendered":"<p>David Corr\u00eaa | Foto: Matheus Lima\/ Vasco da Gama O ex-jogador do Esporte Clube Vit\u00f3ria,<\/p>\n","protected":false},"author":1,"featured_media":148115,"comment_status":"closed","ping_status":"closed","sticky":false,"template":"","format":"gallery","meta":{"footnotes":""},"categories":[8,9,6,57,56,10],"tags":[],"class_list":["post-148114","post","type-post","status-publish","format-gallery","has-post-thumbnail","hentry","category-bahia","category-brasil","category-feira-de-santana","category-mundo","category-policia","category-politica","post_format-post-format-gallery"],"featured_image_urls":{"full":["https:\/\/noticiasbahia360.com.br\/wp-content\/uploads\/2026\/08\/David-Correa-Foto-Matheus-Lima-Vasco-da-Gama-310826.jpg",1350,709,false],"thumbnail":["https:\/\/noticiasbahia360.com.br\/wp-content\/uploads\/2026\/08\/David-Correa-Foto-Matheus-Lima-Vasco-da-Gama-310826-150x150.jpg",150,150,true],"medium":["https:\/\/noticiasbahia360.com.br\/wp-content\/uploads\/2026\/08\/David-Correa-Foto-Matheus-Lima-Vasco-da-Gama-310826-300x158.jpg",300,158,true],"medium_large":["https:\/\/noticiasbahia360.com.br\/wp-content\/uploads\/2026\/08\/David-Correa-Foto-Matheus-Lima-Vasco-da-Gama-310826-768x403.jpg",640,336,true],"large":["https:\/\/noticiasbahia360.com.br\/wp-content\/uploads\/2026\/08\/David-Correa-Foto-Matheus-Lima-Vasco-da-Gama-310826-1024x538.jpg",640,336,true],"1536x1536":["https:\/\/noticiasbahia360.com.br\/wp-content\/uploads\/2026\/08\/David-Correa-Foto-Matheus-Lima-Vasco-da-Gama-310826.jpg",1350,709,false],"2048x2048":["https:\/\/noticiasbahia360.com.br\/wp-content\/uploads\/2026\/08\/David-Correa-Foto-Matheus-Lima-Vasco-da-Gama-310826.jpg",1350,709,false],"chromenews-featured":["https:\/\/noticiasbahia360.com.br\/wp-content\/uploads\/2026\/08\/David-Correa-Foto-Matheus-Lima-Vasco-da-Gama-310826-1024x538.jpg",1024,538,true],"chromenews-large":["https:\/\/noticiasbahia360.com.br\/wp-content\/uploads\/2026\/08\/David-Correa-Foto-Matheus-Lima-Vasco-da-Gama-310826-825x575.jpg",825,575,true],"chromenews-medium":["https:\/\/noticiasbahia360.com.br\/wp-content\/uploads\/2026\/08\/David-Correa-Foto-Matheus-Lima-Vasco-da-Gama-310826-590x410.jpg",590,410,true]},"author_info":{"display_name":"noticiasbahia360.com.br","author_link":"https:\/\/noticiasbahia360.com.br\/?author=1"},"category_info":"<a href=\"https:\/\/noticiasbahia360.com.br\/?cat=8\" rel=\"category\">Bahia<\/a> <a href=\"https:\/\/noticiasbahia360.com.br\/?cat=9\" rel=\"category\">Brasil<\/a> <a href=\"https:\/\/noticiasbahia360.com.br\/?cat=6\" rel=\"category\">Feira de Santana<\/a> <a href=\"https:\/\/noticiasbahia360.com.br\/?cat=57\" rel=\"category\">Mundo<\/a> <a href=\"https:\/\/noticiasbahia360.com.br\/?cat=56\" rel=\"category\">Pol\u00edcia<\/a> <a href=\"https:\/\/noticiasbahia360.com.br\/?cat=10\" rel=\"category\">Pol\u00edtica<\/a>","tag_info":"Pol\u00edtica","comment_count":"0","_links":{"self":[{"href":"https:\/\/noticiasbahia360.com.br\/index.php?rest_route=\/wp\/v2\/posts\/148114","targetHints":{"allow":["GET"]}}],"collection":[{"href":"https:\/\/noticiasbahia360.com.br\/index.php?rest_route=\/wp\/v2\/posts"}],"about":[{"href":"https:\/\/noticiasbahia360.com.br\/index.php?rest_route=\/wp\/v2\/types\/post"}],"author":[{"embeddable":true,"href":"https:\/\/noticiasbahia360.com.br\/index.php?rest_route=\/wp\/v2\/users\/1"}],"replies":[{"embeddable":true,"href":"https:\/\/noticiasbahia360.com.br\/index.php?rest_route=%2Fwp%2Fv2%2Fcomments&post=148114"}],"version-history":[{"count":0,"href":"https:\/\/noticiasbahia360.com.br\/index.php?rest_route=\/wp\/v2\/posts\/148114\/revisions"}],"wp:featuredmedia":[{"embeddable":true,"href":"https:\/\/noticiasbahia360.com.br\/index.php?rest_route=\/wp\/v2\/media\/148115"}],"wp:attachment":[{"href":"https:\/\/noticiasbahia360.com.br\/index.php?rest_route=%2Fwp%2Fv2%2Fmedia&parent=148114"}],"wp:term":[{"taxonomy":"category","embeddable":true,"href":"https:\/\/noticiasbahia360.com.br\/index.php?rest_route=%2Fwp%2Fv2%2Fcategories&post=148114"},{"taxonomy":"post_tag","embeddable":true,"href":"https:\/\/noticiasbahia360.com.br\/index.php?rest_route=%2Fwp%2Fv2%2Ftags&post=148114"}],"curies":[{"name":"wp","href":"https:\/\/api.w.org\/{rel}","templated":true}]}}