{"id":148116,"date":"2026-08-31T11:01:41","date_gmt":"2026-08-31T14:01:41","guid":{"rendered":"https:\/\/noticiasbahia360.com.br\/?p=148116"},"modified":"2026-08-31T11:01:41","modified_gmt":"2026-08-31T14:01:41","slug":"o-que-explica-o-interesse-ou-afastamento-de-jovens-da-politica","status":"publish","type":"post","link":"https:\/\/noticiasbahia360.com.br\/?p=148116","title":{"rendered":"O que explica o interesse ou afastamento de jovens da pol\u00edtica?"},"content":{"rendered":"<div>\n<div>\n<figure><img decoding=\"async\" src=\"http:\/\/noticiasbahia360.com.br\/wp-content\/uploads\/2026\/08\/jovens-na-politica.jpg\" alt=\"Participa\u00e7\u00e3o de jovens na pol\u00edtica\"><figcaption>Foto: Magnific<\/figcaption><\/figure>\n<\/div>\n<p class=\"wp-block-paragraph\">A participa\u00e7\u00e3o dos jovens na pol\u00edtica brasileira \u00e9 influenciada por uma combina\u00e7\u00e3o de fatores demogr\u00e1ficos, sociais e relacionados \u00e0 representatividade. Embora as novas gera\u00e7\u00f5es estejam entre as mais presentes nas redes sociais e em espa\u00e7os de debate digital, isso n\u00e3o significa, necessariamente, uma maior ades\u00e3o ao processo eleitoral.<\/p>\n<p class=\"wp-block-paragraph\">Para a cientista pol\u00edtica Maria Gabriela Mazzarella, docente da Est\u00e1cio, uma das raz\u00f5es para a redu\u00e7\u00e3o da participa\u00e7\u00e3o eleitoral entre os mais jovens est\u00e1 relacionada \u00e0 pr\u00f3pria composi\u00e7\u00e3o demogr\u00e1fica da popula\u00e7\u00e3o. \u201cPrimeiramente, a quest\u00e3o demogr\u00e1fica, uma diminui\u00e7\u00e3o no n\u00famero de jovens mesmo na popula\u00e7\u00e3o\u201d, explica.<\/p>\n<p class=\"wp-block-paragraph\">Outro ponto destacado pela especialista \u00e9 a percep\u00e7\u00e3o de representatividade. Segundo ela, a idade m\u00e9dia dos candidatos nas \u00faltimas elei\u00e7\u00f5es ficou em torno de 49 anos, o que pode contribuir para o distanciamento de eleitores mais jovens. \u201cComo \u00e9 que os jovens, de certa forma, v\u00e3o conseguir se sentir representados por pessoas que talvez tenham vis\u00e3o de um mundo diferente, perspectivas diferentes?\u201d, questiona.<\/p>\n<p class=\"wp-block-paragraph\">A participa\u00e7\u00e3o facultativa de adolescentes de 16 e 17 anos tamb\u00e9m merece aten\u00e7\u00e3o. Apesar de estarem entre os grupos com maior presen\u00e7a nas redes sociais, esses eleitores nem sempre demonstram interesse em participar das elei\u00e7\u00f5es. Para Maria Gabriela, a aproxima\u00e7\u00e3o promovida por partidos pol\u00edticos e outras institui\u00e7\u00f5es pode influenciar esse comportamento, especialmente quando h\u00e1 a\u00e7\u00f5es voltadas \u00e0 conscientiza\u00e7\u00e3o e ao incentivo \u00e0 participa\u00e7\u00e3o.<\/p>\n<p class=\"wp-block-paragraph\">A especialista ressalta, no entanto, que uma redu\u00e7\u00e3o no n\u00famero de jovens aptos que comparecem \u00e0s urnas n\u00e3o significa necessariamente que essa parcela da popula\u00e7\u00e3o esteja completamente afastada da pol\u00edtica. Quando participam, os jovens podem representar uma parcela expressiva do eleitorado. \u201cO n\u00famero pode ter diminu\u00eddo agora, na quest\u00e3o deles aderirem ao voto. Mas, quando essa popula\u00e7\u00e3o vai \u00e0s urnas, \u00e9 um n\u00famero significativo\u201d, afirma.<\/p>\n<p class=\"wp-block-paragraph\">Nesse cen\u00e1rio, a rela\u00e7\u00e3o dos jovens com a pol\u00edtica tamb\u00e9m come\u00e7a antes do per\u00edodo eleitoral. A fam\u00edlia, a escola e a comunidade podem desempenhar um papel importante na forma\u00e7\u00e3o do interesse pela vida p\u00fablica. Segundo Maria Gabriela, esses ambientes contribuem para que o jovem compreenda seu papel como agente pol\u00edtico e participante da chamada esfera p\u00fablica, espa\u00e7o de debate e constru\u00e7\u00e3o de ideias sobre quest\u00f5es que afetam a sociedade.<\/p>\n<p class=\"wp-block-paragraph\">\u201cA fam\u00edlia tem essa contribui\u00e7\u00e3o em fazer engajar o jovem ou at\u00e9 mesmo afast\u00e1-lo da pol\u00edtica\u201d, explica. Para ela, a comunidade tamb\u00e9m exerce influ\u00eancia nesse processo, ao criar oportunidades para que os jovens participem de discuss\u00f5es e desenvolvam uma percep\u00e7\u00e3o de pertencimento em rela\u00e7\u00e3o \u00e0 vida p\u00fablica.<\/p>\n<p class=\"wp-block-paragraph\">A cientista pol\u00edtica avalia ainda que existe uma tend\u00eancia de esvaziamento da esfera p\u00fablica, o que pode dificultar a aproxima\u00e7\u00e3o das novas gera\u00e7\u00f5es com o debate pol\u00edtico. Nesse contexto, a polariza\u00e7\u00e3o tamb\u00e9m pode interferir na forma como os jovens percebem a pol\u00edtica, especialmente quando o ambiente de discuss\u00e3o deixa de ser visto como um espa\u00e7o de di\u00e1logo e passa a ser associado a conflitos.<\/p>\n<p class=\"wp-block-paragraph\">Mais do que simplesmente medir a presen\u00e7a dos jovens nas urnas, portanto, compreender sua rela\u00e7\u00e3o com a pol\u00edtica exige observar como essa parcela da popula\u00e7\u00e3o se informa, debate e se sente representada. Para Maria Gabriela, o desafio est\u00e1 em criar condi\u00e7\u00f5es para que os jovens reconhe\u00e7am a participa\u00e7\u00e3o pol\u00edtica como parte da vida em sociedade, independentemente de posi\u00e7\u00f5es partid\u00e1rias ou ideol\u00f3gicas.<\/p>\n<p class=\"wp-block-paragraph\">A aproxima\u00e7\u00e3o desse p\u00fablico passa, assim, por diferentes espa\u00e7os, das redes sociais \u00e0 fam\u00edlia, da escola \u00e0 comunidade e das institui\u00e7\u00f5es pol\u00edticas ao pr\u00f3prio processo eleitoral. \u201cA participa\u00e7\u00e3o dos jovens pode revelar muita coisa\u201d, conclui a especialista.<\/p>\n<p class=\"wp-block-paragraph\"><em>Siga o Acorda Cidade no\u00a0<\/em><a href=\"https:\/\/news.google.com\/search?q=acorda%20cidade&amp;hl=pt-BR&amp;gl=BR&amp;ceid=BR%3Apt-419\"><strong><em>Google Not\u00edcias<\/em><\/strong><\/a><em>\u00a0e receba os principais destaques do dia. Participe tamb\u00e9m dos nossos canais no\u00a0<\/em><a href=\"https:\/\/www.whatsapp.com\/channel\/0029Va6Rb4v3WHTNnsh8WI3N\"><strong><em>WhatsApp<\/em><\/strong><\/a><em>\u00a0e\u00a0<\/em><a href=\"https:\/\/www.youtube.com\/@acordacidadenoticias\/videos\"><strong>YouTube<\/strong><\/a><em>\u00a0e do grupo no\u00a0<\/em><a href=\"https:\/\/t.me\/+sSz0khrgARA0ZmRh\"><strong><em>Telegram<\/em><\/strong><\/a><em>.<\/em><\/p>\n<\/div>\n","protected":false},"excerpt":{"rendered":"<p>Foto: Magnific A participa\u00e7\u00e3o dos jovens na pol\u00edtica brasileira \u00e9 influenciada por uma combina\u00e7\u00e3o de<\/p>\n","protected":false},"author":1,"featured_media":148117,"comment_status":"closed","ping_status":"closed","sticky":false,"template":"","format":"gallery","meta":{"footnotes":""},"categories":[8,9,6,57,56,10],"tags":[],"class_list":["post-148116","post","type-post","status-publish","format-gallery","has-post-thumbnail","hentry","category-bahia","category-brasil","category-feira-de-santana","category-mundo","category-policia","category-politica","post_format-post-format-gallery"],"featured_image_urls":{"full":["https:\/\/noticiasbahia360.com.br\/wp-content\/uploads\/2026\/08\/jovens-na-politica.jpg",1200,750,false],"thumbnail":["https:\/\/noticiasbahia360.com.br\/wp-content\/uploads\/2026\/08\/jovens-na-politica-150x150.jpg",150,150,true],"medium":["https:\/\/noticiasbahia360.com.br\/wp-content\/uploads\/2026\/08\/jovens-na-politica-300x188.jpg",300,188,true],"medium_large":["https:\/\/noticiasbahia360.com.br\/wp-content\/uploads\/2026\/08\/jovens-na-politica-768x480.jpg",640,400,true],"large":["https:\/\/noticiasbahia360.com.br\/wp-content\/uploads\/2026\/08\/jovens-na-politica-1024x640.jpg",640,400,true],"1536x1536":["https:\/\/noticiasbahia360.com.br\/wp-content\/uploads\/2026\/08\/jovens-na-politica.jpg",1200,750,false],"2048x2048":["https:\/\/noticiasbahia360.com.br\/wp-content\/uploads\/2026\/08\/jovens-na-politica.jpg",1200,750,false],"chromenews-featured":["https:\/\/noticiasbahia360.com.br\/wp-content\/uploads\/2026\/08\/jovens-na-politica-1024x640.jpg",1024,640,true],"chromenews-large":["https:\/\/noticiasbahia360.com.br\/wp-content\/uploads\/2026\/08\/jovens-na-politica-825x575.jpg",825,575,true],"chromenews-medium":["https:\/\/noticiasbahia360.com.br\/wp-content\/uploads\/2026\/08\/jovens-na-politica-590x410.jpg",590,410,true]},"author_info":{"display_name":"noticiasbahia360.com.br","author_link":"https:\/\/noticiasbahia360.com.br\/?author=1"},"category_info":"<a href=\"https:\/\/noticiasbahia360.com.br\/?cat=8\" rel=\"category\">Bahia<\/a> <a href=\"https:\/\/noticiasbahia360.com.br\/?cat=9\" rel=\"category\">Brasil<\/a> <a href=\"https:\/\/noticiasbahia360.com.br\/?cat=6\" rel=\"category\">Feira de Santana<\/a> <a href=\"https:\/\/noticiasbahia360.com.br\/?cat=57\" rel=\"category\">Mundo<\/a> <a href=\"https:\/\/noticiasbahia360.com.br\/?cat=56\" rel=\"category\">Pol\u00edcia<\/a> <a href=\"https:\/\/noticiasbahia360.com.br\/?cat=10\" rel=\"category\">Pol\u00edtica<\/a>","tag_info":"Pol\u00edtica","comment_count":"0","_links":{"self":[{"href":"https:\/\/noticiasbahia360.com.br\/index.php?rest_route=\/wp\/v2\/posts\/148116","targetHints":{"allow":["GET"]}}],"collection":[{"href":"https:\/\/noticiasbahia360.com.br\/index.php?rest_route=\/wp\/v2\/posts"}],"about":[{"href":"https:\/\/noticiasbahia360.com.br\/index.php?rest_route=\/wp\/v2\/types\/post"}],"author":[{"embeddable":true,"href":"https:\/\/noticiasbahia360.com.br\/index.php?rest_route=\/wp\/v2\/users\/1"}],"replies":[{"embeddable":true,"href":"https:\/\/noticiasbahia360.com.br\/index.php?rest_route=%2Fwp%2Fv2%2Fcomments&post=148116"}],"version-history":[{"count":0,"href":"https:\/\/noticiasbahia360.com.br\/index.php?rest_route=\/wp\/v2\/posts\/148116\/revisions"}],"wp:featuredmedia":[{"embeddable":true,"href":"https:\/\/noticiasbahia360.com.br\/index.php?rest_route=\/wp\/v2\/media\/148117"}],"wp:attachment":[{"href":"https:\/\/noticiasbahia360.com.br\/index.php?rest_route=%2Fwp%2Fv2%2Fmedia&parent=148116"}],"wp:term":[{"taxonomy":"category","embeddable":true,"href":"https:\/\/noticiasbahia360.com.br\/index.php?rest_route=%2Fwp%2Fv2%2Fcategories&post=148116"},{"taxonomy":"post_tag","embeddable":true,"href":"https:\/\/noticiasbahia360.com.br\/index.php?rest_route=%2Fwp%2Fv2%2Ftags&post=148116"}],"curies":[{"name":"wp","href":"https:\/\/api.w.org\/{rel}","templated":true}]}}