{"id":148118,"date":"2026-08-31T11:01:42","date_gmt":"2026-08-31T14:01:42","guid":{"rendered":"https:\/\/noticiasbahia360.com.br\/?p=148118"},"modified":"2026-08-31T11:01:42","modified_gmt":"2026-08-31T14:01:42","slug":"setembro-amarelo-projeto-propoe-30-dias-de-reflexao-oracao-e-esperanca-em-feira-de-santana","status":"publish","type":"post","link":"https:\/\/noticiasbahia360.com.br\/?p=148118","title":{"rendered":"Setembro Amarelo: projeto prop\u00f5e 30 dias de reflex\u00e3o, ora\u00e7\u00e3o e esperan\u00e7a em Feira de Santana"},"content":{"rendered":"<div>\n<div>\n<figure><img decoding=\"async\" src=\"http:\/\/noticiasbahia360.com.br\/wp-content\/uploads\/2026\/08\/Aprisco-Church.jpg\" alt=\"Aprisco Church- igreja\"><figcaption>Foto: Divulga\u00e7\u00e3o<\/figcaption><\/figure>\n<\/div>\n<p class=\"wp-block-paragraph\">Durante todo o m\u00eas de setembro, o perfil <a href=\"https:\/\/www.instagram.com\/feiradesantana?utm_source=ig_web_button_share_sheet&amp;igsi=ZDNlZDc0MzIxNw==\" data-type=\"link\" data-id=\"https:\/\/www.instagram.com\/feiradesantana?utm_source=ig_web_button_share_sheet&amp;igsi=ZDNlZDc0MzIxNw==\">@feiradesantana<\/a>, no Instagram, e a Igreja Aprisco realizar\u00e3o uma a\u00e7\u00e3o conjunta voltada \u00e0 valoriza\u00e7\u00e3o da vida, ao cuidado espiritual e ao fortalecimento da esperan\u00e7a. Intitulado \u201c30 Dias Aprendendo a Estar com Deus\u201d, o projeto integra as a\u00e7\u00f5es relacionadas ao Setembro Amarelo e tamb\u00e9m marca os 20 anos da Igreja Aprisco, comunidade crist\u00e3 que nasceu em Feira de Santana e mant\u00e9m sua sede na cidade.<\/p>\n<p class=\"wp-block-paragraph\">A iniciativa apresentar\u00e1, diariamente, v\u00eddeos devocionais de aproximadamente tr\u00eas minutos, conduzidos por diferentes pessoas e gravados em ambientes que favorecem a contempla\u00e7\u00e3o em Feira de Santana. Os conte\u00fados abordar\u00e3o temas como presen\u00e7a de Deus, quietude, ora\u00e7\u00e3o, esperan\u00e7a, entrega, escuta, discernimento, perseveran\u00e7a e cuidado com o pr\u00f3ximo.<\/p>\n<figure class=\"wp-block-image size-full\"><img fetchpriority=\"high\" fetchpriority=\"high\" decoding=\"async\" width=\"1200\" height=\"675\" src=\"http:\/\/noticiasbahia360.com.br\/wp-content\/uploads\/2026\/08\/projeto-de-oracao.jpg\" alt=\"projeto de ora\u00e7\u00e3o\" class=\"wp-image-686433\" srcset=\"http:\/\/noticiasbahia360.com.br\/wp-content\/uploads\/2026\/08\/projeto-de-oracao.jpg 1200w, https:\/\/uploads.acordacidade.com.br\/2026\/08\/projeto-de-oracao-750x422.jpg 750w, https:\/\/uploads.acordacidade.com.br\/2026\/08\/projeto-de-oracao-1000x563.jpg 1000w, https:\/\/uploads.acordacidade.com.br\/2026\/08\/projeto-de-oracao-450x253.jpg 450w, https:\/\/uploads.acordacidade.com.br\/2026\/08\/projeto-de-oracao-150x84.jpg 150w\" sizes=\"(max-width: 1200px) 100vw, 1200px\"><figcaption class=\"wp-element-caption\">Foto: Divulga\u00e7\u00e3o<\/figcaption><\/figure>\n<p class=\"wp-block-paragraph\">Os v\u00eddeos ser\u00e3o publicados todos os dias de setembro, \u00e0s 6h30 da manh\u00e3, no Instagram <a href=\"https:\/\/www.instagram.com\/feiradesantana?utm_source=ig_web_button_share_sheet&amp;igsi=ZDNlZDc0MzIxNw==\" data-type=\"link\" data-id=\"https:\/\/www.instagram.com\/feiradesantana?utm_source=ig_web_button_share_sheet&amp;igsi=ZDNlZDc0MzIxNw==\">@feiradesantana <\/a>e no canal da Igreja Aprisco no YouTube. A proposta \u00e9 oferecer, logo no in\u00edcio do dia, uma pausa breve e acess\u00edvel para pessoas de diferentes hist\u00f3rias e n\u00edveis de aproxima\u00e7\u00e3o com a f\u00e9 crist\u00e3.<\/p>\n<p class=\"wp-block-paragraph\">\u201cVivemos em um tempo de muita pressa, solid\u00e3o e desgaste emocional. Queremos convidar as pessoas a desacelerar, perceber que n\u00e3o precisam enfrentar tudo sozinhas e abrir espa\u00e7o para a presen\u00e7a de Deus em sua rotina. A proposta n\u00e3o \u00e9 apenas falar sobre ora\u00e7\u00e3o, mas ajudar cada pessoa a aprender, de maneira simples e b\u00edblica, a estar com Deus\u201d, explica o pastor Alex Cosmo, fundador da Igreja Aprisco.<\/p>\n<p class=\"wp-block-paragraph\">Al\u00e9m dos v\u00eddeos, o projeto disponibilizar\u00e1 um e-book com 30 reflex\u00f5es, uma para cada dia do m\u00eas. O material poder\u00e1 ser baixado gratuitamente, com a possibilidade de uma contribui\u00e7\u00e3o volunt\u00e1ria para quem desejar apoiar a continuidade das a\u00e7\u00f5es. Cada cap\u00edtulo apresentar\u00e1 um texto b\u00edblico, uma reflex\u00e3o, uma pr\u00e1tica para o dia e uma ora\u00e7\u00e3o.<\/p>\n<p class=\"wp-block-paragraph\">A p\u00e1gina oficial do projeto tamb\u00e9m permitir\u00e1 que pessoas solicitem uma B\u00edblia gratuitamente, conforme disponibilidade, especialmente aquelas que ainda n\u00e3o possuem um exemplar, e acessem um canal de acolhimento chamado \u201cEstamos aqui para ouvir \u2013 Conversa e Ora\u00e7\u00e3o | Aprisco\u201d.<\/p>\n<p class=\"wp-block-paragraph\">Nesse espa\u00e7o, volunt\u00e1rios preparados estar\u00e3o dispon\u00edveis para ouvir, conversar, orar e, quando necess\u00e1rio, orientar a busca por acompanhamento pastoral ou profissional. O canal oferece apoio espiritual e n\u00e3o substitui atendimento psicol\u00f3gico, psiqui\u00e1trico ou m\u00e9dico. Situa\u00e7\u00f5es de risco ou emerg\u00eancia dever\u00e3o ser direcionadas aos servi\u00e7os especializados.<\/p>\n<p class=\"wp-block-paragraph\">A parceria une o alcance de um dos principais perfis de comunica\u00e7\u00e3o sobre Feira de Santana \u00e0 experi\u00eancia pastoral e comunit\u00e1ria da Igreja Aprisco. Ao completar 20 anos de atua\u00e7\u00e3o, a igreja reafirma sua liga\u00e7\u00e3o com a cidade onde nasceu e seu compromisso de servir \u00e0s pessoas para al\u00e9m de seus encontros e atividades internas.<\/p>\n<p class=\"wp-block-paragraph\">Durante o m\u00eas, o p\u00fablico poder\u00e1 acompanhar os v\u00eddeos, compartilhar as reflex\u00f5es, baixar o e-book, solicitar uma B\u00edblia ou procurar o canal de escuta e ora\u00e7\u00e3o.<\/p>\n<h2 id=\"h-servico\" class=\"wp-block-heading\">Servi\u00e7o<\/h2>\n<p class=\"wp-block-paragraph\"><strong>Projeto:<\/strong> 30 Dias Aprendendo a Estar com Deus<br \/><strong>Per\u00edodo: <\/strong>1\u00ba a 30 de setembro de 2026<br \/><strong>Hor\u00e1rio das publica\u00e7\u00f5es: <\/strong>diariamente, \u00e0s 6h30<br \/><strong>Instagram:<\/strong> @feiradesantana<br \/><strong>YouTube: <\/strong><a href=\"https:\/\/youtube.com\/playlist?list=PLIVMieolA8Oc&amp;si=K2RsZ_7-9OCk_pI8\" data-type=\"link\" data-id=\"https:\/\/youtube.com\/playlist?list=PLIVMieolA8Oc&amp;si=K2RsZ_7-9OCk_pI8\">canal da Igreja Aprisco<\/a><br \/><strong>Conte\u00fados e servi\u00e7os: <\/strong>v\u00eddeos devocionais, e-book com 30 reflex\u00f5es, distribui\u00e7\u00e3o de B\u00edblias e canal de escuta e ora\u00e7\u00e3o<br \/><strong>Acesso: <\/strong><a href=\"https:\/\/apriscoon.wordpress.com\/30-dias\/\">https:\/\/apriscoon.wordpress.com\/30-dias\/<\/a><\/p>\n<p class=\"wp-block-paragraph\"><em>Siga o Acorda Cidade no\u00a0<\/em><a href=\"https:\/\/news.google.com\/search?q=acorda%20cidade&amp;hl=pt-BR&amp;gl=BR&amp;ceid=BR%3Apt-419\"><strong><em>Google Not\u00edcias<\/em><\/strong><\/a><em>\u00a0e receba os principais destaques do dia. Participe tamb\u00e9m dos nossos canais no\u00a0<\/em><a href=\"https:\/\/www.whatsapp.com\/channel\/0029Va6Rb4v3WHTNnsh8WI3N\"><strong><em>WhatsApp<\/em><\/strong><\/a><em>\u00a0e\u00a0<\/em><a href=\"https:\/\/www.youtube.com\/@acordacidadenoticias\/videos\"><strong>YouTube<\/strong><\/a><em>\u00a0e do grupo no\u00a0<\/em><a href=\"https:\/\/t.me\/+sSz0khrgARA0ZmRh\"><strong><em>Telegram<\/em><\/strong><\/a><em>.<\/em><\/p>\n<\/div>\n","protected":false},"excerpt":{"rendered":"<p>Foto: Divulga\u00e7\u00e3o Durante todo o m\u00eas de setembro, o perfil @feiradesantana, no Instagram, e a<\/p>\n","protected":false},"author":1,"featured_media":148119,"comment_status":"closed","ping_status":"closed","sticky":false,"template":"","format":"gallery","meta":{"footnotes":""},"categories":[8,9,6,57,56,10],"tags":[],"class_list":["post-148118","post","type-post","status-publish","format-gallery","has-post-thumbnail","hentry","category-bahia","category-brasil","category-feira-de-santana","category-mundo","category-policia","category-politica","post_format-post-format-gallery"],"featured_image_urls":{"full":["https:\/\/noticiasbahia360.com.br\/wp-content\/uploads\/2026\/08\/Aprisco-Church.jpg",1200,693,false],"thumbnail":["https:\/\/noticiasbahia360.com.br\/wp-content\/uploads\/2026\/08\/Aprisco-Church-150x150.jpg",150,150,true],"medium":["https:\/\/noticiasbahia360.com.br\/wp-content\/uploads\/2026\/08\/Aprisco-Church-300x173.jpg",300,173,true],"medium_large":["https:\/\/noticiasbahia360.com.br\/wp-content\/uploads\/2026\/08\/Aprisco-Church-768x444.jpg",640,370,true],"large":["https:\/\/noticiasbahia360.com.br\/wp-content\/uploads\/2026\/08\/Aprisco-Church-1024x591.jpg",640,369,true],"1536x1536":["https:\/\/noticiasbahia360.com.br\/wp-content\/uploads\/2026\/08\/Aprisco-Church.jpg",1200,693,false],"2048x2048":["https:\/\/noticiasbahia360.com.br\/wp-content\/uploads\/2026\/08\/Aprisco-Church.jpg",1200,693,false],"chromenews-featured":["https:\/\/noticiasbahia360.com.br\/wp-content\/uploads\/2026\/08\/Aprisco-Church-1024x591.jpg",1024,591,true],"chromenews-large":["https:\/\/noticiasbahia360.com.br\/wp-content\/uploads\/2026\/08\/Aprisco-Church-825x575.jpg",825,575,true],"chromenews-medium":["https:\/\/noticiasbahia360.com.br\/wp-content\/uploads\/2026\/08\/Aprisco-Church-590x410.jpg",590,410,true]},"author_info":{"display_name":"noticiasbahia360.com.br","author_link":"https:\/\/noticiasbahia360.com.br\/?author=1"},"category_info":"<a href=\"https:\/\/noticiasbahia360.com.br\/?cat=8\" rel=\"category\">Bahia<\/a> <a href=\"https:\/\/noticiasbahia360.com.br\/?cat=9\" rel=\"category\">Brasil<\/a> <a href=\"https:\/\/noticiasbahia360.com.br\/?cat=6\" rel=\"category\">Feira de Santana<\/a> <a href=\"https:\/\/noticiasbahia360.com.br\/?cat=57\" rel=\"category\">Mundo<\/a> <a href=\"https:\/\/noticiasbahia360.com.br\/?cat=56\" rel=\"category\">Pol\u00edcia<\/a> <a href=\"https:\/\/noticiasbahia360.com.br\/?cat=10\" rel=\"category\">Pol\u00edtica<\/a>","tag_info":"Pol\u00edtica","comment_count":"0","_links":{"self":[{"href":"https:\/\/noticiasbahia360.com.br\/index.php?rest_route=\/wp\/v2\/posts\/148118","targetHints":{"allow":["GET"]}}],"collection":[{"href":"https:\/\/noticiasbahia360.com.br\/index.php?rest_route=\/wp\/v2\/posts"}],"about":[{"href":"https:\/\/noticiasbahia360.com.br\/index.php?rest_route=\/wp\/v2\/types\/post"}],"author":[{"embeddable":true,"href":"https:\/\/noticiasbahia360.com.br\/index.php?rest_route=\/wp\/v2\/users\/1"}],"replies":[{"embeddable":true,"href":"https:\/\/noticiasbahia360.com.br\/index.php?rest_route=%2Fwp%2Fv2%2Fcomments&post=148118"}],"version-history":[{"count":0,"href":"https:\/\/noticiasbahia360.com.br\/index.php?rest_route=\/wp\/v2\/posts\/148118\/revisions"}],"wp:featuredmedia":[{"embeddable":true,"href":"https:\/\/noticiasbahia360.com.br\/index.php?rest_route=\/wp\/v2\/media\/148119"}],"wp:attachment":[{"href":"https:\/\/noticiasbahia360.com.br\/index.php?rest_route=%2Fwp%2Fv2%2Fmedia&parent=148118"}],"wp:term":[{"taxonomy":"category","embeddable":true,"href":"https:\/\/noticiasbahia360.com.br\/index.php?rest_route=%2Fwp%2Fv2%2Fcategories&post=148118"},{"taxonomy":"post_tag","embeddable":true,"href":"https:\/\/noticiasbahia360.com.br\/index.php?rest_route=%2Fwp%2Fv2%2Ftags&post=148118"}],"curies":[{"name":"wp","href":"https:\/\/api.w.org\/{rel}","templated":true}]}}