{"id":148121,"date":"2026-08-31T12:01:26","date_gmt":"2026-08-31T15:01:26","guid":{"rendered":"https:\/\/noticiasbahia360.com.br\/?p=148121"},"modified":"2026-08-31T12:01:26","modified_gmt":"2026-08-31T15:01:26","slug":"cpr-l-registra-37-ocorrencias-durante-a-operacao-paredao-em-feira-de-santana","status":"publish","type":"post","link":"https:\/\/noticiasbahia360.com.br\/?p=148121","title":{"rendered":"CPR-L registra 37 ocorr\u00eancias durante a opera\u00e7\u00e3o Pared\u00e3o em Feira de Santana"},"content":{"rendered":"<div>\n<div>\n<figure><img decoding=\"async\" src=\"http:\/\/noticiasbahia360.com.br\/wp-content\/uploads\/2026\/08\/Operacao-Paredao-em-Feira_-foto-PM.jpg\" alt=\"Opera\u00e7\u00e3o Pared\u00e3o em Feira de Santana_ foto PM\"><figcaption>Foto: Divulga\u00e7\u00e3o\/Pol\u00edcia Militar<\/figcaption><\/figure>\n<\/div>\n<p class=\"wp-block-paragraph\">A Pol\u00edcia Militar registrou 37 ocorr\u00eancias durante a Opera\u00e7\u00e3o Pared\u00e3o, deflagrada neste final de semana, dias 29 e 30, em <a href=\"https:\/\/www.acordacidade.com.br\/tag\/feira-de-santana\/\" data-type=\"post_tag\" data-id=\"33807\">Feira de Santana<\/a>. A a\u00e7\u00e3o ocorreu por meio do Comando de Policiamento da Regi\u00e3o Leste (CPR-L) no munic\u00edpio, em combate \u00e0 polui\u00e7\u00e3o sonora.<\/p>\n<p class=\"wp-block-paragraph\">De acordo com o CPR-L, al\u00e9m de coibir a polui\u00e7\u00e3o sonora, a a\u00e7\u00e3o visa preservar o sossego p\u00fablico e refor\u00e7ar a seguran\u00e7a na regi\u00e3o. Diane disso, as equipes fiscalizaram os bairros Pedra Ferrada, Bara\u00fanas, Asa Branca, Queimadinha, 35\u00b0BI e Lagoa Grande. <\/p>\n<figure class=\"wp-block-image size-full\"><img fetchpriority=\"high\" decoding=\"async\" width=\"1200\" height=\"766\" src=\"http:\/\/noticiasbahia360.com.br\/wp-content\/uploads\/2026\/08\/Operacao-Paredao-1.jpg\" alt=\"Opera\u00e7\u00e3o Pared\u00e3o em Feira de Santana\" class=\"wp-image-686438\" srcset=\"http:\/\/noticiasbahia360.com.br\/wp-content\/uploads\/2026\/08\/Operacao-Paredao-1.jpg 1200w, https:\/\/uploads.acordacidade.com.br\/2026\/08\/Operacao-Paredao-1-750x479.jpg 750w, https:\/\/uploads.acordacidade.com.br\/2026\/08\/Operacao-Paredao-1-1000x638.jpg 1000w, https:\/\/uploads.acordacidade.com.br\/2026\/08\/Operacao-Paredao-1-450x287.jpg 450w, https:\/\/uploads.acordacidade.com.br\/2026\/08\/Operacao-Paredao-1-150x96.jpg 150w\" sizes=\"(max-width: 1200px) 100vw, 1200px\"><figcaption class=\"wp-element-caption\">Foto: Divulga\u00e7\u00e3o\/Pol\u00edcia Militar<\/figcaption><\/figure>\n<p class=\"wp-block-paragraph\">Durante as abordagens a ve\u00edculos, foram emitidas onze notifica\u00e7\u00f5es de equipamentos sonoros. Ainda segundo a Pol\u00edcia Militar, a fiscaliza\u00e7\u00e3o contribui para a manuten\u00e7\u00e3o da ordem p\u00fablica.<\/p>\n<p class=\"wp-block-paragraph\"><em>Siga o Acorda Cidade no\u00a0<\/em><a href=\"https:\/\/news.google.com\/search?q=acorda%20cidade&amp;hl=pt-BR&amp;gl=BR&amp;ceid=BR%3Apt-419\"><strong><em>Google Not\u00edcias<\/em><\/strong><\/a><em>\u00a0e receba os principais destaques do dia. Participe tamb\u00e9m dos nossos canais no\u00a0<\/em><a href=\"https:\/\/www.whatsapp.com\/channel\/0029Va6Rb4v3WHTNnsh8WI3N\"><strong><em>WhatsApp<\/em><\/strong><\/a><em>\u00a0e\u00a0<\/em><a href=\"https:\/\/www.youtube.com\/@acordacidadenoticias\/videos\"><strong>YouTube<\/strong><\/a><em>\u00a0e do grupo no\u00a0<\/em><a href=\"https:\/\/t.me\/+sSz0khrgARA0ZmRh\"><strong><em>Telegram<\/em><\/strong><\/a><em>.<\/em><\/p>\n<\/div>\n","protected":false},"excerpt":{"rendered":"<p>Foto: Divulga\u00e7\u00e3o\/Pol\u00edcia Militar A Pol\u00edcia Militar registrou 37 ocorr\u00eancias durante a Opera\u00e7\u00e3o Pared\u00e3o, deflagrada neste<\/p>\n","protected":false},"author":1,"featured_media":148122,"comment_status":"closed","ping_status":"closed","sticky":false,"template":"","format":"gallery","meta":{"footnotes":""},"categories":[8,9,6,57,56,10],"tags":[],"class_list":["post-148121","post","type-post","status-publish","format-gallery","has-post-thumbnail","hentry","category-bahia","category-brasil","category-feira-de-santana","category-mundo","category-policia","category-politica","post_format-post-format-gallery"],"featured_image_urls":{"full":["https:\/\/noticiasbahia360.com.br\/wp-content\/uploads\/2026\/08\/Operacao-Paredao-em-Feira_-foto-PM.jpg",1200,891,false],"thumbnail":["https:\/\/noticiasbahia360.com.br\/wp-content\/uploads\/2026\/08\/Operacao-Paredao-em-Feira_-foto-PM-150x150.jpg",150,150,true],"medium":["https:\/\/noticiasbahia360.com.br\/wp-content\/uploads\/2026\/08\/Operacao-Paredao-em-Feira_-foto-PM-300x223.jpg",300,223,true],"medium_large":["https:\/\/noticiasbahia360.com.br\/wp-content\/uploads\/2026\/08\/Operacao-Paredao-em-Feira_-foto-PM-768x570.jpg",640,475,true],"large":["https:\/\/noticiasbahia360.com.br\/wp-content\/uploads\/2026\/08\/Operacao-Paredao-em-Feira_-foto-PM-1024x760.jpg",640,475,true],"1536x1536":["https:\/\/noticiasbahia360.com.br\/wp-content\/uploads\/2026\/08\/Operacao-Paredao-em-Feira_-foto-PM.jpg",1200,891,false],"2048x2048":["https:\/\/noticiasbahia360.com.br\/wp-content\/uploads\/2026\/08\/Operacao-Paredao-em-Feira_-foto-PM.jpg",1200,891,false],"chromenews-featured":["https:\/\/noticiasbahia360.com.br\/wp-content\/uploads\/2026\/08\/Operacao-Paredao-em-Feira_-foto-PM-1024x760.jpg",1024,760,true],"chromenews-large":["https:\/\/noticiasbahia360.com.br\/wp-content\/uploads\/2026\/08\/Operacao-Paredao-em-Feira_-foto-PM-825x575.jpg",825,575,true],"chromenews-medium":["https:\/\/noticiasbahia360.com.br\/wp-content\/uploads\/2026\/08\/Operacao-Paredao-em-Feira_-foto-PM-590x410.jpg",590,410,true]},"author_info":{"display_name":"noticiasbahia360.com.br","author_link":"https:\/\/noticiasbahia360.com.br\/?author=1"},"category_info":"<a href=\"https:\/\/noticiasbahia360.com.br\/?cat=8\" rel=\"category\">Bahia<\/a> <a href=\"https:\/\/noticiasbahia360.com.br\/?cat=9\" rel=\"category\">Brasil<\/a> <a href=\"https:\/\/noticiasbahia360.com.br\/?cat=6\" rel=\"category\">Feira de Santana<\/a> <a href=\"https:\/\/noticiasbahia360.com.br\/?cat=57\" rel=\"category\">Mundo<\/a> <a href=\"https:\/\/noticiasbahia360.com.br\/?cat=56\" rel=\"category\">Pol\u00edcia<\/a> <a href=\"https:\/\/noticiasbahia360.com.br\/?cat=10\" rel=\"category\">Pol\u00edtica<\/a>","tag_info":"Pol\u00edtica","comment_count":"0","_links":{"self":[{"href":"https:\/\/noticiasbahia360.com.br\/index.php?rest_route=\/wp\/v2\/posts\/148121","targetHints":{"allow":["GET"]}}],"collection":[{"href":"https:\/\/noticiasbahia360.com.br\/index.php?rest_route=\/wp\/v2\/posts"}],"about":[{"href":"https:\/\/noticiasbahia360.com.br\/index.php?rest_route=\/wp\/v2\/types\/post"}],"author":[{"embeddable":true,"href":"https:\/\/noticiasbahia360.com.br\/index.php?rest_route=\/wp\/v2\/users\/1"}],"replies":[{"embeddable":true,"href":"https:\/\/noticiasbahia360.com.br\/index.php?rest_route=%2Fwp%2Fv2%2Fcomments&post=148121"}],"version-history":[{"count":0,"href":"https:\/\/noticiasbahia360.com.br\/index.php?rest_route=\/wp\/v2\/posts\/148121\/revisions"}],"wp:featuredmedia":[{"embeddable":true,"href":"https:\/\/noticiasbahia360.com.br\/index.php?rest_route=\/wp\/v2\/media\/148122"}],"wp:attachment":[{"href":"https:\/\/noticiasbahia360.com.br\/index.php?rest_route=%2Fwp%2Fv2%2Fmedia&parent=148121"}],"wp:term":[{"taxonomy":"category","embeddable":true,"href":"https:\/\/noticiasbahia360.com.br\/index.php?rest_route=%2Fwp%2Fv2%2Fcategories&post=148121"},{"taxonomy":"post_tag","embeddable":true,"href":"https:\/\/noticiasbahia360.com.br\/index.php?rest_route=%2Fwp%2Fv2%2Ftags&post=148121"}],"curies":[{"name":"wp","href":"https:\/\/api.w.org\/{rel}","templated":true}]}}