{"id":148124,"date":"2026-08-31T12:01:28","date_gmt":"2026-08-31T15:01:28","guid":{"rendered":"https:\/\/noticiasbahia360.com.br\/?p=148124"},"modified":"2026-08-31T12:01:28","modified_gmt":"2026-08-31T15:01:28","slug":"prefeito-realiza-visita-tecnica-a-obras-no-parque-de-exposicao-para-a-expofeira-2026","status":"publish","type":"post","link":"https:\/\/noticiasbahia360.com.br\/?p=148124","title":{"rendered":"Prefeito realiza visita t\u00e9cnica a obras no Parque de Exposi\u00e7\u00e3o para a Expofeira 2026"},"content":{"rendered":"<div>\n<div>\n<figure><img decoding=\"async\" src=\"http:\/\/noticiasbahia360.com.br\/wp-content\/uploads\/2026\/08\/Jose-Ronaldo-realiza-visita-tecnica-a-obras-no-Parque-de-Exposicao-para-a-Expofeira-2026-foto-Ed-Santos-1.jpeg\" alt=\"Jos\u00e9 Ronaldo realiza visita t\u00e9cnica a obras no Parque de Exposi\u00e7\u00e3o para a Expofeira 2026\"><figcaption>Foto: Ed Santos \/ Acorda cidade <\/figcaption><\/figure>\n<\/div>\n<p class=\"wp-block-paragraph\">O \u00faltimo dia do m\u00eas de agosto foi marcado por uma visita t\u00e9cnica do prefeito de Feira de Santana, <a href=\"https:\/\/www.acordacidade.com.br\/tag\/jose-ronaldo\/\" data-type=\"post_tag\" data-id=\"34959\">Jos\u00e9 Ronaldo de Carvalho<\/a> (Uni\u00e3o Brasil), ao Parque de Exposi\u00e7\u00e3o Jo\u00e3o Martins da Silva. O ato, realizado em comitiva na manh\u00e3 desta segunda-feira (31), serviu para acompanhar as obras de reforma e melhorias no local para receber a <a href=\"https:\/\/www.acordacidade.com.br\/tag\/expofeira\/\" data-type=\"post_tag\" data-id=\"33999\">Expofeira 2026<\/a>.<\/p>\n<p class=\"wp-block-paragraph\">Conforme o portal Acorda Cidade j\u00e1 antecipou, <a href=\"https:\/\/www.acordacidade.com.br\/variedades\/47a-expofeira-deve-superar-edicao-anterior-diz-secretario\/\" target=\"_blank\" rel=\"noreferrer noopener\">o evento ser\u00e1 realizado de 6 a 13 de setembro<\/a>. Durante a visita, o prefeito destacou o avan\u00e7o dos trabalhos e afirmou que o parque est\u00e1 pr\u00f3ximo de ficar pronto para receber o p\u00fablico.<\/p>\n<figure class=\"wp-block-image size-full\"><img fetchpriority=\"high\" fetchpriority=\"high\" decoding=\"async\" width=\"1200\" height=\"675\" src=\"http:\/\/noticiasbahia360.com.br\/wp-content\/uploads\/2026\/08\/Prefeito-Jose-Ronaldo-1-1.jpg\" alt=\"Prefeito Jos\u00e9 Ronaldo\" class=\"wp-image-682790\" srcset=\"http:\/\/noticiasbahia360.com.br\/wp-content\/uploads\/2026\/08\/Prefeito-Jose-Ronaldo-1-1.jpg 1200w, https:\/\/uploads.acordacidade.com.br\/2026\/08\/Prefeito-Jose-Ronaldo-1-750x422.jpg 750w, https:\/\/uploads.acordacidade.com.br\/2026\/08\/Prefeito-Jose-Ronaldo-1-1000x563.jpg 1000w, https:\/\/uploads.acordacidade.com.br\/2026\/08\/Prefeito-Jose-Ronaldo-1-450x253.jpg 450w, https:\/\/uploads.acordacidade.com.br\/2026\/08\/Prefeito-Jose-Ronaldo-1-150x84.jpg 150w\" sizes=\"(max-width: 1200px) 100vw, 1200px\"><figcaption class=\"wp-element-caption\">Foto: Ed Santos\/Acorda Cidade<\/figcaption><\/figure>\n<p class=\"wp-block-paragraph\">\u201cHoje aqui diria que est\u00e1 90% arrumado. Como eu n\u00e3o vinha aqui h\u00e1 mais de 15 dias, estou come\u00e7ando a semana visitando, porque a gente fica acompanhando, fica nervoso para ver se j\u00e1 est\u00e1 tudo pronto ou n\u00e3o. <strong>Estou saindo daqui bem aliviado, que realmente estamos convictos e certos que domingo estaremos com tudo pronto e devidamente funcionando<\/strong>\u201d, disse Jos\u00e9 Ronaldo.<\/p>\n<h2 id=\"h-olha-a-chuva\" class=\"wp-block-heading\">Olha a chuva<\/h2>\n<p class=\"wp-block-paragraph\">Entre as interven\u00e7\u00f5es realizadas e divulgadas como novidade para este ano est\u00e1 a pavimenta\u00e7\u00e3o de \u00e1reas internas. De acordo com o secret\u00e1rio de Infraestrutura do munic\u00edpio, Jo\u00e3o Vianey, o objetivo \u00e9 oferecer melhores condi\u00e7\u00f5es de circula\u00e7\u00e3o para os visitantes, principalmente em caso de chuva.<\/p>\n<figure class=\"wp-block-image size-large\"><img decoding=\"async\" width=\"1024\" height=\"697\" src=\"http:\/\/noticiasbahia360.com.br\/wp-content\/uploads\/2026\/08\/lMZ877Nm-Joao-Vianey-ft-Ed-Santos-acorda-cidade-1024x697-1.webp\" alt=\"Jo\u00e3o Vianey\" class=\"wp-image-516981\" srcset=\"http:\/\/noticiasbahia360.com.br\/wp-content\/uploads\/2026\/08\/lMZ877Nm-Joao-Vianey-ft-Ed-Santos-acorda-cidade-1024x697-1.webp 1024w, https:\/\/www.acordacidade.com.br\/wp-content\/uploads\/2025\/03\/lMZ877Nm-Joao-Vianey-ft-Ed-Santos-acorda-cidade-300x204.webp 300w, https:\/\/www.acordacidade.com.br\/wp-content\/uploads\/2025\/03\/lMZ877Nm-Joao-Vianey-ft-Ed-Santos-acorda-cidade-768x523.webp 768w, https:\/\/www.acordacidade.com.br\/wp-content\/uploads\/2025\/03\/lMZ877Nm-Joao-Vianey-ft-Ed-Santos-acorda-cidade-150x102.webp 150w, https:\/\/www.acordacidade.com.br\/wp-content\/uploads\/2025\/03\/lMZ877Nm-Joao-Vianey-ft-Ed-Santos-acorda-cidade.webp 1200w\" sizes=\"(max-width: 1024px) 100vw, 1024px\"><figcaption class=\"wp-element-caption\">Jo\u00e3o Vianey | Foto: Ed Santos\/Acorda Cidade<\/figcaption><\/figure>\n<p class=\"wp-block-paragraph\">\u201c\u00c9 uma interven\u00e7\u00e3o importante e, no momento da festa, tem todo esse entorno dos pavilh\u00f5es, das \u00e1reas do<a href=\"https:\/\/www.acordacidade.com.br\/variedades\/prefeito-realiza-visita-tecnica-a-obras-no-parque-de-exposicao-para-a-expofeira-2026\/#redondel-01\"> redondel,<\/a> um fluxo de pedestres muito grande. N\u00f3s sabemos que historicamente na festa n\u00f3s temos incid\u00eancia de chuva. Ent\u00e3o essa estrutura\u00e7\u00e3o, seja com a parte do revestimento asf\u00e1ltico, seja nos espa\u00e7os com material fresado, \u00e9 para que, especialmente nesses momentos de chuva, tenhamos uma condi\u00e7\u00e3o de estabilidade e conforto maior a toda a popula\u00e7\u00e3o\u201d, explicou Vianey.<\/p>\n<figure class=\"wp-block-image size-full\"><img decoding=\"async\" width=\"1200\" height=\"675\" src=\"http:\/\/noticiasbahia360.com.br\/wp-content\/uploads\/2026\/08\/Jose-Ronaldo-realiza-visita-tecnica-a-obras-no-Parque-de-Exposicao-para-a-Expofeira-2026-foto-Ed-Santos-2.jpeg\" alt=\"Jos\u00e9 Ronaldo realiza visita t\u00e9cnica a obras no Parque de Exposi\u00e7\u00e3o para a Expofeira 2026\" class=\"wp-image-686416\" srcset=\"http:\/\/noticiasbahia360.com.br\/wp-content\/uploads\/2026\/08\/Jose-Ronaldo-realiza-visita-tecnica-a-obras-no-Parque-de-Exposicao-para-a-Expofeira-2026-foto-Ed-Santos-2.jpeg 1200w, https:\/\/uploads.acordacidade.com.br\/2026\/08\/Jose-Ronaldo-realiza-visita-tecnica-a-obras-no-Parque-de-Exposicao-para-a-Expofeira-2026-foto-Ed-Santos-2-750x422.jpeg 750w, https:\/\/uploads.acordacidade.com.br\/2026\/08\/Jose-Ronaldo-realiza-visita-tecnica-a-obras-no-Parque-de-Exposicao-para-a-Expofeira-2026-foto-Ed-Santos-2-1000x563.jpeg 1000w, https:\/\/uploads.acordacidade.com.br\/2026\/08\/Jose-Ronaldo-realiza-visita-tecnica-a-obras-no-Parque-de-Exposicao-para-a-Expofeira-2026-foto-Ed-Santos-2-450x253.jpeg 450w, https:\/\/uploads.acordacidade.com.br\/2026\/08\/Jose-Ronaldo-realiza-visita-tecnica-a-obras-no-Parque-de-Exposicao-para-a-Expofeira-2026-foto-Ed-Santos-2-150x84.jpeg 150w\" sizes=\"(max-width: 1200px) 100vw, 1200px\"><figcaption class=\"wp-element-caption\">Foto: Ed Santos \/ Acorda cidade <\/figcaption><\/figure>\n<p class=\"wp-block-paragraph\">As interven\u00e7\u00f5es incluem ainda \u00e1reas pr\u00f3ximas ao setor de caprinos e ovinos, o acesso ao p\u00e1tio de leil\u00f5es e o trecho entre o fundo do Senar e o novo estacionamento. Para o Acorda Cidade, Vianey voltou a refor\u00e7ar que a medida busca evitar a forma\u00e7\u00e3o de lama e melhorar o deslocamento dentro do parque.<\/p>\n<h2 id=\"h-app-e-estacionamento\" class=\"wp-block-heading\">APP e estacionamento <\/h2>\n<p class=\"wp-block-paragraph\">Outra mudan\u00e7a para a <strong>Expofeira<\/strong> ser\u00e1 destinada aos t\u00e1xis e ve\u00edculos por aplicativo. O secret\u00e1rio de Agricultura, Silvaney Ara\u00fajo, informou \u00e0 reportagem do Acorda Cidade que ser\u00e1 mantida uma \u00e1rea exclusiva para esses ve\u00edculos, mas em um novo local.<\/p>\n<figure class=\"wp-block-image size-full\"><img decoding=\"async\" width=\"1200\" height=\"675\" src=\"http:\/\/noticiasbahia360.com.br\/wp-content\/uploads\/2026\/08\/Secretario-da-Seagri-Silvaney-Araujo_-Ed-Santos-1.jpg\" alt=\"Secret\u00e1rio da Seagri Silvaney Ara\u00fajo_ Ed Santos\" class=\"wp-image-682907\" srcset=\"http:\/\/noticiasbahia360.com.br\/wp-content\/uploads\/2026\/08\/Secretario-da-Seagri-Silvaney-Araujo_-Ed-Santos-1.jpg 1200w, https:\/\/uploads.acordacidade.com.br\/2026\/08\/Secretario-da-Seagri-Silvaney-Araujo_-Ed-Santos-750x422.jpg 750w, https:\/\/uploads.acordacidade.com.br\/2026\/08\/Secretario-da-Seagri-Silvaney-Araujo_-Ed-Santos-1000x563.jpg 1000w, https:\/\/uploads.acordacidade.com.br\/2026\/08\/Secretario-da-Seagri-Silvaney-Araujo_-Ed-Santos-450x253.jpg 450w, https:\/\/uploads.acordacidade.com.br\/2026\/08\/Secretario-da-Seagri-Silvaney-Araujo_-Ed-Santos-150x84.jpg 150w\" sizes=\"(max-width: 1200px) 100vw, 1200px\"><figcaption class=\"wp-element-caption\">Foto: Ed Santos\/Acorda Cidade<\/figcaption><\/figure>\n<p class=\"wp-block-paragraph\">\u201cVamos deixar uma \u00e1rea reservada para motorista por aplicativos e t\u00e1xis, como tamb\u00e9m para quem vem de bicicleta e moto. Ser\u00e1 uma \u00e1rea exclusiva para esse grupo, igual como foi no ano passado. Mas a diferen\u00e7a \u00e9 que o ano passado foi no antigo estacionamento e esse ano vai ser exclusivamente no estacionamento novo, junto com a antiga Cer\u00e2mica\u201d, disse Ara\u00fajo.<\/p>\n<p class=\"wp-block-paragraph\">A Expofeira 2026 tamb\u00e9m ter\u00e1 amplia\u00e7\u00e3o no n\u00famero de expositores. O prefeito Jos\u00e9 Ronaldo informou durante a visita que o espa\u00e7o que anteriormente abrigava o <strong>redondel <\/strong>foi transformado em \u00e1rea para exposi\u00e7\u00e3o de empresas.<\/p>\n<figure class=\"wp-block-image size-full\"><img loading=\"lazy\" decoding=\"async\" width=\"1200\" height=\"675\" src=\"http:\/\/noticiasbahia360.com.br\/wp-content\/uploads\/2026\/08\/Jose-Ronaldo-realiza-visita-tecnica-a-obras-no-Parque-de-Exposicao-para-a-Expofeira-2026-foto-Ed-Santos-7.jpeg\" alt=\"Jos\u00e9 Ronaldo realiza visita t\u00e9cnica a obras no Parque de Exposi\u00e7\u00e3o para a Expofeira 2026\" class=\"wp-image-686420\" srcset=\"http:\/\/noticiasbahia360.com.br\/wp-content\/uploads\/2026\/08\/Jose-Ronaldo-realiza-visita-tecnica-a-obras-no-Parque-de-Exposicao-para-a-Expofeira-2026-foto-Ed-Santos-7.jpeg 1200w, https:\/\/uploads.acordacidade.com.br\/2026\/08\/Jose-Ronaldo-realiza-visita-tecnica-a-obras-no-Parque-de-Exposicao-para-a-Expofeira-2026-foto-Ed-Santos-7-750x422.jpeg 750w, https:\/\/uploads.acordacidade.com.br\/2026\/08\/Jose-Ronaldo-realiza-visita-tecnica-a-obras-no-Parque-de-Exposicao-para-a-Expofeira-2026-foto-Ed-Santos-7-1000x563.jpeg 1000w, https:\/\/uploads.acordacidade.com.br\/2026\/08\/Jose-Ronaldo-realiza-visita-tecnica-a-obras-no-Parque-de-Exposicao-para-a-Expofeira-2026-foto-Ed-Santos-7-450x253.jpeg 450w, https:\/\/uploads.acordacidade.com.br\/2026\/08\/Jose-Ronaldo-realiza-visita-tecnica-a-obras-no-Parque-de-Exposicao-para-a-Expofeira-2026-foto-Ed-Santos-7-150x84.jpeg 150w\" sizes=\"(max-width: 1200px) 100vw, 1200px\"><figcaption class=\"wp-element-caption\">Foto: Ed Santos \/ Acorda cidade <\/figcaption><\/figure>\n<p class=\"wp-block-paragraph\" id=\"redondel-01\"><em>\ud83d\udd0eO redondel \u00e9 uma \u00e1rea de pasto no formato circular que \u00e9 cercada, <em>normalmente <\/em>sem cantos ou quinas, usado para o manejo, a doma e o treinamento de cavalos<\/em>.<\/p>\n<p class=\"wp-block-paragraph\">\u201cO ano passado n\u00f3s tivemos 50 expositores aqui, foram 50 empresas fazendo exposi\u00e7\u00e3o. Esse ano est\u00e1 cadastrado e devidamente legalizados 150 expositores, tr\u00eas vezes mais. \u00c9 um n\u00famero gigantesco\u201d, destacou o prefeito.<\/p>\n<figure class=\"wp-block-image size-full\"><img loading=\"lazy\" decoding=\"async\" width=\"1200\" height=\"675\" src=\"http:\/\/noticiasbahia360.com.br\/wp-content\/uploads\/2026\/08\/Jose-Ronaldo-realiza-visita-tecnica-a-obras-no-Parque-de-Exposicao-para-a-Expofeira-2026-foto-Ed-Santos-6.jpeg\" alt=\"Jos\u00e9 Ronaldo realiza visita t\u00e9cnica a obras no Parque de Exposi\u00e7\u00e3o para a Expofeira 2026\" class=\"wp-image-686419\" srcset=\"http:\/\/noticiasbahia360.com.br\/wp-content\/uploads\/2026\/08\/Jose-Ronaldo-realiza-visita-tecnica-a-obras-no-Parque-de-Exposicao-para-a-Expofeira-2026-foto-Ed-Santos-6.jpeg 1200w, https:\/\/uploads.acordacidade.com.br\/2026\/08\/Jose-Ronaldo-realiza-visita-tecnica-a-obras-no-Parque-de-Exposicao-para-a-Expofeira-2026-foto-Ed-Santos-6-750x422.jpeg 750w, https:\/\/uploads.acordacidade.com.br\/2026\/08\/Jose-Ronaldo-realiza-visita-tecnica-a-obras-no-Parque-de-Exposicao-para-a-Expofeira-2026-foto-Ed-Santos-6-1000x563.jpeg 1000w, https:\/\/uploads.acordacidade.com.br\/2026\/08\/Jose-Ronaldo-realiza-visita-tecnica-a-obras-no-Parque-de-Exposicao-para-a-Expofeira-2026-foto-Ed-Santos-6-450x253.jpeg 450w, https:\/\/uploads.acordacidade.com.br\/2026\/08\/Jose-Ronaldo-realiza-visita-tecnica-a-obras-no-Parque-de-Exposicao-para-a-Expofeira-2026-foto-Ed-Santos-6-150x84.jpeg 150w\" sizes=\"(max-width: 1200px) 100vw, 1200px\"><figcaption class=\"wp-element-caption\">Foto: Ed Santos \/ Acorda cidade <\/figcaption><\/figure>\n<h2 id=\"h-do-proprio-bolso\" class=\"wp-block-heading\">Do pr\u00f3prio bolso <\/h2>\n<p class=\"wp-block-paragraph\">O gestor tamb\u00e9m informou durante a entrevista coletiva que a Prefeitura de Feira de Santana ser\u00e1 respons\u00e1vel pelos investimentos na estrutura da festa. Segundo ele, n\u00e3o h\u00e1 previs\u00e3o de repasse financeiro do Governo do Estado.<\/p>\n<figure class=\"wp-block-image size-full\"><img loading=\"lazy\" decoding=\"async\" width=\"1200\" height=\"675\" src=\"http:\/\/noticiasbahia360.com.br\/wp-content\/uploads\/2026\/08\/Jose-Ronaldo-realiza-visita-tecnica-a-obras-no-Parque-de-Exposicao-para-a-Expofeira-2026-foto-Ed-Santos-3.jpeg\" alt=\"Jos\u00e9 Ronaldo realiza visita t\u00e9cnica a obras no Parque de Exposi\u00e7\u00e3o para a Expofeira 2026\" class=\"wp-image-686417\" srcset=\"http:\/\/noticiasbahia360.com.br\/wp-content\/uploads\/2026\/08\/Jose-Ronaldo-realiza-visita-tecnica-a-obras-no-Parque-de-Exposicao-para-a-Expofeira-2026-foto-Ed-Santos-3.jpeg 1200w, https:\/\/uploads.acordacidade.com.br\/2026\/08\/Jose-Ronaldo-realiza-visita-tecnica-a-obras-no-Parque-de-Exposicao-para-a-Expofeira-2026-foto-Ed-Santos-3-750x422.jpeg 750w, https:\/\/uploads.acordacidade.com.br\/2026\/08\/Jose-Ronaldo-realiza-visita-tecnica-a-obras-no-Parque-de-Exposicao-para-a-Expofeira-2026-foto-Ed-Santos-3-1000x563.jpeg 1000w, https:\/\/uploads.acordacidade.com.br\/2026\/08\/Jose-Ronaldo-realiza-visita-tecnica-a-obras-no-Parque-de-Exposicao-para-a-Expofeira-2026-foto-Ed-Santos-3-450x253.jpeg 450w, https:\/\/uploads.acordacidade.com.br\/2026\/08\/Jose-Ronaldo-realiza-visita-tecnica-a-obras-no-Parque-de-Exposicao-para-a-Expofeira-2026-foto-Ed-Santos-3-150x84.jpeg 150w\" sizes=\"(max-width: 1200px) 100vw, 1200px\"><figcaption class=\"wp-element-caption\">Foto: Ed Santos \/ Acorda cidade <\/figcaption><\/figure>\n<p class=\"wp-block-paragraph\">\u201c\u00c9 tudo aqui bancado exclusivamente pela Prefeitura Municipal de Feira de Santana. Aqui, com certeza absoluta, teremos um investimento em torno de R$ 5 milh\u00f5es para poder fazer aqui essa arruma\u00e7\u00e3o, esses espa\u00e7os e essas atra\u00e7\u00f5es\u201d, declarou o gestor.<\/p>\n<p class=\"wp-block-paragraph\"><strong>A abertura da Expofeira ser\u00e1 realizada no domingo (6), com programa\u00e7\u00e3o at\u00e9 o dia 13 de setembro.<\/strong> O prefeito tamb\u00e9m destacou a expectativa de grande movimento no dia 7 de setembro, feriado da Independ\u00eancia do Brasil, quando tradicionalmente muitas fam\u00edlias visitam o Parque de Exposi\u00e7\u00e3o ap\u00f3s o desfile c\u00edvico.<\/p>\n<p class=\"wp-block-paragraph\"><em>Com informa\u00e7\u00f5es do rep\u00f3rter Ed Santos, do Acorda Cidade.<\/em><\/p>\n<p class=\"wp-block-paragraph\"><strong>Leia tamb\u00e9m:<\/strong><\/p>\n<p class=\"wp-block-paragraph\"><a href=\"https:\/\/www.acordacidade.com.br\/variedades\/47a-expofeira-deve-superar-edicao-anterior-diz-secretario\/\">47\u00aa Expofeira deve superar edi\u00e7\u00e3o anterior, diz secret\u00e1rio<\/a><\/p>\n<p class=\"wp-block-paragraph\"><a href=\"expofeira:%20entrada%20de%20pedestres%20pela%20BR-324%20ao%20Parque%20de%20Exposi%C3%A7%C3%A3o%20ser%C3%A1%20proibida;%20entenda\">Expofeira: entrada de pedestres pela BR-324 ao Parque de Exposi\u00e7\u00e3o ser\u00e1 proibida; entenda<\/a><\/p>\n<p class=\"wp-block-paragraph\"><a href=\"https:\/\/www.acordacidade.com.br\/feira-de-santana\/parque-de-exposicoes-recebe-melhorias-para-a-47a-expofeira-realizada-no-proximo-mes\/\">Parque de Exposi\u00e7\u00f5es recebe melhorias para a 47\u00aa Expofeira realizada no pr\u00f3ximo m\u00eas<\/a><\/p>\n<p class=\"wp-block-paragraph\"><em>Siga o Acorda Cidade no\u00a0<\/em><a href=\"https:\/\/news.google.com\/search?q=acorda%20cidade&amp;hl=pt-BR&amp;gl=BR&amp;ceid=BR%3Apt-419\"><strong><em>Google Not\u00edcias<\/em><\/strong><\/a><em>\u00a0e receba os principais destaques do dia. Participe tamb\u00e9m dos nossos canais no\u00a0<\/em><a href=\"https:\/\/www.whatsapp.com\/channel\/0029Va6Rb4v3WHTNnsh8WI3N\"><strong><em>WhatsApp<\/em><\/strong><\/a><em>\u00a0e\u00a0<\/em><a href=\"https:\/\/www.youtube.com\/@acordacidadenoticias\/videos\"><strong>YouTube<\/strong><\/a><em>\u00a0e do grupo no\u00a0<\/em><a href=\"https:\/\/t.me\/+sSz0khrgARA0ZmRh\"><strong><em>Telegram<\/em><\/strong><\/a><em>.<\/em><\/p>\n<\/div>\n","protected":false},"excerpt":{"rendered":"<p>Foto: Ed Santos \/ Acorda cidade O \u00faltimo dia do m\u00eas de agosto foi marcado<\/p>\n","protected":false},"author":1,"featured_media":148125,"comment_status":"closed","ping_status":"closed","sticky":false,"template":"","format":"gallery","meta":{"footnotes":""},"categories":[8,9,6,57,56,10],"tags":[],"class_list":["post-148124","post","type-post","status-publish","format-gallery","has-post-thumbnail","hentry","category-bahia","category-brasil","category-feira-de-santana","category-mundo","category-policia","category-politica","post_format-post-format-gallery"],"featured_image_urls":{"full":["https:\/\/noticiasbahia360.com.br\/wp-content\/uploads\/2026\/08\/Jose-Ronaldo-realiza-visita-tecnica-a-obras-no-Parque-de-Exposicao-para-a-Expofeira-2026-foto-Ed-Santos-1.jpeg",1200,675,false],"thumbnail":["https:\/\/noticiasbahia360.com.br\/wp-content\/uploads\/2026\/08\/Jose-Ronaldo-realiza-visita-tecnica-a-obras-no-Parque-de-Exposicao-para-a-Expofeira-2026-foto-Ed-Santos-1-150x150.jpeg",150,150,true],"medium":["https:\/\/noticiasbahia360.com.br\/wp-content\/uploads\/2026\/08\/Jose-Ronaldo-realiza-visita-tecnica-a-obras-no-Parque-de-Exposicao-para-a-Expofeira-2026-foto-Ed-Santos-1-300x169.jpeg",300,169,true],"medium_large":["https:\/\/noticiasbahia360.com.br\/wp-content\/uploads\/2026\/08\/Jose-Ronaldo-realiza-visita-tecnica-a-obras-no-Parque-de-Exposicao-para-a-Expofeira-2026-foto-Ed-Santos-1-768x432.jpeg",640,360,true],"large":["https:\/\/noticiasbahia360.com.br\/wp-content\/uploads\/2026\/08\/Jose-Ronaldo-realiza-visita-tecnica-a-obras-no-Parque-de-Exposicao-para-a-Expofeira-2026-foto-Ed-Santos-1-1024x576.jpeg",640,360,true],"1536x1536":["https:\/\/noticiasbahia360.com.br\/wp-content\/uploads\/2026\/08\/Jose-Ronaldo-realiza-visita-tecnica-a-obras-no-Parque-de-Exposicao-para-a-Expofeira-2026-foto-Ed-Santos-1.jpeg",1200,675,false],"2048x2048":["https:\/\/noticiasbahia360.com.br\/wp-content\/uploads\/2026\/08\/Jose-Ronaldo-realiza-visita-tecnica-a-obras-no-Parque-de-Exposicao-para-a-Expofeira-2026-foto-Ed-Santos-1.jpeg",1200,675,false],"chromenews-featured":["https:\/\/noticiasbahia360.com.br\/wp-content\/uploads\/2026\/08\/Jose-Ronaldo-realiza-visita-tecnica-a-obras-no-Parque-de-Exposicao-para-a-Expofeira-2026-foto-Ed-Santos-1-1024x576.jpeg",1024,576,true],"chromenews-large":["https:\/\/noticiasbahia360.com.br\/wp-content\/uploads\/2026\/08\/Jose-Ronaldo-realiza-visita-tecnica-a-obras-no-Parque-de-Exposicao-para-a-Expofeira-2026-foto-Ed-Santos-1-825x575.jpeg",825,575,true],"chromenews-medium":["https:\/\/noticiasbahia360.com.br\/wp-content\/uploads\/2026\/08\/Jose-Ronaldo-realiza-visita-tecnica-a-obras-no-Parque-de-Exposicao-para-a-Expofeira-2026-foto-Ed-Santos-1-590x410.jpeg",590,410,true]},"author_info":{"display_name":"noticiasbahia360.com.br","author_link":"https:\/\/noticiasbahia360.com.br\/?author=1"},"category_info":"<a href=\"https:\/\/noticiasbahia360.com.br\/?cat=8\" rel=\"category\">Bahia<\/a> <a href=\"https:\/\/noticiasbahia360.com.br\/?cat=9\" rel=\"category\">Brasil<\/a> <a href=\"https:\/\/noticiasbahia360.com.br\/?cat=6\" rel=\"category\">Feira de Santana<\/a> <a href=\"https:\/\/noticiasbahia360.com.br\/?cat=57\" rel=\"category\">Mundo<\/a> <a href=\"https:\/\/noticiasbahia360.com.br\/?cat=56\" rel=\"category\">Pol\u00edcia<\/a> <a href=\"https:\/\/noticiasbahia360.com.br\/?cat=10\" rel=\"category\">Pol\u00edtica<\/a>","tag_info":"Pol\u00edtica","comment_count":"0","_links":{"self":[{"href":"https:\/\/noticiasbahia360.com.br\/index.php?rest_route=\/wp\/v2\/posts\/148124","targetHints":{"allow":["GET"]}}],"collection":[{"href":"https:\/\/noticiasbahia360.com.br\/index.php?rest_route=\/wp\/v2\/posts"}],"about":[{"href":"https:\/\/noticiasbahia360.com.br\/index.php?rest_route=\/wp\/v2\/types\/post"}],"author":[{"embeddable":true,"href":"https:\/\/noticiasbahia360.com.br\/index.php?rest_route=\/wp\/v2\/users\/1"}],"replies":[{"embeddable":true,"href":"https:\/\/noticiasbahia360.com.br\/index.php?rest_route=%2Fwp%2Fv2%2Fcomments&post=148124"}],"version-history":[{"count":0,"href":"https:\/\/noticiasbahia360.com.br\/index.php?rest_route=\/wp\/v2\/posts\/148124\/revisions"}],"wp:featuredmedia":[{"embeddable":true,"href":"https:\/\/noticiasbahia360.com.br\/index.php?rest_route=\/wp\/v2\/media\/148125"}],"wp:attachment":[{"href":"https:\/\/noticiasbahia360.com.br\/index.php?rest_route=%2Fwp%2Fv2%2Fmedia&parent=148124"}],"wp:term":[{"taxonomy":"category","embeddable":true,"href":"https:\/\/noticiasbahia360.com.br\/index.php?rest_route=%2Fwp%2Fv2%2Fcategories&post=148124"},{"taxonomy":"post_tag","embeddable":true,"href":"https:\/\/noticiasbahia360.com.br\/index.php?rest_route=%2Fwp%2Fv2%2Ftags&post=148124"}],"curies":[{"name":"wp","href":"https:\/\/api.w.org\/{rel}","templated":true}]}}