{"id":148133,"date":"2026-08-31T12:01:31","date_gmt":"2026-08-31T15:01:31","guid":{"rendered":"https:\/\/noticiasbahia360.com.br\/?p=148133"},"modified":"2026-08-31T12:01:31","modified_gmt":"2026-08-31T15:01:31","slug":"feira-de-santana-voltara-a-ter-outlet-na-br-324","status":"publish","type":"post","link":"https:\/\/noticiasbahia360.com.br\/?p=148133","title":{"rendered":"Feira de Santana voltar\u00e1 a ter outlet na BR-324"},"content":{"rendered":"<div>\n<div>\n<figure><img decoding=\"async\" src=\"http:\/\/noticiasbahia360.com.br\/wp-content\/uploads\/2026\/08\/Outlet-Feira-Premium-foto-divulgacao-publicado-em-acorda-cidade-31-08-2026.jpg\" alt=\"Outlet Feira Premium\"><figcaption>Outlet Feira Premium<\/figcaption><\/figure>\n<\/div>\n<p class=\"wp-block-paragraph\">Feira de Santana voltar\u00e1 a contar com um outlet \u00e0s margens da BR-324. O munic\u00edpio ganhar\u00e1 o Outlet Feira Premium, novo empreendimento comercial que ser\u00e1 implantado no mesmo local onde funcionava o <a href=\"https:\/\/www.acordacidade.com.br\/variedades\/apos-quase-sete-anos-em-feira-de-santana-america-outlet-esta-a-venda\/\" data-type=\"link\" data-id=\"https:\/\/www.acordacidade.com.br\/variedades\/apos-quase-sete-anos-em-feira-de-santana-america-outlet-esta-a-venda\/\">Am\u00e9rica Outlet, desativado em 2022 ap\u00f3s quase sete anos de atua\u00e7\u00e3o.<\/a><\/p>\n<p class=\"wp-block-paragraph\">A informa\u00e7\u00e3o sobre o local foi antecipada com exclusividade pelo Acorda Cidade e, vale destacar que, apesar de ocupar o mesmo espa\u00e7o,<strong> o novo centro de compras pertence a outro grupo empresarial e n\u00e3o se trata de uma retomada da antiga opera\u00e7\u00e3o.<\/strong><\/p>\n<p class=\"wp-block-paragraph\">O empreendimento chega com uma proposta que re\u00fane, em um mesmo destino, compras, gastronomia, entretenimento e espa\u00e7os de conviv\u00eancia.<\/p>\n<p class=\"wp-block-paragraph\">Conforme informa\u00e7\u00f5es da assessoria de comunica\u00e7\u00e3o, o Outlet Feira Premium aposta no conceito de varejo de oportunidade, modelo que busca oferecer ao consumidor produtos de qualidade associados a condi\u00e7\u00f5es comerciais atrativas.<\/p>\n<p class=\"wp-block-paragraph\">O projeto ainda est\u00e1 em fase de implanta\u00e7\u00e3o. Mais detalhes ser\u00e3o divulgados no dia 10 de setembro, quando ser\u00e1 realizado um evento exclusivo para convidados. O Acorda Cidade acompanhar\u00e1 a apresenta\u00e7\u00e3o e trar\u00e1 novas informa\u00e7\u00f5es em breve.<\/p>\n<p class=\"wp-block-paragraph\"><em>Siga o Acorda Cidade no\u00a0<\/em><a href=\"https:\/\/news.google.com\/search?q=acorda%20cidade&amp;hl=pt-BR&amp;gl=BR&amp;ceid=BR%3Apt-419\"><strong><em>Google Not\u00edcias<\/em><\/strong><\/a><em>\u00a0e receba os principais destaques do dia. Participe tamb\u00e9m dos nossos canais no\u00a0<\/em><a href=\"https:\/\/www.whatsapp.com\/channel\/0029Va6Rb4v3WHTNnsh8WI3N\"><strong><em>WhatsApp<\/em><\/strong><\/a><em>\u00a0e\u00a0<\/em><a href=\"https:\/\/www.youtube.com\/@acordacidadenoticias\/videos\"><strong>YouTube<\/strong><\/a><em>\u00a0e do grupo no\u00a0<\/em><a href=\"https:\/\/t.me\/+sSz0khrgARA0ZmRh\"><strong><em>Telegram<\/em><\/strong><\/a><em>.<\/em><\/p>\n<\/div>\n","protected":false},"excerpt":{"rendered":"<p>Outlet Feira Premium Feira de Santana voltar\u00e1 a contar com um outlet \u00e0s margens da<\/p>\n","protected":false},"author":1,"featured_media":148134,"comment_status":"closed","ping_status":"closed","sticky":false,"template":"","format":"gallery","meta":{"footnotes":""},"categories":[8,9,6,57,56,10],"tags":[],"class_list":["post-148133","post","type-post","status-publish","format-gallery","has-post-thumbnail","hentry","category-bahia","category-brasil","category-feira-de-santana","category-mundo","category-policia","category-politica","post_format-post-format-gallery"],"featured_image_urls":{"full":["https:\/\/noticiasbahia360.com.br\/wp-content\/uploads\/2026\/08\/Outlet-Feira-Premium-foto-divulgacao-publicado-em-acorda-cidade-31-08-2026.jpg",1300,839,false],"thumbnail":["https:\/\/noticiasbahia360.com.br\/wp-content\/uploads\/2026\/08\/Outlet-Feira-Premium-foto-divulgacao-publicado-em-acorda-cidade-31-08-2026-150x150.jpg",150,150,true],"medium":["https:\/\/noticiasbahia360.com.br\/wp-content\/uploads\/2026\/08\/Outlet-Feira-Premium-foto-divulgacao-publicado-em-acorda-cidade-31-08-2026-300x194.jpg",300,194,true],"medium_large":["https:\/\/noticiasbahia360.com.br\/wp-content\/uploads\/2026\/08\/Outlet-Feira-Premium-foto-divulgacao-publicado-em-acorda-cidade-31-08-2026-768x496.jpg",640,413,true],"large":["https:\/\/noticiasbahia360.com.br\/wp-content\/uploads\/2026\/08\/Outlet-Feira-Premium-foto-divulgacao-publicado-em-acorda-cidade-31-08-2026-1024x661.jpg",640,413,true],"1536x1536":["https:\/\/noticiasbahia360.com.br\/wp-content\/uploads\/2026\/08\/Outlet-Feira-Premium-foto-divulgacao-publicado-em-acorda-cidade-31-08-2026.jpg",1300,839,false],"2048x2048":["https:\/\/noticiasbahia360.com.br\/wp-content\/uploads\/2026\/08\/Outlet-Feira-Premium-foto-divulgacao-publicado-em-acorda-cidade-31-08-2026.jpg",1300,839,false],"chromenews-featured":["https:\/\/noticiasbahia360.com.br\/wp-content\/uploads\/2026\/08\/Outlet-Feira-Premium-foto-divulgacao-publicado-em-acorda-cidade-31-08-2026-1024x661.jpg",1024,661,true],"chromenews-large":["https:\/\/noticiasbahia360.com.br\/wp-content\/uploads\/2026\/08\/Outlet-Feira-Premium-foto-divulgacao-publicado-em-acorda-cidade-31-08-2026-825x575.jpg",825,575,true],"chromenews-medium":["https:\/\/noticiasbahia360.com.br\/wp-content\/uploads\/2026\/08\/Outlet-Feira-Premium-foto-divulgacao-publicado-em-acorda-cidade-31-08-2026-590x410.jpg",590,410,true]},"author_info":{"display_name":"noticiasbahia360.com.br","author_link":"https:\/\/noticiasbahia360.com.br\/?author=1"},"category_info":"<a href=\"https:\/\/noticiasbahia360.com.br\/?cat=8\" rel=\"category\">Bahia<\/a> <a href=\"https:\/\/noticiasbahia360.com.br\/?cat=9\" rel=\"category\">Brasil<\/a> <a href=\"https:\/\/noticiasbahia360.com.br\/?cat=6\" rel=\"category\">Feira de Santana<\/a> <a href=\"https:\/\/noticiasbahia360.com.br\/?cat=57\" rel=\"category\">Mundo<\/a> <a href=\"https:\/\/noticiasbahia360.com.br\/?cat=56\" rel=\"category\">Pol\u00edcia<\/a> <a href=\"https:\/\/noticiasbahia360.com.br\/?cat=10\" rel=\"category\">Pol\u00edtica<\/a>","tag_info":"Pol\u00edtica","comment_count":"0","_links":{"self":[{"href":"https:\/\/noticiasbahia360.com.br\/index.php?rest_route=\/wp\/v2\/posts\/148133","targetHints":{"allow":["GET"]}}],"collection":[{"href":"https:\/\/noticiasbahia360.com.br\/index.php?rest_route=\/wp\/v2\/posts"}],"about":[{"href":"https:\/\/noticiasbahia360.com.br\/index.php?rest_route=\/wp\/v2\/types\/post"}],"author":[{"embeddable":true,"href":"https:\/\/noticiasbahia360.com.br\/index.php?rest_route=\/wp\/v2\/users\/1"}],"replies":[{"embeddable":true,"href":"https:\/\/noticiasbahia360.com.br\/index.php?rest_route=%2Fwp%2Fv2%2Fcomments&post=148133"}],"version-history":[{"count":0,"href":"https:\/\/noticiasbahia360.com.br\/index.php?rest_route=\/wp\/v2\/posts\/148133\/revisions"}],"wp:featuredmedia":[{"embeddable":true,"href":"https:\/\/noticiasbahia360.com.br\/index.php?rest_route=\/wp\/v2\/media\/148134"}],"wp:attachment":[{"href":"https:\/\/noticiasbahia360.com.br\/index.php?rest_route=%2Fwp%2Fv2%2Fmedia&parent=148133"}],"wp:term":[{"taxonomy":"category","embeddable":true,"href":"https:\/\/noticiasbahia360.com.br\/index.php?rest_route=%2Fwp%2Fv2%2Fcategories&post=148133"},{"taxonomy":"post_tag","embeddable":true,"href":"https:\/\/noticiasbahia360.com.br\/index.php?rest_route=%2Fwp%2Fv2%2Ftags&post=148133"}],"curies":[{"name":"wp","href":"https:\/\/api.w.org\/{rel}","templated":true}]}}