{"id":148140,"date":"2026-08-31T14:01:24","date_gmt":"2026-08-31T17:01:24","guid":{"rendered":"https:\/\/noticiasbahia360.com.br\/?p=148140"},"modified":"2026-08-31T14:01:24","modified_gmt":"2026-08-31T17:01:24","slug":"centro-pop-assiste-cerca-de-70-pessoas-em-situacao-de-rua-por-dia-em-feira-de-santana","status":"publish","type":"post","link":"https:\/\/noticiasbahia360.com.br\/?p=148140","title":{"rendered":"Centro Pop assiste cerca de 70 pessoas em situa\u00e7\u00e3o de rua por dia em Feira de Santana"},"content":{"rendered":"<div>\n<div>\n<figure><img decoding=\"async\" src=\"http:\/\/noticiasbahia360.com.br\/wp-content\/uploads\/2026\/08\/Centro-Pop_-foto-Ney-Silva-AC.jpg\" alt=\"Centro Pop Rua\"><figcaption>Foto: Ney Silva\/Acorda Cidade<\/figcaption><\/figure>\n<\/div>\n<p class=\"wp-block-paragraph\">Comerciantes da Avenida Presidente Dutra, na regi\u00e3o do Terminal Rodovi\u00e1rio de Feira de Santana, tem reclamado com frequ\u00eancia ao Acorda Cidade, devido \u00e0 grande quantidade de pessoas em situa\u00e7\u00e3o de rua, que dormem nas cal\u00e7adas em frente \u00e0s lojas. Segundo eles, em alguns casos, a situa\u00e7\u00e3o impede a abertura dos estabelecimentos no hor\u00e1rio normal.<\/p>\n<p class=\"wp-block-paragraph\">Em entrevista ao Acorda Cidade, a coordenadora do Centro de Refer\u00eancia Especializado para a Popula\u00e7\u00e3o em Situa\u00e7\u00e3o de Rua (Centro Pop), Marina Nogueira, informou que desde que o \u00f3rg\u00e3o foi inaugurado, cerca de 9 mil pessoas em situa\u00e7\u00e3o de rua j\u00e1 passaram por l\u00e1. Desse total, 1.300 conseguiram ser cadastradas no Bolsa Fam\u00edlia. E, atualmente, o Centro realiza cerca de 50 a 70 atendimentos di\u00e1rios.<\/p>\n<p class=\"wp-block-paragraph\">Marina Nogueira solicita \u00e0 popula\u00e7\u00e3o um olhar mais emp\u00e1tico com pessoas nesta situa\u00e7\u00e3o, uma vez que os \u00f3rg\u00e3os de assist\u00eancia social tentam realizar um trabalho, com a oferta de benef\u00edcios, para ajudar essas pessoas a sa\u00edrem das ruas, por\u00e9m \u00e9 algo que leva tempo. Ela explicou que, al\u00e9m da regi\u00e3o do Terminal Rodovi\u00e1rio, h\u00e1 outras \u00e1reas do centro comercial onde h\u00e1 grande concentra\u00e7\u00e3o de pessoas em situa\u00e7\u00e3o de rua.<\/p>\n<figure class=\"wp-block-image size-full\"><img fetchpriority=\"high\" decoding=\"async\" width=\"1200\" height=\"900\" src=\"http:\/\/noticiasbahia360.com.br\/wp-content\/uploads\/2026\/08\/Marina-Nogueira_-foto-Ney-Silva-AC.jpg\" alt=\"Assistente Social Marina Nogueira\" class=\"wp-image-684217\" srcset=\"http:\/\/noticiasbahia360.com.br\/wp-content\/uploads\/2026\/08\/Marina-Nogueira_-foto-Ney-Silva-AC.jpg 1200w, https:\/\/uploads.acordacidade.com.br\/2026\/08\/Marina-Nogueira_-foto-Ney-Silva-AC-750x563.jpg 750w, https:\/\/uploads.acordacidade.com.br\/2026\/08\/Marina-Nogueira_-foto-Ney-Silva-AC-1000x750.jpg 1000w, https:\/\/uploads.acordacidade.com.br\/2026\/08\/Marina-Nogueira_-foto-Ney-Silva-AC-450x338.jpg 450w, https:\/\/uploads.acordacidade.com.br\/2026\/08\/Marina-Nogueira_-foto-Ney-Silva-AC-150x113.jpg 150w\" sizes=\"(max-width: 1200px) 100vw, 1200px\"><figcaption class=\"wp-element-caption\">Foto: Ney Silva\/Acorda Cidade<\/figcaption><\/figure>\n<p class=\"wp-block-paragraph\">\u201cO Centro de Abastecimento, que \u00e9 a regi\u00e3o em que a gente est\u00e1 localizado, e tamb\u00e9m ali na Pra\u00e7a da Matriz, onde h\u00e1 muitas pessoas em situa\u00e7\u00e3o de rua. Como h\u00e1 muito tr\u00e2nsito, itinerantes, existe um aumento ali, mas de pessoas que est\u00e3o em passagem, mas a popula\u00e7\u00e3o mesmo acaba sendo sempre as mesmas. Ent\u00e3o volta e meia a gente tem aquele retorno de pessoas que j\u00e1 passaram por aqui\u201d, disse.<\/p>\n<p class=\"wp-block-paragraph\">Ela informou que o Centro Pop oferece diversos servi\u00e7os \u00e0 popula\u00e7\u00e3o de rua. S\u00e3o eles:<\/p>\n<p class=\"wp-block-paragraph\">\u2013 Regulariza\u00e7\u00e3o de documentos;<\/p>\n<p class=\"wp-block-paragraph\">\u2013 Registros civis, como certid\u00e3o de nascimento e casamento<\/p>\n<p class=\"wp-block-paragraph\">\u2013 Carteira de reservista;<\/p>\n<p class=\"wp-block-paragraph\">\u2013 Carteira de trabalho;<\/p>\n<p class=\"wp-block-paragraph\">\u2013 Reinser\u00e7\u00e3o no mercado de trabalho, entre outros benef\u00edcios, como aux\u00edlio com passagens, para pessoas em tr\u00e2nsito, e o aluguel social.<\/p>\n<p class=\"wp-block-paragraph\">\u201cO Centro Pop \u00e9 como se fosse um Creas, ent\u00e3o as pessoas v\u00eam por demanda espont\u00e2nea, v\u00eam trazidos pela Abordagem Social, pelo Cras, outros Creas, que encaminham ou at\u00e9 mesmo pela \u00e1rea da sa\u00fade. Mas quem faz as abordagens \u00e9 a equipe da Abordagem Social mesmo, que s\u00e3o pessoas da Prefeitura de Feira de Santana que v\u00e3o <em>in loco<\/em> nas regi\u00f5es onde tem maior concentra\u00e7\u00e3o de pessoas em situa\u00e7\u00e3o de rua e direcionam para c\u00e1.\u201d<\/p>\n<p class=\"wp-block-paragraph\">Ela conta que, durante os atendimentos da Abordagem Social, eles passam por uma triagem breve e s\u00e3o direcionados para o Centro Pop.<\/p>\n<p class=\"wp-block-paragraph\">\u201cAtualmente a gente n\u00e3o tem albergues, mas tem Casa de Passagem, onde a depender, a gente consegue ali retornar aos v\u00ednculos familiares e, \u00e0s vezes, fazer a passagem, conceder esse benef\u00edcio eventual para enviar essa pessoa para o seio familiar.\u201d<\/p>\n<p class=\"wp-block-paragraph\">Conforme a assistente social, a equipe do Centro Pop busca realizar um trabalho de conscientiza\u00e7\u00e3o para ajudar pessoas que vivem nas ruas a sa\u00edrem dessa situa\u00e7\u00e3o de vulnerabilidade.<\/p>\n<p class=\"wp-block-paragraph\"><strong>\u201c<\/strong>Alguns est\u00e3o mesmo por conta de depend\u00eancia de subst\u00e2ncias psicoativas, \u00e1lcool, acabaram tendo um rompimento do v\u00ednculo familiar e, consequentemente, v\u00e3o para a situa\u00e7\u00e3o de rua. Mas, muitas vezes, a gente consegue restabelecer e fazer com que eles ven\u00e7am essa vulnerabilidade.\u201d<\/p>\n<p class=\"wp-block-paragraph\"><em>Com informa\u00e7\u00f5es do rep\u00f3rter Ney Silva, do Acorda Cidade<\/em><\/p>\n<p class=\"wp-block-paragraph\"><em>Siga o Acorda Cidade no\u00a0<\/em><a href=\"https:\/\/news.google.com\/search?q=acorda%20cidade&amp;hl=pt-BR&amp;gl=BR&amp;ceid=BR%3Apt-419\"><strong><em>Google Not\u00edcias<\/em><\/strong><\/a><em>\u00a0e receba os principais destaques do dia. Participe tamb\u00e9m dos nossos canais no\u00a0<\/em><a href=\"https:\/\/www.whatsapp.com\/channel\/0029Va6Rb4v3WHTNnsh8WI3N\"><strong><em>WhatsApp<\/em><\/strong><\/a><em>\u00a0e\u00a0<\/em><a href=\"https:\/\/www.youtube.com\/@acordacidadenoticias\/videos\"><strong>YouTube<\/strong><\/a><em>\u00a0e do grupo no\u00a0<\/em><a href=\"https:\/\/t.me\/+sSz0khrgARA0ZmRh\"><strong><em>Telegram<\/em><\/strong><\/a><em>.<\/em><\/p>\n<\/div>\n","protected":false},"excerpt":{"rendered":"<p>Foto: Ney Silva\/Acorda Cidade Comerciantes da Avenida Presidente Dutra, na regi\u00e3o do Terminal Rodovi\u00e1rio de<\/p>\n","protected":false},"author":1,"featured_media":148141,"comment_status":"closed","ping_status":"closed","sticky":false,"template":"","format":"gallery","meta":{"footnotes":""},"categories":[8,9,6,57,56,10],"tags":[],"class_list":["post-148140","post","type-post","status-publish","format-gallery","has-post-thumbnail","hentry","category-bahia","category-brasil","category-feira-de-santana","category-mundo","category-policia","category-politica","post_format-post-format-gallery"],"featured_image_urls":{"full":["https:\/\/noticiasbahia360.com.br\/wp-content\/uploads\/2026\/08\/Centro-Pop_-foto-Ney-Silva-AC.jpg",1200,900,false],"thumbnail":["https:\/\/noticiasbahia360.com.br\/wp-content\/uploads\/2026\/08\/Centro-Pop_-foto-Ney-Silva-AC-150x150.jpg",150,150,true],"medium":["https:\/\/noticiasbahia360.com.br\/wp-content\/uploads\/2026\/08\/Centro-Pop_-foto-Ney-Silva-AC-300x225.jpg",300,225,true],"medium_large":["https:\/\/noticiasbahia360.com.br\/wp-content\/uploads\/2026\/08\/Centro-Pop_-foto-Ney-Silva-AC-768x576.jpg",640,480,true],"large":["https:\/\/noticiasbahia360.com.br\/wp-content\/uploads\/2026\/08\/Centro-Pop_-foto-Ney-Silva-AC-1024x768.jpg",640,480,true],"1536x1536":["https:\/\/noticiasbahia360.com.br\/wp-content\/uploads\/2026\/08\/Centro-Pop_-foto-Ney-Silva-AC.jpg",1200,900,false],"2048x2048":["https:\/\/noticiasbahia360.com.br\/wp-content\/uploads\/2026\/08\/Centro-Pop_-foto-Ney-Silva-AC.jpg",1200,900,false],"chromenews-featured":["https:\/\/noticiasbahia360.com.br\/wp-content\/uploads\/2026\/08\/Centro-Pop_-foto-Ney-Silva-AC-1024x768.jpg",1024,768,true],"chromenews-large":["https:\/\/noticiasbahia360.com.br\/wp-content\/uploads\/2026\/08\/Centro-Pop_-foto-Ney-Silva-AC-825x575.jpg",825,575,true],"chromenews-medium":["https:\/\/noticiasbahia360.com.br\/wp-content\/uploads\/2026\/08\/Centro-Pop_-foto-Ney-Silva-AC-590x410.jpg",590,410,true]},"author_info":{"display_name":"noticiasbahia360.com.br","author_link":"https:\/\/noticiasbahia360.com.br\/?author=1"},"category_info":"<a href=\"https:\/\/noticiasbahia360.com.br\/?cat=8\" rel=\"category\">Bahia<\/a> <a href=\"https:\/\/noticiasbahia360.com.br\/?cat=9\" rel=\"category\">Brasil<\/a> <a href=\"https:\/\/noticiasbahia360.com.br\/?cat=6\" rel=\"category\">Feira de Santana<\/a> <a href=\"https:\/\/noticiasbahia360.com.br\/?cat=57\" rel=\"category\">Mundo<\/a> <a href=\"https:\/\/noticiasbahia360.com.br\/?cat=56\" rel=\"category\">Pol\u00edcia<\/a> <a href=\"https:\/\/noticiasbahia360.com.br\/?cat=10\" rel=\"category\">Pol\u00edtica<\/a>","tag_info":"Pol\u00edtica","comment_count":"0","_links":{"self":[{"href":"https:\/\/noticiasbahia360.com.br\/index.php?rest_route=\/wp\/v2\/posts\/148140","targetHints":{"allow":["GET"]}}],"collection":[{"href":"https:\/\/noticiasbahia360.com.br\/index.php?rest_route=\/wp\/v2\/posts"}],"about":[{"href":"https:\/\/noticiasbahia360.com.br\/index.php?rest_route=\/wp\/v2\/types\/post"}],"author":[{"embeddable":true,"href":"https:\/\/noticiasbahia360.com.br\/index.php?rest_route=\/wp\/v2\/users\/1"}],"replies":[{"embeddable":true,"href":"https:\/\/noticiasbahia360.com.br\/index.php?rest_route=%2Fwp%2Fv2%2Fcomments&post=148140"}],"version-history":[{"count":0,"href":"https:\/\/noticiasbahia360.com.br\/index.php?rest_route=\/wp\/v2\/posts\/148140\/revisions"}],"wp:featuredmedia":[{"embeddable":true,"href":"https:\/\/noticiasbahia360.com.br\/index.php?rest_route=\/wp\/v2\/media\/148141"}],"wp:attachment":[{"href":"https:\/\/noticiasbahia360.com.br\/index.php?rest_route=%2Fwp%2Fv2%2Fmedia&parent=148140"}],"wp:term":[{"taxonomy":"category","embeddable":true,"href":"https:\/\/noticiasbahia360.com.br\/index.php?rest_route=%2Fwp%2Fv2%2Fcategories&post=148140"},{"taxonomy":"post_tag","embeddable":true,"href":"https:\/\/noticiasbahia360.com.br\/index.php?rest_route=%2Fwp%2Fv2%2Ftags&post=148140"}],"curies":[{"name":"wp","href":"https:\/\/api.w.org\/{rel}","templated":true}]}}