{"id":148143,"date":"2026-08-31T14:01:26","date_gmt":"2026-08-31T17:01:26","guid":{"rendered":"https:\/\/noticiasbahia360.com.br\/?p=148143"},"modified":"2026-08-31T14:01:26","modified_gmt":"2026-08-31T17:01:26","slug":"metro-de-salvador-passa-a-ter-vagao-permanente-e-exclusivo-para-mulheres-nos-horarios-de-pico","status":"publish","type":"post","link":"https:\/\/noticiasbahia360.com.br\/?p=148143","title":{"rendered":"Metr\u00f4 de Salvador passa a ter vag\u00e3o permanente e exclusivo para mulheres nos hor\u00e1rios de pico"},"content":{"rendered":"<div>\n<div>\n<figure><img decoding=\"async\" src=\"http:\/\/noticiasbahia360.com.br\/wp-content\/uploads\/2026\/08\/Agosto-Lilas-Vagao-no-metro-de-Salvador-Foto-Jeane-Abreu-GOV-BA.jpg\" alt=\"Agosto Lil\u00e1s - Vag\u00e3o no metr\u00f4 de Salvador\"><figcaption>Foto: Jeane Abreu\/ GOV-BA<\/figcaption><\/figure>\n<\/div>\n<p class=\"wp-block-paragraph\">A mobiliza\u00e7\u00e3o do Agosto Lil\u00e1s do Estado da Bahia termina nesta segunda feira (31), ap\u00f3s um ciclo dedicado \u00e0 preven\u00e7\u00e3o e enfrentamento da viol\u00eancia contra a mulher. Como legado das iniciativas, o Metr\u00f4 Salvador ter\u00e1 a perman\u00eancia do Vag\u00e3o Lil\u00e1s, exclusivo para mulheres, que seguir\u00e1 operando de segunda a sexta-feira, das 6h \u00e0s 9h e das 17h \u00e0s 20h. Institu\u00edda em refer\u00eancia ao anivers\u00e1rio da Lei Maria da Penha, a campanha reuniu \u00f3rg\u00e3os p\u00fablicos em uma s\u00e9rie de a\u00e7\u00f5es educativas, mutir\u00f5es de atendimento e mobiliza\u00e7\u00f5es sociais em toda Bahia.<\/p>\n<p class=\"wp-block-paragraph\">A campanha de iniciativa do Estado da Bahia, atrav\u00e9s da Secretaria de Pol\u00edticas para Mulheres (SPM), contou com parceiros para viabilizar espa\u00e7os de escuta, acolhimento e seguran\u00e7a para mulheres. Ao longo de todo o m\u00eas, diversos \u00f3rg\u00e3os p\u00fablicos e entidades da sociedade civil, uniram for\u00e7as para ampliar o debate sobre os diferentes tipos de viol\u00eancia e divulgar n\u00e3o apenas canais de den\u00fancia, mas direcionar e oferecer servi\u00e7os dispon\u00edveis para as v\u00edtimas.<\/p>\n<p class=\"wp-block-paragraph\">Durante a atividade desta segunda feira, foi refor\u00e7ada a presen\u00e7a do espa\u00e7o \u201cSala Elas \u00e0 Frente\u201d, com funcionamento de segunda e quarta-feira na esta\u00e7\u00e3o de Metr\u00f4 Rodovi\u00e1ria, e ter\u00e7a e quinta-feira na esta\u00e7\u00e3o de Metr\u00f4 Piraj\u00e1, das 9h \u00e0s 17h com servi\u00e7os de orienta\u00e7\u00e3o para as mulheres direcionando-as para Casa Mulher Brasileira. Tamb\u00e9m foram entregues materiais informativos em busca de um di\u00e1logo permanente com a sociedade.<\/p>\n<h2 id=\"h-assistencia-continuada\" class=\"wp-block-heading\">Assist\u00eancia continuada<\/h2>\n<p class=\"wp-block-paragraph\">Embora o encerramento oficial da campanha ocorra nesta segunda-feira, o trabalho de prote\u00e7\u00e3o e combate \u00e0 viol\u00eancia continua. A rede de apoio permanece ativa durante todo o ano para receber den\u00fancias, orientar e acolher quem precisa. v\u00e1rias a\u00e7\u00f5es interiorizadas foram implementadas pelo Estado da Bahia, tanto a\u00e7\u00f5es de forma\u00e7\u00e3o continuada com a rede de prote\u00e7\u00e3o local nos munic\u00edpios e territ\u00f3rios, como tamb\u00e9m a forma\u00e7\u00e3o continuada com servidores da seguran\u00e7a p\u00fablica e da justi\u00e7a.<\/p>\n<p class=\"wp-block-paragraph\">Foram entregues salas de acolhimento \u00e0s mulheres v\u00edtimas de viol\u00eancia nos munic\u00edpios de pequeno porte e mais de 20 salas de maneira continuada. Com a parceria com a Secretaria de Seguran\u00e7a P\u00fablica (SSP), tamb\u00e9m foi entregue Salas Lil\u00e1s para o acolhimento \u00e0s mulheres v\u00edtimas de viol\u00eancia sexual.<\/p>\n<p class=\"wp-block-paragraph\">Atualmente, existem 15 delegacias especializadas e mais 22 n\u00facleos especializados no atendimento \u00e0s mulheres no estado, totalizando 37 equipamentos da Pol\u00edcia Civil que acolhem as mulheres na ponta, n\u00e3o s\u00f3 no processo do pedido da medida protetiva, mas tamb\u00e9m de seguir o processo com a acusa\u00e7\u00e3o no caso da viol\u00eancia dom\u00e9stica.<\/p>\n<p class=\"wp-block-paragraph\">Refor\u00e7ando a assist\u00eancia \u00e0 mulher, a Pol\u00edcia Civil vai estar presente no Metr\u00f4 Salvador, a cada 15 dias, com uma delegacia m\u00f3vel para atender a mulher que passar por alguma situa\u00e7\u00e3o de constrangimento dentro do transporte p\u00fablico, dentro da sua casa ou em qualquer situa\u00e7\u00e3o.<\/p>\n<p class=\"wp-block-paragraph\"><em>Siga o Acorda Cidade no\u00a0<\/em><a href=\"https:\/\/news.google.com\/search?q=acorda%20cidade&amp;hl=pt-BR&amp;gl=BR&amp;ceid=BR%3Apt-419\"><strong><em>Google Not\u00edcias<\/em><\/strong><\/a><em>\u00a0e receba os principais destaques do dia. Participe tamb\u00e9m dos nossos canais no\u00a0<\/em><a href=\"https:\/\/www.whatsapp.com\/channel\/0029Va6Rb4v3WHTNnsh8WI3N\"><strong><em>WhatsApp<\/em><\/strong><\/a><em>\u00a0e\u00a0<\/em><a href=\"https:\/\/www.youtube.com\/@acordacidadenoticias\/videos\"><strong>YouTube<\/strong><\/a><em>\u00a0e do grupo no\u00a0<\/em><a href=\"https:\/\/t.me\/+sSz0khrgARA0ZmRh\"><strong><em>Telegram<\/em><\/strong><\/a><em>.<\/em><\/p>\n<\/div>\n","protected":false},"excerpt":{"rendered":"<p>Foto: Jeane Abreu\/ GOV-BA A mobiliza\u00e7\u00e3o do Agosto Lil\u00e1s do Estado da Bahia termina nesta<\/p>\n","protected":false},"author":1,"featured_media":148144,"comment_status":"closed","ping_status":"closed","sticky":false,"template":"","format":"gallery","meta":{"footnotes":""},"categories":[8,9,6,57,56,10],"tags":[],"class_list":["post-148143","post","type-post","status-publish","format-gallery","has-post-thumbnail","hentry","category-bahia","category-brasil","category-feira-de-santana","category-mundo","category-policia","category-politica","post_format-post-format-gallery"],"featured_image_urls":{"full":["https:\/\/noticiasbahia360.com.br\/wp-content\/uploads\/2026\/08\/Agosto-Lilas-Vagao-no-metro-de-Salvador-Foto-Jeane-Abreu-GOV-BA.jpg",1200,803,false],"thumbnail":["https:\/\/noticiasbahia360.com.br\/wp-content\/uploads\/2026\/08\/Agosto-Lilas-Vagao-no-metro-de-Salvador-Foto-Jeane-Abreu-GOV-BA-150x150.jpg",150,150,true],"medium":["https:\/\/noticiasbahia360.com.br\/wp-content\/uploads\/2026\/08\/Agosto-Lilas-Vagao-no-metro-de-Salvador-Foto-Jeane-Abreu-GOV-BA-300x201.jpg",300,201,true],"medium_large":["https:\/\/noticiasbahia360.com.br\/wp-content\/uploads\/2026\/08\/Agosto-Lilas-Vagao-no-metro-de-Salvador-Foto-Jeane-Abreu-GOV-BA-768x514.jpg",640,428,true],"large":["https:\/\/noticiasbahia360.com.br\/wp-content\/uploads\/2026\/08\/Agosto-Lilas-Vagao-no-metro-de-Salvador-Foto-Jeane-Abreu-GOV-BA-1024x685.jpg",640,428,true],"1536x1536":["https:\/\/noticiasbahia360.com.br\/wp-content\/uploads\/2026\/08\/Agosto-Lilas-Vagao-no-metro-de-Salvador-Foto-Jeane-Abreu-GOV-BA.jpg",1200,803,false],"2048x2048":["https:\/\/noticiasbahia360.com.br\/wp-content\/uploads\/2026\/08\/Agosto-Lilas-Vagao-no-metro-de-Salvador-Foto-Jeane-Abreu-GOV-BA.jpg",1200,803,false],"chromenews-featured":["https:\/\/noticiasbahia360.com.br\/wp-content\/uploads\/2026\/08\/Agosto-Lilas-Vagao-no-metro-de-Salvador-Foto-Jeane-Abreu-GOV-BA-1024x685.jpg",1024,685,true],"chromenews-large":["https:\/\/noticiasbahia360.com.br\/wp-content\/uploads\/2026\/08\/Agosto-Lilas-Vagao-no-metro-de-Salvador-Foto-Jeane-Abreu-GOV-BA-825x575.jpg",825,575,true],"chromenews-medium":["https:\/\/noticiasbahia360.com.br\/wp-content\/uploads\/2026\/08\/Agosto-Lilas-Vagao-no-metro-de-Salvador-Foto-Jeane-Abreu-GOV-BA-590x410.jpg",590,410,true]},"author_info":{"display_name":"noticiasbahia360.com.br","author_link":"https:\/\/noticiasbahia360.com.br\/?author=1"},"category_info":"<a href=\"https:\/\/noticiasbahia360.com.br\/?cat=8\" rel=\"category\">Bahia<\/a> <a href=\"https:\/\/noticiasbahia360.com.br\/?cat=9\" rel=\"category\">Brasil<\/a> <a href=\"https:\/\/noticiasbahia360.com.br\/?cat=6\" rel=\"category\">Feira de Santana<\/a> <a href=\"https:\/\/noticiasbahia360.com.br\/?cat=57\" rel=\"category\">Mundo<\/a> <a href=\"https:\/\/noticiasbahia360.com.br\/?cat=56\" rel=\"category\">Pol\u00edcia<\/a> <a href=\"https:\/\/noticiasbahia360.com.br\/?cat=10\" rel=\"category\">Pol\u00edtica<\/a>","tag_info":"Pol\u00edtica","comment_count":"0","_links":{"self":[{"href":"https:\/\/noticiasbahia360.com.br\/index.php?rest_route=\/wp\/v2\/posts\/148143","targetHints":{"allow":["GET"]}}],"collection":[{"href":"https:\/\/noticiasbahia360.com.br\/index.php?rest_route=\/wp\/v2\/posts"}],"about":[{"href":"https:\/\/noticiasbahia360.com.br\/index.php?rest_route=\/wp\/v2\/types\/post"}],"author":[{"embeddable":true,"href":"https:\/\/noticiasbahia360.com.br\/index.php?rest_route=\/wp\/v2\/users\/1"}],"replies":[{"embeddable":true,"href":"https:\/\/noticiasbahia360.com.br\/index.php?rest_route=%2Fwp%2Fv2%2Fcomments&post=148143"}],"version-history":[{"count":0,"href":"https:\/\/noticiasbahia360.com.br\/index.php?rest_route=\/wp\/v2\/posts\/148143\/revisions"}],"wp:featuredmedia":[{"embeddable":true,"href":"https:\/\/noticiasbahia360.com.br\/index.php?rest_route=\/wp\/v2\/media\/148144"}],"wp:attachment":[{"href":"https:\/\/noticiasbahia360.com.br\/index.php?rest_route=%2Fwp%2Fv2%2Fmedia&parent=148143"}],"wp:term":[{"taxonomy":"category","embeddable":true,"href":"https:\/\/noticiasbahia360.com.br\/index.php?rest_route=%2Fwp%2Fv2%2Fcategories&post=148143"},{"taxonomy":"post_tag","embeddable":true,"href":"https:\/\/noticiasbahia360.com.br\/index.php?rest_route=%2Fwp%2Fv2%2Ftags&post=148143"}],"curies":[{"name":"wp","href":"https:\/\/api.w.org\/{rel}","templated":true}]}}