{"id":148145,"date":"2026-08-31T14:01:27","date_gmt":"2026-08-31T17:01:27","guid":{"rendered":"https:\/\/noticiasbahia360.com.br\/?p=148145"},"modified":"2026-08-31T14:01:27","modified_gmt":"2026-08-31T17:01:27","slug":"body-scan-tecnologia-de-raio-x-amplia-deteccoes-de-ilicitos-em-presidios-da-bahia-em-320","status":"publish","type":"post","link":"https:\/\/noticiasbahia360.com.br\/?p=148145","title":{"rendered":"Body Scan: tecnologia de raio-X amplia detec\u00e7\u00f5es de il\u00edcitos em pres\u00eddios da Bahia em 320%"},"content":{"rendered":"<div>\n<div>\n<figure><img decoding=\"async\" src=\"http:\/\/noticiasbahia360.com.br\/wp-content\/uploads\/2026\/08\/Body-Scan-em-presidios-da-Bahia-Foto-Lais-Machado-GOV-BA-2.jpg\" alt=\"Body Scan em pres\u00eddios da Bahia\"><figcaption>Foto: Lais Machado\/ GOV-BA<\/figcaption><\/figure>\n<\/div>\n<p class=\"wp-block-paragraph\">Uma nova tecnologia tem ajudado a identificar materiais il\u00edcitos nas unidades prisionais da Bahia. Entre janeiro e julho deste ano, o Body Scan detectou 232 altera\u00e7\u00f5es durante as inspe\u00e7\u00f5es, um aumento de mais de 320% em rela\u00e7\u00e3o ao mesmo per\u00edodo do ano passado. O equipamento, utilizado pela Secretaria de Administra\u00e7\u00e3o Penitenci\u00e1ria do Estado da Bahia (Seap), faz a inspe\u00e7\u00e3o corporal com baixas doses de raios-X e gera imagens que permitem localizar objetos ou subst\u00e2ncias, sem contato f\u00edsico com a pessoa inspecionada.<\/p>\n<p class=\"wp-block-paragraph\">Entre os materiais identificados est\u00e3o celulares, smartwatches, carregadores e drogas. O uso da tecnologia amplia as possibilidades de fiscaliza\u00e7\u00e3o e representa um avan\u00e7o importante para a seguran\u00e7a das unidades prisionais, porque permite uma inspe\u00e7\u00e3o mais r\u00e1pida e precisa, auxiliando os servidores na identifica\u00e7\u00e3o de materiais que n\u00e3o podem entrar nesses espa\u00e7os.<\/p>\n<p class=\"wp-block-paragraph\">O equipamento tamb\u00e9m reduz o tempo necess\u00e1rio para a revista. Um procedimento que pode levar cerca de 30 minutos pelos m\u00e9todos convencionais passa a ser realizado em aproximadamente sete segundos. Com a tecnologia, cerca de 90% dos visitantes s\u00e3o dispensados da revista \u00edntima. A tecnologia reduz a necessidade de contato f\u00edsico e evita situa\u00e7\u00f5es constrangedoras durante a inspe\u00e7\u00e3o.<\/p>\n<p class=\"wp-block-paragraph\">As imagens geradas pelo Body Scan tamb\u00e9m podem indicar altera\u00e7\u00f5es que precisam de uma verifica\u00e7\u00e3o mais detalhada, inclusive quando h\u00e1 suspeita de materiais transportados no interior do corpo. A partir da identifica\u00e7\u00e3o, s\u00e3o adotados os procedimentos necess\u00e1rios para a averigua\u00e7\u00e3o.<\/p>\n<p class=\"wp-block-paragraph\"><em>Siga o Acorda Cidade no\u00a0<\/em><a href=\"https:\/\/news.google.com\/search?q=acorda%20cidade&amp;hl=pt-BR&amp;gl=BR&amp;ceid=BR%3Apt-419\"><strong><em>Google Not\u00edcias<\/em><\/strong><\/a><em>\u00a0e receba os principais destaques do dia. Participe tamb\u00e9m dos nossos canais no\u00a0<\/em><a href=\"https:\/\/www.whatsapp.com\/channel\/0029Va6Rb4v3WHTNnsh8WI3N\"><strong><em>WhatsApp<\/em><\/strong><\/a><em>\u00a0e\u00a0<\/em><a href=\"https:\/\/www.youtube.com\/@acordacidadenoticias\/videos\"><strong>YouTube<\/strong><\/a><em>\u00a0e do grupo no\u00a0<\/em><a href=\"https:\/\/t.me\/+sSz0khrgARA0ZmRh\"><strong><em>Telegram<\/em><\/strong><\/a><em>.<\/em><\/p>\n<\/div>\n","protected":false},"excerpt":{"rendered":"<p>Foto: Lais Machado\/ GOV-BA Uma nova tecnologia tem ajudado a identificar materiais il\u00edcitos nas unidades<\/p>\n","protected":false},"author":1,"featured_media":148146,"comment_status":"closed","ping_status":"closed","sticky":false,"template":"","format":"gallery","meta":{"footnotes":""},"categories":[8,9,6,57,56,10],"tags":[],"class_list":["post-148145","post","type-post","status-publish","format-gallery","has-post-thumbnail","hentry","category-bahia","category-brasil","category-feira-de-santana","category-mundo","category-policia","category-politica","post_format-post-format-gallery"],"featured_image_urls":{"full":["https:\/\/noticiasbahia360.com.br\/wp-content\/uploads\/2026\/08\/Body-Scan-em-presidios-da-Bahia-Foto-Lais-Machado-GOV-BA-2.jpg",1200,836,false],"thumbnail":["https:\/\/noticiasbahia360.com.br\/wp-content\/uploads\/2026\/08\/Body-Scan-em-presidios-da-Bahia-Foto-Lais-Machado-GOV-BA-2-150x150.jpg",150,150,true],"medium":["https:\/\/noticiasbahia360.com.br\/wp-content\/uploads\/2026\/08\/Body-Scan-em-presidios-da-Bahia-Foto-Lais-Machado-GOV-BA-2-300x209.jpg",300,209,true],"medium_large":["https:\/\/noticiasbahia360.com.br\/wp-content\/uploads\/2026\/08\/Body-Scan-em-presidios-da-Bahia-Foto-Lais-Machado-GOV-BA-2-768x535.jpg",640,446,true],"large":["https:\/\/noticiasbahia360.com.br\/wp-content\/uploads\/2026\/08\/Body-Scan-em-presidios-da-Bahia-Foto-Lais-Machado-GOV-BA-2-1024x713.jpg",640,446,true],"1536x1536":["https:\/\/noticiasbahia360.com.br\/wp-content\/uploads\/2026\/08\/Body-Scan-em-presidios-da-Bahia-Foto-Lais-Machado-GOV-BA-2.jpg",1200,836,false],"2048x2048":["https:\/\/noticiasbahia360.com.br\/wp-content\/uploads\/2026\/08\/Body-Scan-em-presidios-da-Bahia-Foto-Lais-Machado-GOV-BA-2.jpg",1200,836,false],"chromenews-featured":["https:\/\/noticiasbahia360.com.br\/wp-content\/uploads\/2026\/08\/Body-Scan-em-presidios-da-Bahia-Foto-Lais-Machado-GOV-BA-2-1024x713.jpg",1024,713,true],"chromenews-large":["https:\/\/noticiasbahia360.com.br\/wp-content\/uploads\/2026\/08\/Body-Scan-em-presidios-da-Bahia-Foto-Lais-Machado-GOV-BA-2-825x575.jpg",825,575,true],"chromenews-medium":["https:\/\/noticiasbahia360.com.br\/wp-content\/uploads\/2026\/08\/Body-Scan-em-presidios-da-Bahia-Foto-Lais-Machado-GOV-BA-2-590x410.jpg",590,410,true]},"author_info":{"display_name":"noticiasbahia360.com.br","author_link":"https:\/\/noticiasbahia360.com.br\/?author=1"},"category_info":"<a href=\"https:\/\/noticiasbahia360.com.br\/?cat=8\" rel=\"category\">Bahia<\/a> <a href=\"https:\/\/noticiasbahia360.com.br\/?cat=9\" rel=\"category\">Brasil<\/a> <a href=\"https:\/\/noticiasbahia360.com.br\/?cat=6\" rel=\"category\">Feira de Santana<\/a> <a href=\"https:\/\/noticiasbahia360.com.br\/?cat=57\" rel=\"category\">Mundo<\/a> <a href=\"https:\/\/noticiasbahia360.com.br\/?cat=56\" rel=\"category\">Pol\u00edcia<\/a> <a href=\"https:\/\/noticiasbahia360.com.br\/?cat=10\" rel=\"category\">Pol\u00edtica<\/a>","tag_info":"Pol\u00edtica","comment_count":"0","_links":{"self":[{"href":"https:\/\/noticiasbahia360.com.br\/index.php?rest_route=\/wp\/v2\/posts\/148145","targetHints":{"allow":["GET"]}}],"collection":[{"href":"https:\/\/noticiasbahia360.com.br\/index.php?rest_route=\/wp\/v2\/posts"}],"about":[{"href":"https:\/\/noticiasbahia360.com.br\/index.php?rest_route=\/wp\/v2\/types\/post"}],"author":[{"embeddable":true,"href":"https:\/\/noticiasbahia360.com.br\/index.php?rest_route=\/wp\/v2\/users\/1"}],"replies":[{"embeddable":true,"href":"https:\/\/noticiasbahia360.com.br\/index.php?rest_route=%2Fwp%2Fv2%2Fcomments&post=148145"}],"version-history":[{"count":0,"href":"https:\/\/noticiasbahia360.com.br\/index.php?rest_route=\/wp\/v2\/posts\/148145\/revisions"}],"wp:featuredmedia":[{"embeddable":true,"href":"https:\/\/noticiasbahia360.com.br\/index.php?rest_route=\/wp\/v2\/media\/148146"}],"wp:attachment":[{"href":"https:\/\/noticiasbahia360.com.br\/index.php?rest_route=%2Fwp%2Fv2%2Fmedia&parent=148145"}],"wp:term":[{"taxonomy":"category","embeddable":true,"href":"https:\/\/noticiasbahia360.com.br\/index.php?rest_route=%2Fwp%2Fv2%2Fcategories&post=148145"},{"taxonomy":"post_tag","embeddable":true,"href":"https:\/\/noticiasbahia360.com.br\/index.php?rest_route=%2Fwp%2Fv2%2Ftags&post=148145"}],"curies":[{"name":"wp","href":"https:\/\/api.w.org\/{rel}","templated":true}]}}