{"id":148150,"date":"2026-08-31T15:02:08","date_gmt":"2026-08-31T18:02:08","guid":{"rendered":"https:\/\/noticiasbahia360.com.br\/?p=148150"},"modified":"2026-08-31T15:02:08","modified_gmt":"2026-08-31T18:02:08","slug":"justica-manda-desbloquear-e-devolver-bens-a-investidor-do-feira-fc-apos-erro-de-banco","status":"publish","type":"post","link":"https:\/\/noticiasbahia360.com.br\/?p=148150","title":{"rendered":"Justi\u00e7a manda desbloquear e devolver bens a investidor do Feira FC ap\u00f3s erro de banco"},"content":{"rendered":"<div>\n<div>\n<figure><img decoding=\"async\" src=\"http:\/\/noticiasbahia360.com.br\/wp-content\/uploads\/2026\/08\/carros-de-luxo-operacao-Aposta-Suja-1.jpg\" alt=\"Opera\u00e7\u00e3o apreende dinheiro, carros de alto padr\u00e3o e equipamentos em condom\u00ednio de luxo em Feira de Santana\"><figcaption>Foto: Divulga\u00e7\u00e3o\/ MPBA<\/figcaption><\/figure>\n<\/div>\n<p class=\"wp-block-paragraph\">A Justi\u00e7a do Rio de Janeiro determinou o levantamento integral das medidas cautelares impostas ao <a href=\"https:\/\/www.acordacidade.com.br\/policia\/operacao-aposta-suja-mira-esquema-de-apostas-ilegais-e-cumpre-mandado-em-feira-de-santana\/\" data-type=\"link\" data-id=\"https:\/\/www.acordacidade.com.br\/policia\/operacao-aposta-suja-mira-esquema-de-apostas-ilegais-e-cumpre-mandado-em-feira-de-santana\/\"><strong>empres\u00e1rio Bruno Karttos Oliveira Nascimento<\/strong><\/a>, um dos embaixadores do Feira Futebol Clube, ap\u00f3s concluir que n\u00e3o havia comprova\u00e7\u00e3o, nos registros oficiais, de que ele tivesse participa\u00e7\u00e3o societ\u00e1ria na empresa apontada como um dos v\u00ednculos que motivaram sua inclus\u00e3o na <a href=\"https:\/\/www.acordacidade.com.br\/policia\/operacao-aposta-suja-mira-esquema-de-apostas-ilegais-e-cumpre-mandado-em-feira-de-santana\/\" data-type=\"link\" data-id=\"https:\/\/www.acordacidade.com.br\/policia\/operacao-aposta-suja-mira-esquema-de-apostas-ilegais-e-cumpre-mandado-em-feira-de-santana\/\"><strong>Opera\u00e7\u00e3o Aposta Suja.<\/strong><\/a> A senten\u00e7a foi proferida pelo juiz Alexandre Abrah\u00e3o Dias Teixeira.<\/p>\n<p class=\"wp-block-paragraph\">O Acorda Cidade teve acesso a decis\u00e3o proferida nesta segunda-feira (31) pelo juiz Alexandre Abrah\u00e3o Dias Teixeira, da 3\u00aa Vara Especializada em Organiza\u00e7\u00e3o Criminosa do Tribunal de Justi\u00e7a do Rio de Janeiro. O magistrado julgou procedentes os embargos apresentados por Bruno e determinou, entre outras medidas, o desbloqueio de valores e ativos e a retirada de seu nome do processo da Opera\u00e7\u00e3o \u201cAposta Suja\u201d.<\/p>\n<p class=\"wp-block-paragraph\">Conforme a decis\u00e3o, Bruno havia sido inclu\u00eddo de forma errada entre os alvos ap\u00f3s uma \u201cComunica\u00e7\u00e3o de Opera\u00e7\u00e3o Suspeita\u201d encaminhada pelo Banco BTG Pactual ao Coaf, posteriormente incorporada a um Relat\u00f3rio de Intelig\u00eancia Financeira. Na informa\u00e7\u00e3o inicial, ele aparecia como benefici\u00e1rio final da Code Tech Enterprise Ltda., atual Code Fabrik Enterprise Ltda., com suposta participa\u00e7\u00e3o de 90% na empresa, que possu\u00eda sede em S\u00e3o Paulo. Ao contr\u00e1rio de Bruno, a empresa era o verdadeiro alvo da opera\u00e7\u00e3o por suspeita de lavagem de dinheiro para plataformas ilegais de aposta. Com base nessa informa\u00e7\u00e3o, o Grupo de Atua\u00e7\u00e3o Especial de Combate ao Crime Organizado (Gaeco-RJ) estabeleceu contra ele um bloqueio de bens com um limite de R$ 95.818.994,74.<\/p>\n<p class=\"wp-block-paragraph\">A situa\u00e7\u00e3o, por\u00e9m, mudou ap\u00f3s a apresenta\u00e7\u00e3o de documentos da Junta Comercial do Estado de S\u00e3o Paulo (Jucesp). Segundo a documenta\u00e7\u00e3o analisada pela Justi\u00e7a, a empresa tinha outro empres\u00e1rio como s\u00f3cio e administrador, e n\u00e3o havia registro de Bruno Karttos no quadro societ\u00e1rio.<\/p>\n<p class=\"wp-block-paragraph\">O Minist\u00e9rio P\u00fablico tamb\u00e9m realizou uma dilig\u00eancia junto ao pr\u00f3prio BTG Pactual. Em resposta enviada em 26 de agosto, o banco admitiu o erro e informou n\u00e3o ter identificado rela\u00e7\u00e3o entre Bruno e a empresa investigada. Diante disso, o MP concordou com o levantamento das medidas cautelares e com a restitui\u00e7\u00e3o integral dos bens apreendidos.<\/p>\n<h2 id=\"h-relacao-com-o-feira-fc\" class=\"wp-block-heading\">Rela\u00e7\u00e3o com o Feira FC<\/h2>\n<p class=\"wp-block-paragraph\">A decis\u00e3o ganha repercuss\u00e3o em Feira de Santana tamb\u00e9m pela liga\u00e7\u00e3o de Bruno Karttos com o Feira Futebol Clube. O empres\u00e1rio foi apresentado pelo clube como embaixador e investidor do projeto. O ca\u00e7ula do \u00faltimo Baian\u00e3o S\u00e9rie B, o Feira FC foi fundado em 2026 e disputou pela primeira vez a Segunda Divis\u00e3o do Campeonato Baiano.<\/p>\n<p class=\"wp-block-paragraph\">Como o Acorda Cidade j\u00e1 mostrou, a liga\u00e7\u00e3o veio \u00e0 tona durante a Opera\u00e7\u00e3o Aposta Suja, deflagrada em 13 de agosto, quando Bruno foi alvo de um mandado de busca e apreens\u00e3o em Feira de Santana. Na ocasi\u00e3o, foram apreendidos dinheiro em esp\u00e9cie, inclusive em moeda estrangeira, aparelhos eletr\u00f4nicos e ve\u00edculos de alto padr\u00e3o. A opera\u00e7\u00e3o investiga um suposto esquema envolvendo apostas ilegais, golpes e lavagem de dinheiro.<\/p>\n<p class=\"wp-block-paragraph\">Ap\u00f3s a opera\u00e7\u00e3o, o Feira FC afirmou ter tomado conhecimento da investiga\u00e7\u00e3o e declarou \u201ctotal confian\u00e7a\u201d na inoc\u00eancia de Bruno Karttos, ressaltando que respeitava a atua\u00e7\u00e3o das autoridades e o devido processo legal.<\/p>\n<h2 id=\"h-veiculos-dinheiro-e-outros-bens-serao-devolvidos\" class=\"wp-block-heading\">Ve\u00edculos, dinheiro e outros bens ser\u00e3o devolvidos<\/h2>\n<p class=\"wp-block-paragraph\">Com a nova decis\u00e3o, a Justi\u00e7a determinou a restitui\u00e7\u00e3o de todos os bens relacionados ao auto de busca e apreens\u00e3o, incluindo aparelhos eletr\u00f4nicos, dinheiro em moeda nacional e estrangeira e ve\u00edculos, observadas as regras de titularidade para a entrega.<\/p>\n<figure class=\"wp-block-image size-full\"><img fetchpriority=\"high\" fetchpriority=\"high\" decoding=\"async\" width=\"1200\" height=\"900\" src=\"http:\/\/noticiasbahia360.com.br\/wp-content\/uploads\/2026\/08\/Operacao-Aposta-Suja-mira-esquema-de-apostas-ilegais-e-cumpre-mandado-em-Feira-de-Santana-2.jpg\" alt=\"Opera\u00e7\u00e3o Aposta Suja mira esquema de apostas ilegais e cumpre mandado em Feira de Santana\" class=\"wp-image-681288\" srcset=\"http:\/\/noticiasbahia360.com.br\/wp-content\/uploads\/2026\/08\/Operacao-Aposta-Suja-mira-esquema-de-apostas-ilegais-e-cumpre-mandado-em-Feira-de-Santana-2.jpg 1200w, https:\/\/uploads.acordacidade.com.br\/2026\/08\/Operacao-Aposta-Suja-mira-esquema-de-apostas-ilegais-e-cumpre-mandado-em-Feira-de-Santana-750x563.jpg 750w, https:\/\/uploads.acordacidade.com.br\/2026\/08\/Operacao-Aposta-Suja-mira-esquema-de-apostas-ilegais-e-cumpre-mandado-em-Feira-de-Santana-1000x750.jpg 1000w, https:\/\/uploads.acordacidade.com.br\/2026\/08\/Operacao-Aposta-Suja-mira-esquema-de-apostas-ilegais-e-cumpre-mandado-em-Feira-de-Santana-450x338.jpg 450w, https:\/\/uploads.acordacidade.com.br\/2026\/08\/Operacao-Aposta-Suja-mira-esquema-de-apostas-ilegais-e-cumpre-mandado-em-Feira-de-Santana-150x113.jpg 150w\" sizes=\"(max-width: 1200px) 100vw, 1200px\"><figcaption class=\"wp-element-caption\">Foto: Divulga\u00e7\u00e3o\/ MPBA<\/figcaption><\/figure>\n<p class=\"wp-block-paragraph\">Tamb\u00e9m foi determinada a libera\u00e7\u00e3o de um Chevrolet Corvette e uma Toyota SW4, que estavam submetidos a um procedimento de aliena\u00e7\u00e3o antecipada e cess\u00e3o de uso. O incidente foi considerado prejudicado e dever\u00e1 ser arquivado.<\/p>\n<p class=\"wp-block-paragraph\">Al\u00e9m disso, a Justi\u00e7a mandou cessar o afastamento dos sigilos banc\u00e1rio e fiscal de Bruno e de suas contas. Dados que eventualmente j\u00e1 tenham sido obtidos dever\u00e3o permanecer sob sigilo e n\u00e3o poder\u00e3o ser utilizados.<\/p>\n<p class=\"wp-block-paragraph\">Os efeitos da decis\u00e3o s\u00e3o direcionadas a Bruno Karttos, as medidas impostas aos demais investigados permanecem inalteradas e seguem sendo investigadas dentro do \u00e2mbito da Opera\u00e7\u00e3o Aposta Suja, investigando o esquema bilion\u00e1rio de lavagem de dinheiro envolvendo apostas ilegais.<\/p>\n<p class=\"wp-block-paragraph\"><em>Com informa\u00e7\u00f5es do jornalista Jefferson Ara\u00fajo, do Acorda Cidade.<\/em><\/p>\n<p class=\"wp-block-paragraph\"><strong>Leia tamb\u00e9m: <a href=\"https:\/\/www.acordacidade.com.br\/policia\/operacao-aposta-suja-mira-esquema-de-apostas-ilegais-e-cumpre-mandado-em-feira-de-santana\/\" data-type=\"link\" data-id=\"https:\/\/www.acordacidade.com.br\/policia\/operacao-aposta-suja-mira-esquema-de-apostas-ilegais-e-cumpre-mandado-em-feira-de-santana\/\">Embaixador do Feira FC \u00e9 alvo de opera\u00e7\u00e3o; carros de luxo e dinheiro em im\u00f3vel s\u00e3o apreendidos<\/a><\/strong><\/p>\n<p class=\"wp-block-paragraph\"><em>Siga o Acorda Cidade no\u00a0<\/em><a href=\"https:\/\/news.google.com\/search?q=acorda%20cidade&amp;hl=pt-BR&amp;gl=BR&amp;ceid=BR%3Apt-419\"><strong><em>Google Not\u00edcias<\/em><\/strong><\/a><em>\u00a0e receba os principais destaques do dia. Participe tamb\u00e9m dos nossos canais no\u00a0<\/em><a href=\"https:\/\/www.whatsapp.com\/channel\/0029Va6Rb4v3WHTNnsh8WI3N\"><strong><em>WhatsApp<\/em><\/strong><\/a><em>\u00a0e\u00a0<\/em><a href=\"https:\/\/www.youtube.com\/@acordacidadenoticias\/videos\"><strong>YouTube<\/strong><\/a><em>\u00a0e do grupo no\u00a0<\/em><a href=\"https:\/\/t.me\/+sSz0khrgARA0ZmRh\"><strong><em>Telegram<\/em><\/strong><\/a><em>.<\/em><\/p>\n<\/div>\n","protected":false},"excerpt":{"rendered":"<p>Foto: Divulga\u00e7\u00e3o\/ MPBA A Justi\u00e7a do Rio de Janeiro determinou o levantamento integral das medidas<\/p>\n","protected":false},"author":1,"featured_media":148151,"comment_status":"closed","ping_status":"closed","sticky":false,"template":"","format":"gallery","meta":{"footnotes":""},"categories":[8,9,6,57,56,10],"tags":[],"class_list":["post-148150","post","type-post","status-publish","format-gallery","has-post-thumbnail","hentry","category-bahia","category-brasil","category-feira-de-santana","category-mundo","category-policia","category-politica","post_format-post-format-gallery"],"featured_image_urls":{"full":["https:\/\/noticiasbahia360.com.br\/wp-content\/uploads\/2026\/08\/carros-de-luxo-operacao-Aposta-Suja-1.jpg",1200,873,false],"thumbnail":["https:\/\/noticiasbahia360.com.br\/wp-content\/uploads\/2026\/08\/carros-de-luxo-operacao-Aposta-Suja-1-150x150.jpg",150,150,true],"medium":["https:\/\/noticiasbahia360.com.br\/wp-content\/uploads\/2026\/08\/carros-de-luxo-operacao-Aposta-Suja-1-300x218.jpg",300,218,true],"medium_large":["https:\/\/noticiasbahia360.com.br\/wp-content\/uploads\/2026\/08\/carros-de-luxo-operacao-Aposta-Suja-1-768x559.jpg",640,466,true],"large":["https:\/\/noticiasbahia360.com.br\/wp-content\/uploads\/2026\/08\/carros-de-luxo-operacao-Aposta-Suja-1-1024x745.jpg",640,466,true],"1536x1536":["https:\/\/noticiasbahia360.com.br\/wp-content\/uploads\/2026\/08\/carros-de-luxo-operacao-Aposta-Suja-1.jpg",1200,873,false],"2048x2048":["https:\/\/noticiasbahia360.com.br\/wp-content\/uploads\/2026\/08\/carros-de-luxo-operacao-Aposta-Suja-1.jpg",1200,873,false],"chromenews-featured":["https:\/\/noticiasbahia360.com.br\/wp-content\/uploads\/2026\/08\/carros-de-luxo-operacao-Aposta-Suja-1-1024x745.jpg",1024,745,true],"chromenews-large":["https:\/\/noticiasbahia360.com.br\/wp-content\/uploads\/2026\/08\/carros-de-luxo-operacao-Aposta-Suja-1-825x575.jpg",825,575,true],"chromenews-medium":["https:\/\/noticiasbahia360.com.br\/wp-content\/uploads\/2026\/08\/carros-de-luxo-operacao-Aposta-Suja-1-590x410.jpg",590,410,true]},"author_info":{"display_name":"noticiasbahia360.com.br","author_link":"https:\/\/noticiasbahia360.com.br\/?author=1"},"category_info":"<a href=\"https:\/\/noticiasbahia360.com.br\/?cat=8\" rel=\"category\">Bahia<\/a> <a href=\"https:\/\/noticiasbahia360.com.br\/?cat=9\" rel=\"category\">Brasil<\/a> <a href=\"https:\/\/noticiasbahia360.com.br\/?cat=6\" rel=\"category\">Feira de Santana<\/a> <a href=\"https:\/\/noticiasbahia360.com.br\/?cat=57\" rel=\"category\">Mundo<\/a> <a href=\"https:\/\/noticiasbahia360.com.br\/?cat=56\" rel=\"category\">Pol\u00edcia<\/a> <a href=\"https:\/\/noticiasbahia360.com.br\/?cat=10\" rel=\"category\">Pol\u00edtica<\/a>","tag_info":"Pol\u00edtica","comment_count":"0","_links":{"self":[{"href":"https:\/\/noticiasbahia360.com.br\/index.php?rest_route=\/wp\/v2\/posts\/148150","targetHints":{"allow":["GET"]}}],"collection":[{"href":"https:\/\/noticiasbahia360.com.br\/index.php?rest_route=\/wp\/v2\/posts"}],"about":[{"href":"https:\/\/noticiasbahia360.com.br\/index.php?rest_route=\/wp\/v2\/types\/post"}],"author":[{"embeddable":true,"href":"https:\/\/noticiasbahia360.com.br\/index.php?rest_route=\/wp\/v2\/users\/1"}],"replies":[{"embeddable":true,"href":"https:\/\/noticiasbahia360.com.br\/index.php?rest_route=%2Fwp%2Fv2%2Fcomments&post=148150"}],"version-history":[{"count":0,"href":"https:\/\/noticiasbahia360.com.br\/index.php?rest_route=\/wp\/v2\/posts\/148150\/revisions"}],"wp:featuredmedia":[{"embeddable":true,"href":"https:\/\/noticiasbahia360.com.br\/index.php?rest_route=\/wp\/v2\/media\/148151"}],"wp:attachment":[{"href":"https:\/\/noticiasbahia360.com.br\/index.php?rest_route=%2Fwp%2Fv2%2Fmedia&parent=148150"}],"wp:term":[{"taxonomy":"category","embeddable":true,"href":"https:\/\/noticiasbahia360.com.br\/index.php?rest_route=%2Fwp%2Fv2%2Fcategories&post=148150"},{"taxonomy":"post_tag","embeddable":true,"href":"https:\/\/noticiasbahia360.com.br\/index.php?rest_route=%2Fwp%2Fv2%2Ftags&post=148150"}],"curies":[{"name":"wp","href":"https:\/\/api.w.org\/{rel}","templated":true}]}}