{"id":148155,"date":"2026-08-31T15:02:11","date_gmt":"2026-08-31T18:02:11","guid":{"rendered":"https:\/\/noticiasbahia360.com.br\/?p=148155"},"modified":"2026-08-31T15:02:11","modified_gmt":"2026-08-31T18:02:11","slug":"tempo-seco-e-calor-de-41c-poem-maioria-dos-estados-brasileiros-em-alerta-no-fim-de-agosto","status":"publish","type":"post","link":"https:\/\/noticiasbahia360.com.br\/?p=148155","title":{"rendered":"Tempo seco e calor de 41\u00b0C p\u00f5em maioria dos estados brasileiros em alerta no fim de agosto"},"content":{"rendered":"<div>\n<div>\n<figure><img decoding=\"async\" src=\"http:\/\/noticiasbahia360.com.br\/wp-content\/uploads\/2026\/08\/arvore-praca-lazer-natureca-parque-brinquedos-Conceicao-do-Jacuipe-Berimbau-Foto-Jefferson-Araujo-Acorda-Cidade-.jpg\" alt=\"Pra\u00e7a das Palmeiras no Centro de Concei\u00e7\u00e3o do Jacu\u00edpe (Berimbau)\"><figcaption>Pra\u00e7a das Palmeiras no Centro de Concei\u00e7\u00e3o do Jacu\u00edpe (Berimbau) | Foto: Jefferson Ara\u00fajo \/ Acorda Cidade <\/figcaption><\/figure>\n<\/div>\n<p class=\"wp-block-paragraph\">Ag\u00eancia Brasil \u2014 O \u00faltimo dia de agosto \u00e9 marcado por contrastes extremos no pa\u00eds, com previs\u00e3o de temporais e alerta de perigo na Regi\u00e3o Sul \u2014 onde Curitiba pode alcan\u00e7ar 35\u00b0C e Porto Alegre n\u00e3o passa dos 19\u00b0C \u2014, enquanto o Centro-Oeste e o Norte enfrentam calor intenso de at\u00e9 41\u00b0C em capitais como Cuiab\u00e1 e Porto Velho, combinados com tempo seco e chuvas isoladas em outras regi\u00f5es.<img decoding=\"async\" src=\"https:\/\/agenciabrasil.ebc.com.br\/ebc.png?id=1701080&amp;o=node\"><img decoding=\"async\" src=\"https:\/\/agenciabrasil.ebc.com.br\/ebc.gif?id=1701080&amp;o=node\"><\/p>\n<p class=\"wp-block-paragraph\">Devido \u00e0 persist\u00eancia do calor e do tempo seco, o Instituto Nacional de Meteorologia (Inmet) emitiu, nesta segunda-feira (31), dois alertas. O primeiro, um aviso amarelo de perigo potencial para baixa umidade [Inmet \u2013 Avisos] abrange extensas \u00e1reas em 11 unidades federativas (BA; DF; GO; MA; MT; MS; MG; PA; PE; PI e SP) onde a umidade relativa do ar pode variar entre 30% e 20%, com riscos \u00e0 sa\u00fade e de inc\u00eandios florestais.<\/p>\n<p class=\"wp-block-paragraph\">O segundo alerta, laranja, abrange outras regi\u00f5es em dez unidades federativas (BA; DF; GO; MT; MS; MG; PA; RO; SP e TO), nas quais a umidade relativa do ar pode variar entre 20% e 12%.<\/p>\n<p class=\"wp-block-paragraph\">O ar muito seco dificulta a dispers\u00e3o de gases poluentes e resseca as mucosas das vias a\u00e9reas, o que, segundo o Minist\u00e9rio da Sa\u00fade\u00a0facilita crises de asma, alergia, al\u00e9m de infec\u00e7\u00f5es virais e bacterianas. Associado \u00e0s altas temperaturas, o tempo seco tamb\u00e9m potencializa queimadas e inc\u00eandios florestais. Nestes casos, \u00e9 necess\u00e1rio beber bastante \u00e1gua; evitar atividades f\u00edsicas ao ar livre e a exposi\u00e7\u00e3o ao sol entre 10h e 17h; procurar um posto m\u00e9dico em caso de problemas respirat\u00f3rios; evitar banhos com \u00e1gua quente e, se necess\u00e1rio, usar hidratante.<\/p>\n<p class=\"wp-block-paragraph\">Quando a umidade fica entre 21% e 30%, a Defesa Civil pode decretar o estado de aten\u00e7\u00e3o. Caso o indicador caia mais, pode ser decretado o estado de alerta, que ocorre com umidade entre 12% at\u00e9 20%, ou o estado de emerg\u00eancia, para \u00edndices abaixo dos 12%.<\/p>\n<p class=\"wp-block-paragraph\">Saiba mais detalhes de acordo com o boletim meteorol\u00f3gico do Instituto Nacional de Meteorologia (Inmet) para esta segunda-feira (31) em cada regi\u00e3o do pa\u00eds:<\/p>\n<h2 id=\"h-regiao-nordeste\" class=\"wp-block-heading\">Regi\u00e3o Nordeste<\/h2>\n<p class=\"wp-block-paragraph\">Ocorrem pancadas de chuva isoladas no litoral leste (pegando do litoral norte da Bahia at\u00e9 o Rio Grande do Norte, incluindo Sergipe, Alagoas, Pernambuco e Para\u00edba) e no agreste desses estados. O centro-norte do Cear\u00e1, norte do Piau\u00ed e Maranh\u00e3o, e o litoral sul da Bahia ficam com muitas nuvens, mas sem chuva. C\u00e9u com poucas nuvens em grande parte da Bahia, oeste de Pernambuco e da Para\u00edba, sul do Cear\u00e1 e centro-sul do Piau\u00ed e Maranh\u00e3o. Temperaturas em eleva\u00e7\u00e3o no interior do Nordeste. A m\u00e1xima pode chegar a 39\u00ba C em Teresina, enquanto a m\u00ednima prevista (21\u00baC) entre as capitais nordestinas podem ocorrer em Salvador e Macei\u00f3.<\/p>\n<h2 id=\"h-regiao-sul-nbsp\" class=\"wp-block-heading\">Regi\u00e3o Sul\u00a0<\/h2>\n<p class=\"wp-block-paragraph\">As chuvas n\u00e3o d\u00e3o tr\u00e9gua e espera-se grandes contrastes de temperatura entre os estados da regi\u00e3o. Ocorrem chuvas com trovoadas desde o centro-sul e oeste do Paran\u00e1 at\u00e9 o sul do Rio Grande do Sul. H\u00e1 c\u00e9u encoberto com temporais no sul do Paran\u00e1, em todo o estado de Santa Catarina e no centro-norte do Rio Grande do Sul, incluindo Porto Alegre.\u00a0<strong>O Inmet mant\u00e9m para esta segunda-feira o aviso laranja de perigo para tempestades em todo o estado de Santa Catarina, norte e oeste do Rio Grande do Sul e tamb\u00e9m para o leste e o centro do Paran\u00e1. Curitiba pode atingir 35\u00b0C, enquanto Porto Alegre n\u00e3o passa dos 19\u00b0C.<\/strong><\/p>\n<h2 id=\"h-regiao-norte\" class=\"wp-block-heading\">Regi\u00e3o Norte<\/h2>\n<p class=\"wp-block-paragraph\">Aumento da instabilidade com pancadas de chuva e trovoadas isoladas no oeste e norte do Amazonas. Chuvas isoladas tamb\u00e9m no Acre, nas demais \u00e1reas do Amazonas, e no centro-oeste e norte de Rond\u00f4nia e Roraima. Sol e poucas nuvens no Tocantins e centro-sul do Par\u00e1. Forte calor \u00e0 tarde, com m\u00e1ximas de at\u00e9 37\u00b0C em Manaus, 39\u00b0C em Palmas e 41\u00b0C em Porto Velho. A m\u00ednima prevista entre as capitais da regi\u00e3o dever\u00e1 ocorrer em Rio Branco (AC), onde a temperatura pode atingir os 22\u00baC.<\/p>\n<h2 id=\"h-regiao-centro-oeste\" class=\"wp-block-heading\">Regi\u00e3o Centro-Oeste<\/h2>\n<p class=\"wp-block-paragraph\">As pancadas de chuva se espalham por Mato Grosso do Sul (apenas o nordeste do estado fica sem chuva, com muitas nuvens). Muitas nuvens tamb\u00e9m no noroeste, oeste e sul de Mato Grosso e no sul de Goi\u00e1s. Sol e poucas nuvens nas demais \u00e1reas.\u00a0<strong>Nas \u00e1reas onde predomina o tempo seco, como o Distrito Federal, a tend\u00eancia \u00e9 forte eleva\u00e7\u00e3o das temperaturas, com possibilidade de a temperatura m\u00e1xima chegar a 41\u00baC em Cuiab\u00e1<\/strong><\/p>\n<h2 id=\"h-regiao-sudeste\" class=\"wp-block-heading\">Regi\u00e3o Sudeste<\/h2>\n<p class=\"wp-block-paragraph\">Muitas nuvens no sul e oeste de Minas Gerais e em S\u00e3o Paulo, com possibilidade de chuvas isoladas no oeste, centro e sul paulista. C\u00e9u com poucas nuvens nas demais \u00e1reas.<strong>\u00a0O calor continua intenso na capital paulista, com m\u00e1xima de 36\u00b0C.<\/strong><\/p>\n<p class=\"wp-block-paragraph\"><em>Siga o Acorda Cidade no\u00a0<\/em><a href=\"https:\/\/news.google.com\/search?q=acorda%20cidade&amp;hl=pt-BR&amp;gl=BR&amp;ceid=BR%3Apt-419\"><strong><em>Google Not\u00edcias<\/em><\/strong><\/a><em>\u00a0e receba os principais destaques do dia. Participe tamb\u00e9m dos nossos canais no\u00a0<\/em><a href=\"https:\/\/www.whatsapp.com\/channel\/0029Va6Rb4v3WHTNnsh8WI3N\"><strong><em>WhatsApp<\/em><\/strong><\/a><em>\u00a0e\u00a0<\/em><a href=\"https:\/\/www.youtube.com\/@acordacidadenoticias\/videos\"><strong>YouTube<\/strong><\/a><em>\u00a0e do grupo no\u00a0<\/em><a href=\"https:\/\/t.me\/+sSz0khrgARA0ZmRh\"><strong><em>Telegram<\/em><\/strong><\/a><em>.<\/em><\/p>\n<p class=\"wp-block-paragraph\">\n<\/div>\n","protected":false},"excerpt":{"rendered":"<p>Pra\u00e7a das Palmeiras no Centro de Concei\u00e7\u00e3o do Jacu\u00edpe (Berimbau) | Foto: Jefferson Ara\u00fajo \/<\/p>\n","protected":false},"author":1,"featured_media":148156,"comment_status":"closed","ping_status":"closed","sticky":false,"template":"","format":"gallery","meta":{"footnotes":""},"categories":[8,9,6,57,56,10],"tags":[],"class_list":["post-148155","post","type-post","status-publish","format-gallery","has-post-thumbnail","hentry","category-bahia","category-brasil","category-feira-de-santana","category-mundo","category-policia","category-politica","post_format-post-format-gallery"],"featured_image_urls":{"full":["https:\/\/noticiasbahia360.com.br\/wp-content\/uploads\/2026\/08\/arvore-praca-lazer-natureca-parque-brinquedos-Conceicao-do-Jacuipe-Berimbau-Foto-Jefferson-Araujo-Acorda-Cidade-.jpg",1200,675,false],"thumbnail":["https:\/\/noticiasbahia360.com.br\/wp-content\/uploads\/2026\/08\/arvore-praca-lazer-natureca-parque-brinquedos-Conceicao-do-Jacuipe-Berimbau-Foto-Jefferson-Araujo-Acorda-Cidade--150x150.jpg",150,150,true],"medium":["https:\/\/noticiasbahia360.com.br\/wp-content\/uploads\/2026\/08\/arvore-praca-lazer-natureca-parque-brinquedos-Conceicao-do-Jacuipe-Berimbau-Foto-Jefferson-Araujo-Acorda-Cidade--300x169.jpg",300,169,true],"medium_large":["https:\/\/noticiasbahia360.com.br\/wp-content\/uploads\/2026\/08\/arvore-praca-lazer-natureca-parque-brinquedos-Conceicao-do-Jacuipe-Berimbau-Foto-Jefferson-Araujo-Acorda-Cidade--768x432.jpg",640,360,true],"large":["https:\/\/noticiasbahia360.com.br\/wp-content\/uploads\/2026\/08\/arvore-praca-lazer-natureca-parque-brinquedos-Conceicao-do-Jacuipe-Berimbau-Foto-Jefferson-Araujo-Acorda-Cidade--1024x576.jpg",640,360,true],"1536x1536":["https:\/\/noticiasbahia360.com.br\/wp-content\/uploads\/2026\/08\/arvore-praca-lazer-natureca-parque-brinquedos-Conceicao-do-Jacuipe-Berimbau-Foto-Jefferson-Araujo-Acorda-Cidade-.jpg",1200,675,false],"2048x2048":["https:\/\/noticiasbahia360.com.br\/wp-content\/uploads\/2026\/08\/arvore-praca-lazer-natureca-parque-brinquedos-Conceicao-do-Jacuipe-Berimbau-Foto-Jefferson-Araujo-Acorda-Cidade-.jpg",1200,675,false],"chromenews-featured":["https:\/\/noticiasbahia360.com.br\/wp-content\/uploads\/2026\/08\/arvore-praca-lazer-natureca-parque-brinquedos-Conceicao-do-Jacuipe-Berimbau-Foto-Jefferson-Araujo-Acorda-Cidade--1024x576.jpg",1024,576,true],"chromenews-large":["https:\/\/noticiasbahia360.com.br\/wp-content\/uploads\/2026\/08\/arvore-praca-lazer-natureca-parque-brinquedos-Conceicao-do-Jacuipe-Berimbau-Foto-Jefferson-Araujo-Acorda-Cidade--825x575.jpg",825,575,true],"chromenews-medium":["https:\/\/noticiasbahia360.com.br\/wp-content\/uploads\/2026\/08\/arvore-praca-lazer-natureca-parque-brinquedos-Conceicao-do-Jacuipe-Berimbau-Foto-Jefferson-Araujo-Acorda-Cidade--590x410.jpg",590,410,true]},"author_info":{"display_name":"noticiasbahia360.com.br","author_link":"https:\/\/noticiasbahia360.com.br\/?author=1"},"category_info":"<a href=\"https:\/\/noticiasbahia360.com.br\/?cat=8\" rel=\"category\">Bahia<\/a> <a href=\"https:\/\/noticiasbahia360.com.br\/?cat=9\" rel=\"category\">Brasil<\/a> <a href=\"https:\/\/noticiasbahia360.com.br\/?cat=6\" rel=\"category\">Feira de Santana<\/a> <a href=\"https:\/\/noticiasbahia360.com.br\/?cat=57\" rel=\"category\">Mundo<\/a> <a href=\"https:\/\/noticiasbahia360.com.br\/?cat=56\" rel=\"category\">Pol\u00edcia<\/a> <a href=\"https:\/\/noticiasbahia360.com.br\/?cat=10\" rel=\"category\">Pol\u00edtica<\/a>","tag_info":"Pol\u00edtica","comment_count":"0","_links":{"self":[{"href":"https:\/\/noticiasbahia360.com.br\/index.php?rest_route=\/wp\/v2\/posts\/148155","targetHints":{"allow":["GET"]}}],"collection":[{"href":"https:\/\/noticiasbahia360.com.br\/index.php?rest_route=\/wp\/v2\/posts"}],"about":[{"href":"https:\/\/noticiasbahia360.com.br\/index.php?rest_route=\/wp\/v2\/types\/post"}],"author":[{"embeddable":true,"href":"https:\/\/noticiasbahia360.com.br\/index.php?rest_route=\/wp\/v2\/users\/1"}],"replies":[{"embeddable":true,"href":"https:\/\/noticiasbahia360.com.br\/index.php?rest_route=%2Fwp%2Fv2%2Fcomments&post=148155"}],"version-history":[{"count":0,"href":"https:\/\/noticiasbahia360.com.br\/index.php?rest_route=\/wp\/v2\/posts\/148155\/revisions"}],"wp:featuredmedia":[{"embeddable":true,"href":"https:\/\/noticiasbahia360.com.br\/index.php?rest_route=\/wp\/v2\/media\/148156"}],"wp:attachment":[{"href":"https:\/\/noticiasbahia360.com.br\/index.php?rest_route=%2Fwp%2Fv2%2Fmedia&parent=148155"}],"wp:term":[{"taxonomy":"category","embeddable":true,"href":"https:\/\/noticiasbahia360.com.br\/index.php?rest_route=%2Fwp%2Fv2%2Fcategories&post=148155"},{"taxonomy":"post_tag","embeddable":true,"href":"https:\/\/noticiasbahia360.com.br\/index.php?rest_route=%2Fwp%2Fv2%2Ftags&post=148155"}],"curies":[{"name":"wp","href":"https:\/\/api.w.org\/{rel}","templated":true}]}}