{"id":148157,"date":"2026-08-31T15:02:12","date_gmt":"2026-08-31T18:02:12","guid":{"rendered":"https:\/\/noticiasbahia360.com.br\/?p=148157"},"modified":"2026-08-31T15:02:12","modified_gmt":"2026-08-31T18:02:12","slug":"mais-de-32-mil-caes-e-gatos-ja-foram-vacinados-contra-a-raiva-em-feira-de-santana","status":"publish","type":"post","link":"https:\/\/noticiasbahia360.com.br\/?p=148157","title":{"rendered":"Mais de 32 mil c\u00e3es e gatos j\u00e1 foram vacinados contra a raiva em Feira de Santana"},"content":{"rendered":"<div>\n<div>\n<figure><img decoding=\"async\" src=\"http:\/\/noticiasbahia360.com.br\/wp-content\/uploads\/2026\/08\/caes-sendo-vacinados.jpg\" alt=\"c\u00e3es sendo vacinados\"><figcaption>Foto: Abra\u00e3o Melo<\/figcaption><\/figure>\n<\/div>\n<p class=\"wp-block-paragraph\">Feira de Santana j\u00e1 imunizou 32.295 c\u00e3es e gatos contra a raiva, o que corresponde a 55% da meta de aproximadamente 58,7 mil animais prevista para o munic\u00edpio. A campanha nacional de vacina\u00e7\u00e3o antirr\u00e1bica teve in\u00edcio em 25 de julho e segue com mobiliza\u00e7\u00f5es para ampliar a cobertura vacinal entre c\u00e3es e gatos.<\/p>\n<p class=\"wp-block-paragraph\">Somente no \u00faltimo s\u00e1bado (29), as equipes da Unidade de Vigil\u00e2ncia de Zoonoses (UVZ) aplicaram 4.039 doses. A vacina\u00e7\u00e3o foi concentrada nos bairros Asa Branca, Campo do Gado Novo, Gabriela, Nova Esperan\u00e7a, Pampalona, Muchila, Tomba, SIM e Serraria Brasil, al\u00e9m de um ponto instalado na Faculdade Unex.<\/p>\n<p class=\"wp-block-paragraph\">A vacina\u00e7\u00e3o contra a raiva \u00e9 uma importante estrat\u00e9gia de prote\u00e7\u00e3o da sa\u00fade animal e da popula\u00e7\u00e3o, j\u00e1 que a doen\u00e7a pode ser transmitida aos seres humanos por meio da saliva de animais infectados, principalmente em casos de mordidas e arranh\u00f5es.<\/p>\n<p class=\"wp-block-paragraph\">Al\u00e9m das mobiliza\u00e7\u00f5es realizadas aos s\u00e1bados, a vacina permanece dispon\u00edvel de segunda a sexta-feira, das 8h \u00e0s 16h, na Unidade de Vigil\u00e2ncia de Zoonoses, localizada na Avenida Eduardo Fr\u00f3es da Mota (Anel de Contorno), s\/n, no bairro Pedra do Descanso.<\/p>\n<p class=\"wp-block-paragraph\">\u201cIndependentemente do per\u00edodo da campanha, os tutores devem manter a vacina\u00e7\u00e3o dos seus animais sempre em dia. A prote\u00e7\u00e3o contra a raiva \u00e9 necess\u00e1ria e deve ser garantida todos os anos\u201d, destaca o coordenador da Unidade de Vigil\u00e2ncia de Zoonoses, Gabriel Cavalcante.<\/p>\n<p class=\"wp-block-paragraph\">No dia 12, pr\u00f3ximo e \u00faltimo s\u00e1bado de mobiliza\u00e7\u00e3o, a vacina\u00e7\u00e3o estar\u00e1 concentrada nos bairros Bara\u00fana, Calumbi, Centro, Rua Nova, Jardim Cruzeiro e Sobradinho, ampliando o acesso dos tutores \u00e0 imuniza\u00e7\u00e3o.<\/p>\n<p class=\"wp-block-paragraph\"><em>As informa\u00e7\u00f5es s\u00e3o da Secretaria de Comunica\u00e7\u00e3o Social de Feira de Santana (Secom).<\/em><\/p>\n<p class=\"wp-block-paragraph\"><em>Siga o Acorda Cidade no\u00a0<\/em><a href=\"https:\/\/news.google.com\/search?q=acorda%20cidade&amp;hl=pt-BR&amp;gl=BR&amp;ceid=BR%3Apt-419\"><strong><em>Google Not\u00edcias<\/em><\/strong><\/a><em>\u00a0e receba os principais destaques do dia. Participe tamb\u00e9m dos nossos canais no\u00a0<\/em><a href=\"https:\/\/www.whatsapp.com\/channel\/0029Va6Rb4v3WHTNnsh8WI3N\"><strong><em>WhatsApp<\/em><\/strong><\/a><em>\u00a0e\u00a0<\/em><a href=\"https:\/\/www.youtube.com\/@acordacidadenoticias\/videos\"><strong>YouTube<\/strong><\/a><em>\u00a0e do grupo no\u00a0<\/em><a href=\"https:\/\/t.me\/+sSz0khrgARA0ZmRh\"><strong><em>Telegram<\/em><\/strong><\/a><em>.<\/em><\/p>\n<\/div>\n","protected":false},"excerpt":{"rendered":"<p>Foto: Abra\u00e3o Melo Feira de Santana j\u00e1 imunizou 32.295 c\u00e3es e gatos contra a raiva,<\/p>\n","protected":false},"author":1,"featured_media":148158,"comment_status":"closed","ping_status":"closed","sticky":false,"template":"","format":"gallery","meta":{"footnotes":""},"categories":[8,9,6,57,56,10],"tags":[],"class_list":["post-148157","post","type-post","status-publish","format-gallery","has-post-thumbnail","hentry","category-bahia","category-brasil","category-feira-de-santana","category-mundo","category-policia","category-politica","post_format-post-format-gallery"],"featured_image_urls":{"full":["https:\/\/noticiasbahia360.com.br\/wp-content\/uploads\/2026\/08\/caes-sendo-vacinados.jpg",1306,870,false],"thumbnail":["https:\/\/noticiasbahia360.com.br\/wp-content\/uploads\/2026\/08\/caes-sendo-vacinados-150x150.jpg",150,150,true],"medium":["https:\/\/noticiasbahia360.com.br\/wp-content\/uploads\/2026\/08\/caes-sendo-vacinados-300x200.jpg",300,200,true],"medium_large":["https:\/\/noticiasbahia360.com.br\/wp-content\/uploads\/2026\/08\/caes-sendo-vacinados-768x512.jpg",640,427,true],"large":["https:\/\/noticiasbahia360.com.br\/wp-content\/uploads\/2026\/08\/caes-sendo-vacinados-1024x682.jpg",640,426,true],"1536x1536":["https:\/\/noticiasbahia360.com.br\/wp-content\/uploads\/2026\/08\/caes-sendo-vacinados.jpg",1306,870,false],"2048x2048":["https:\/\/noticiasbahia360.com.br\/wp-content\/uploads\/2026\/08\/caes-sendo-vacinados.jpg",1306,870,false],"chromenews-featured":["https:\/\/noticiasbahia360.com.br\/wp-content\/uploads\/2026\/08\/caes-sendo-vacinados-1024x682.jpg",1024,682,true],"chromenews-large":["https:\/\/noticiasbahia360.com.br\/wp-content\/uploads\/2026\/08\/caes-sendo-vacinados-825x575.jpg",825,575,true],"chromenews-medium":["https:\/\/noticiasbahia360.com.br\/wp-content\/uploads\/2026\/08\/caes-sendo-vacinados-590x410.jpg",590,410,true]},"author_info":{"display_name":"noticiasbahia360.com.br","author_link":"https:\/\/noticiasbahia360.com.br\/?author=1"},"category_info":"<a href=\"https:\/\/noticiasbahia360.com.br\/?cat=8\" rel=\"category\">Bahia<\/a> <a href=\"https:\/\/noticiasbahia360.com.br\/?cat=9\" rel=\"category\">Brasil<\/a> <a href=\"https:\/\/noticiasbahia360.com.br\/?cat=6\" rel=\"category\">Feira de Santana<\/a> <a href=\"https:\/\/noticiasbahia360.com.br\/?cat=57\" rel=\"category\">Mundo<\/a> <a href=\"https:\/\/noticiasbahia360.com.br\/?cat=56\" rel=\"category\">Pol\u00edcia<\/a> <a href=\"https:\/\/noticiasbahia360.com.br\/?cat=10\" rel=\"category\">Pol\u00edtica<\/a>","tag_info":"Pol\u00edtica","comment_count":"0","_links":{"self":[{"href":"https:\/\/noticiasbahia360.com.br\/index.php?rest_route=\/wp\/v2\/posts\/148157","targetHints":{"allow":["GET"]}}],"collection":[{"href":"https:\/\/noticiasbahia360.com.br\/index.php?rest_route=\/wp\/v2\/posts"}],"about":[{"href":"https:\/\/noticiasbahia360.com.br\/index.php?rest_route=\/wp\/v2\/types\/post"}],"author":[{"embeddable":true,"href":"https:\/\/noticiasbahia360.com.br\/index.php?rest_route=\/wp\/v2\/users\/1"}],"replies":[{"embeddable":true,"href":"https:\/\/noticiasbahia360.com.br\/index.php?rest_route=%2Fwp%2Fv2%2Fcomments&post=148157"}],"version-history":[{"count":0,"href":"https:\/\/noticiasbahia360.com.br\/index.php?rest_route=\/wp\/v2\/posts\/148157\/revisions"}],"wp:featuredmedia":[{"embeddable":true,"href":"https:\/\/noticiasbahia360.com.br\/index.php?rest_route=\/wp\/v2\/media\/148158"}],"wp:attachment":[{"href":"https:\/\/noticiasbahia360.com.br\/index.php?rest_route=%2Fwp%2Fv2%2Fmedia&parent=148157"}],"wp:term":[{"taxonomy":"category","embeddable":true,"href":"https:\/\/noticiasbahia360.com.br\/index.php?rest_route=%2Fwp%2Fv2%2Fcategories&post=148157"},{"taxonomy":"post_tag","embeddable":true,"href":"https:\/\/noticiasbahia360.com.br\/index.php?rest_route=%2Fwp%2Fv2%2Ftags&post=148157"}],"curies":[{"name":"wp","href":"https:\/\/api.w.org\/{rel}","templated":true}]}}