{"id":148159,"date":"2026-08-31T16:04:01","date_gmt":"2026-08-31T19:04:01","guid":{"rendered":"https:\/\/noticiasbahia360.com.br\/?p=148159"},"modified":"2026-08-31T16:04:01","modified_gmt":"2026-08-31T19:04:01","slug":"ex-jogador-do-bahia-e-alvo-de-operacao-contra-trafico-de-drogas-e-armas","status":"publish","type":"post","link":"https:\/\/noticiasbahia360.com.br\/?p=148159","title":{"rendered":"Ex-jogador do Bahia \u00e9 alvo de opera\u00e7\u00e3o contra tr\u00e1fico de drogas e armas"},"content":{"rendered":"<div>\n<div>\n<figure><img decoding=\"async\" src=\"http:\/\/noticiasbahia360.com.br\/wp-content\/uploads\/2026\/08\/Hayner-Foto-Instagram-hayner_27.jpg\" alt=\"Hayner\"><figcaption>Hayner | Foto: Instagram\/ @hayner_27<\/figcaption><\/figure>\n<\/div>\n<p class=\"wp-block-paragraph\">O lateral-direito Hayner, ex-jogador do Esporte Clube Bahia, foi um dos alvos da opera\u00e7\u00e3o da Pol\u00edcia Civil do Esp\u00edrito Santo contra uma organiza\u00e7\u00e3o criminosa ligada ao tr\u00e1fico de drogas e armas. Como j\u00e1 divulgado pelo Acorda Cidade, al\u00e9m dele, <a href=\"https:\/\/www.acordacidade.com.br\/brasil\/ex-jogador-do-vitoria-e-alvo-de-buscas-em-investigacao-sobre-trafico-de-drogas-e-armas\/\">a investiga\u00e7\u00e3o inclui o atacante David Corr\u00eaa, do Vasco e ex-Vit\u00f3ria. <\/a><\/p>\n<p class=\"wp-block-paragraph\">Segundo informa\u00e7\u00f5es do <a href=\"https:\/\/www.bahianoticias.com.br\/esportes\/noticia\/80072-ex-bahia-hayner-tambem-e-alvo-de-investigacao-por-trafico-de-drogas-e-armas\" target=\"_blank\" rel=\"noreferrer noopener\">Bahia Not\u00edcias<\/a>, parceiro do Acorda Cidade, Hayner, atualmente emprestado pelo Santos ao Vila Nova, foi alvo de mandado de busca e apreens\u00e3o nesta segunda-feira (31).<\/p>\n<p class=\"wp-block-paragraph\">A opera\u00e7\u00e3o cumpre 15 mandados de busca e apreens\u00e3o e quatro de pris\u00e3o preventiva no Esp\u00edrito Santo, Rio de Janeiro, Goi\u00e1s e Distrito Federal. Cerca de 100 policiais civis, 38 viaturas e dois helic\u00f3pteros participam da a\u00e7\u00e3o.<\/p>\n<p class=\"wp-block-paragraph\">Os investigadores teriam chegado aos nomes dos jogadores a partir da an\u00e1lise de mensagens encontradas em celulares apreendidos no decorrer na opera\u00e7\u00e3o. No entanto, como o inqu\u00e9rito corre sob sigilo, a Pol\u00edcia Civil ainda n\u00e3o detalhou quais suspeitas s\u00e3o atribu\u00eddas individualmente a David e Hayner.<\/p>\n<p class=\"wp-block-paragraph\">Os agentes realizaram as buscas na resid\u00eancia de David, na Barra da Tijuca, e em espa\u00e7os  utilizados por ele no CT Moacyr Barbosa, do Vasco. Celular, computadores e documentos foram recolhidos na casa do atacante.<\/p>\n<p class=\"wp-block-paragraph\">No caso do Hayner, os mandados foram cumpridos em Goi\u00e2nia, em endere\u00e7os ligados ao jogador. Ele pertence ao Santos e joga emprestado ao Vila Nova, time do estado de Goi\u00e1s, at\u00e9 o fim da temporada 2026.<\/p>\n<h2 id=\"h-passagem-pelo-bahia\" class=\"wp-block-heading\">Passagem pelo Bahia<\/h2>\n<p class=\"wp-block-paragraph\">Hayner jogou pelo Bahia entre os anos de 2015 e 2016, depois de iniciar a forma\u00e7\u00e3o no Rio Branco, no Esp\u00edrito Santo. Ap\u00f3s sair do time baiano, o lateral-direito passou por clubes como  N\u00e1utico, Paysandu, Novorizontino, Cuiab\u00e1, Sport, Atl\u00e9tico-GO, Coritiba e Santos, al\u00e9m de experi\u00eancias no exterior.<\/p>\n<p class=\"wp-block-paragraph\"><strong>Leia tamb\u00e9m: <a href=\"https:\/\/www.acordacidade.com.br\/brasil\/ex-jogador-do-vitoria-e-alvo-de-buscas-em-investigacao-sobre-trafico-de-drogas-e-armas\/\">Ex-jogador do Vit\u00f3ria \u00e9 alvo de buscas em investiga\u00e7\u00e3o sobre tr\u00e1fico de drogas e armas<\/a><\/strong><\/p>\n<p class=\"wp-block-paragraph\"><em>Siga o Acorda Cidade no\u00a0<\/em><a href=\"https:\/\/news.google.com\/search?q=acorda%20cidade&amp;hl=pt-BR&amp;gl=BR&amp;ceid=BR%3Apt-419\"><strong><em>Google Not\u00edcias<\/em><\/strong><\/a><em>\u00a0e receba os principais destaques do dia. Participe tamb\u00e9m dos nossos canais no\u00a0<\/em><a href=\"https:\/\/www.whatsapp.com\/channel\/0029Va6Rb4v3WHTNnsh8WI3N\"><strong><em>WhatsApp<\/em><\/strong><\/a><em>\u00a0e\u00a0<\/em><a href=\"https:\/\/www.youtube.com\/@acordacidadenoticias\/videos\"><strong>YouTube<\/strong><\/a><em>\u00a0e do grupo no\u00a0<\/em><a href=\"https:\/\/t.me\/+sSz0khrgARA0ZmRh\"><strong><em>Telegram<\/em><\/strong><\/a><em>.<\/em><\/p>\n<\/div>\n","protected":false},"excerpt":{"rendered":"<p>Hayner | Foto: Instagram\/ @hayner_27 O lateral-direito Hayner, ex-jogador do Esporte Clube Bahia, foi um<\/p>\n","protected":false},"author":1,"featured_media":148160,"comment_status":"closed","ping_status":"closed","sticky":false,"template":"","format":"gallery","meta":{"footnotes":""},"categories":[8,9,6,57,56,10],"tags":[],"class_list":["post-148159","post","type-post","status-publish","format-gallery","has-post-thumbnail","hentry","category-bahia","category-brasil","category-feira-de-santana","category-mundo","category-policia","category-politica","post_format-post-format-gallery"],"featured_image_urls":{"full":["https:\/\/noticiasbahia360.com.br\/wp-content\/uploads\/2026\/08\/Hayner-Foto-Instagram-hayner_27.jpg",1200,630,false],"thumbnail":["https:\/\/noticiasbahia360.com.br\/wp-content\/uploads\/2026\/08\/Hayner-Foto-Instagram-hayner_27-150x150.jpg",150,150,true],"medium":["https:\/\/noticiasbahia360.com.br\/wp-content\/uploads\/2026\/08\/Hayner-Foto-Instagram-hayner_27-300x158.jpg",300,158,true],"medium_large":["https:\/\/noticiasbahia360.com.br\/wp-content\/uploads\/2026\/08\/Hayner-Foto-Instagram-hayner_27-768x403.jpg",640,336,true],"large":["https:\/\/noticiasbahia360.com.br\/wp-content\/uploads\/2026\/08\/Hayner-Foto-Instagram-hayner_27-1024x538.jpg",640,336,true],"1536x1536":["https:\/\/noticiasbahia360.com.br\/wp-content\/uploads\/2026\/08\/Hayner-Foto-Instagram-hayner_27.jpg",1200,630,false],"2048x2048":["https:\/\/noticiasbahia360.com.br\/wp-content\/uploads\/2026\/08\/Hayner-Foto-Instagram-hayner_27.jpg",1200,630,false],"chromenews-featured":["https:\/\/noticiasbahia360.com.br\/wp-content\/uploads\/2026\/08\/Hayner-Foto-Instagram-hayner_27-1024x538.jpg",1024,538,true],"chromenews-large":["https:\/\/noticiasbahia360.com.br\/wp-content\/uploads\/2026\/08\/Hayner-Foto-Instagram-hayner_27-825x575.jpg",825,575,true],"chromenews-medium":["https:\/\/noticiasbahia360.com.br\/wp-content\/uploads\/2026\/08\/Hayner-Foto-Instagram-hayner_27-590x410.jpg",590,410,true]},"author_info":{"display_name":"noticiasbahia360.com.br","author_link":"https:\/\/noticiasbahia360.com.br\/?author=1"},"category_info":"<a href=\"https:\/\/noticiasbahia360.com.br\/?cat=8\" rel=\"category\">Bahia<\/a> <a href=\"https:\/\/noticiasbahia360.com.br\/?cat=9\" rel=\"category\">Brasil<\/a> <a href=\"https:\/\/noticiasbahia360.com.br\/?cat=6\" rel=\"category\">Feira de Santana<\/a> <a href=\"https:\/\/noticiasbahia360.com.br\/?cat=57\" rel=\"category\">Mundo<\/a> <a href=\"https:\/\/noticiasbahia360.com.br\/?cat=56\" rel=\"category\">Pol\u00edcia<\/a> <a href=\"https:\/\/noticiasbahia360.com.br\/?cat=10\" rel=\"category\">Pol\u00edtica<\/a>","tag_info":"Pol\u00edtica","comment_count":"0","_links":{"self":[{"href":"https:\/\/noticiasbahia360.com.br\/index.php?rest_route=\/wp\/v2\/posts\/148159","targetHints":{"allow":["GET"]}}],"collection":[{"href":"https:\/\/noticiasbahia360.com.br\/index.php?rest_route=\/wp\/v2\/posts"}],"about":[{"href":"https:\/\/noticiasbahia360.com.br\/index.php?rest_route=\/wp\/v2\/types\/post"}],"author":[{"embeddable":true,"href":"https:\/\/noticiasbahia360.com.br\/index.php?rest_route=\/wp\/v2\/users\/1"}],"replies":[{"embeddable":true,"href":"https:\/\/noticiasbahia360.com.br\/index.php?rest_route=%2Fwp%2Fv2%2Fcomments&post=148159"}],"version-history":[{"count":0,"href":"https:\/\/noticiasbahia360.com.br\/index.php?rest_route=\/wp\/v2\/posts\/148159\/revisions"}],"wp:featuredmedia":[{"embeddable":true,"href":"https:\/\/noticiasbahia360.com.br\/index.php?rest_route=\/wp\/v2\/media\/148160"}],"wp:attachment":[{"href":"https:\/\/noticiasbahia360.com.br\/index.php?rest_route=%2Fwp%2Fv2%2Fmedia&parent=148159"}],"wp:term":[{"taxonomy":"category","embeddable":true,"href":"https:\/\/noticiasbahia360.com.br\/index.php?rest_route=%2Fwp%2Fv2%2Fcategories&post=148159"},{"taxonomy":"post_tag","embeddable":true,"href":"https:\/\/noticiasbahia360.com.br\/index.php?rest_route=%2Fwp%2Fv2%2Ftags&post=148159"}],"curies":[{"name":"wp","href":"https:\/\/api.w.org\/{rel}","templated":true}]}}