{"id":148161,"date":"2026-08-31T16:04:03","date_gmt":"2026-08-31T19:04:03","guid":{"rendered":"https:\/\/noticiasbahia360.com.br\/?p=148161"},"modified":"2026-08-31T16:04:03","modified_gmt":"2026-08-31T19:04:03","slug":"sus-amplia-tratamento-contra-cancer-de-pulmao-com-tres-novos-medicamentos","status":"publish","type":"post","link":"https:\/\/noticiasbahia360.com.br\/?p=148161","title":{"rendered":"SUS amplia tratamento contra c\u00e2ncer de pulm\u00e3o com tr\u00eas novos medicamentos"},"content":{"rendered":"<div>\n<div>\n<figure><img decoding=\"async\" src=\"http:\/\/noticiasbahia360.com.br\/wp-content\/uploads\/2026\/08\/atendimento-no-SUS-1.jpg\" alt=\"SUS medicamentos\"><figcaption>Foto: Fernando Fraz\u00e3o\/Ag\u00eancia Brasil<\/figcaption><\/figure>\n<\/div>\n<p class=\"wp-block-paragraph\">Ag\u00eancia Brasil- <strong>Tr\u00eas novos medicamentos para o tratamento de c\u00e2ncer de pulm\u00e3o ser\u00e3o disponibilizados a pacientes em tratamento no Sistema \u00danico de Sa\u00fade (SUS) a partir de outubro. S\u00e3o eles o brigatinibe, o gefitinibe e o durvalumabe.\u00a0<\/strong><img decoding=\"async\" src=\"https:\/\/agenciabrasil.ebc.com.br\/ebc.png?id=1701107&amp;o=node\"><img decoding=\"async\" src=\"https:\/\/agenciabrasil.ebc.com.br\/ebc.gif?id=1701107&amp;o=node\"><\/p>\n<p class=\"wp-block-paragraph\">De acordo com o Minist\u00e9rio da Sa\u00fade, cerca de 1,9 mil pacientes devem ser atendidos.\u00a0<strong>Consideradas medica\u00e7\u00f5es de alta tecnologia, os rem\u00e9dios podem custar at\u00e9 R$ 643 mil por ano na rede privada.<\/strong>\u00a0\u00a0<\/p>\n<p class=\"wp-block-paragraph\">O brigatinibe e o gefitinibe s\u00e3o duas terapias-alvo orais\u00a0que atuam diretamente sobre altera\u00e7\u00f5es espec\u00edficas das c\u00e9lulas cancer\u00edgenas. Uma das vantagens \u00e9 que o rem\u00e9dio pode ser administrado na casa do paciente com menor incid\u00eancia de eventos adversos em compara\u00e7\u00e3o aos esquemas convencionais de quimioterapia.\u00a0<\/p>\n<p class=\"wp-block-paragraph\">O terceiro medicamento, o durvalumabe, estimula a capacidade do sistema imunol\u00f3gico de combater os tumores cancer\u00edgenos. Ele \u00e9 indicado para pacientes com c\u00e2ncer de pulm\u00e3o em est\u00e1gio 3, que n\u00e3o podem ser tratadas com cirurgia.<\/p>\n<p class=\"wp-block-paragraph\">\u201cO\u00a0tratamento demonstra ganhos na sobrevida global dos pacientes\u201d, segundo o minist\u00e9rio. \u00a0<\/p>\n<p class=\"wp-block-paragraph\"><strong>As medica\u00e7\u00f5es ser\u00e3o financiadas integralmente pelo governo federal a partir da implementa\u00e7\u00e3o da Assist\u00eancia Farmac\u00eautica Oncol\u00f3gica (AF-Onco), criada para ampliar a oferta de tratamentos pelo SUS.<\/strong><\/p>\n<p class=\"wp-block-paragraph\">De acordo com o minist\u00e9rio, ser\u00e3o ofertados por meio da AF-Onco 23 medicamentos oncol\u00f3gicos de alto custo, ampliando em 35% a oferta de tratamentos na rede p\u00fablica.\u00a0<\/p>\n<p class=\"wp-block-paragraph\"><strong>A estimativa \u00e9 de que mais de 100 mil pessoas sejam contempladas pela pol\u00edtica, com or\u00e7amento anual estimado em R$ 2,1 bilh\u00f5es.<\/strong>\u00a0\u00a0<\/p>\n<p class=\"wp-block-paragraph\"><em>Siga o Acorda Cidade no\u00a0<\/em><a href=\"https:\/\/news.google.com\/search?q=acorda%20cidade&amp;hl=pt-BR&amp;gl=BR&amp;ceid=BR%3Apt-419\"><strong><em>Google Not\u00edcias<\/em><\/strong><\/a><em>\u00a0e receba os principais destaques do dia. Participe tamb\u00e9m dos nossos canais no\u00a0<\/em><a href=\"https:\/\/www.whatsapp.com\/channel\/0029Va6Rb4v3WHTNnsh8WI3N\"><strong><em>WhatsApp<\/em><\/strong><\/a><em>\u00a0e\u00a0<\/em><a href=\"https:\/\/www.youtube.com\/@acordacidadenoticias\/videos\"><strong>YouTube<\/strong><\/a><em>\u00a0e do grupo no\u00a0<\/em><a href=\"https:\/\/t.me\/+sSz0khrgARA0ZmRh\"><strong><em>Telegram<\/em><\/strong><\/a><em>.<\/em><\/p>\n<\/div>\n","protected":false},"excerpt":{"rendered":"<p>Foto: Fernando Fraz\u00e3o\/Ag\u00eancia Brasil Ag\u00eancia Brasil- Tr\u00eas novos medicamentos para o tratamento de c\u00e2ncer de<\/p>\n","protected":false},"author":1,"featured_media":148162,"comment_status":"closed","ping_status":"closed","sticky":false,"template":"","format":"gallery","meta":{"footnotes":""},"categories":[8,9,6,57,56,10],"tags":[],"class_list":["post-148161","post","type-post","status-publish","format-gallery","has-post-thumbnail","hentry","category-bahia","category-brasil","category-feira-de-santana","category-mundo","category-policia","category-politica","post_format-post-format-gallery"],"featured_image_urls":{"full":["https:\/\/noticiasbahia360.com.br\/wp-content\/uploads\/2026\/08\/atendimento-no-SUS-1.jpg",1200,718,false],"thumbnail":["https:\/\/noticiasbahia360.com.br\/wp-content\/uploads\/2026\/08\/atendimento-no-SUS-1-150x150.jpg",150,150,true],"medium":["https:\/\/noticiasbahia360.com.br\/wp-content\/uploads\/2026\/08\/atendimento-no-SUS-1-300x180.jpg",300,180,true],"medium_large":["https:\/\/noticiasbahia360.com.br\/wp-content\/uploads\/2026\/08\/atendimento-no-SUS-1-768x460.jpg",640,383,true],"large":["https:\/\/noticiasbahia360.com.br\/wp-content\/uploads\/2026\/08\/atendimento-no-SUS-1-1024x613.jpg",640,383,true],"1536x1536":["https:\/\/noticiasbahia360.com.br\/wp-content\/uploads\/2026\/08\/atendimento-no-SUS-1.jpg",1200,718,false],"2048x2048":["https:\/\/noticiasbahia360.com.br\/wp-content\/uploads\/2026\/08\/atendimento-no-SUS-1.jpg",1200,718,false],"chromenews-featured":["https:\/\/noticiasbahia360.com.br\/wp-content\/uploads\/2026\/08\/atendimento-no-SUS-1-1024x613.jpg",1024,613,true],"chromenews-large":["https:\/\/noticiasbahia360.com.br\/wp-content\/uploads\/2026\/08\/atendimento-no-SUS-1-825x575.jpg",825,575,true],"chromenews-medium":["https:\/\/noticiasbahia360.com.br\/wp-content\/uploads\/2026\/08\/atendimento-no-SUS-1-590x410.jpg",590,410,true]},"author_info":{"display_name":"noticiasbahia360.com.br","author_link":"https:\/\/noticiasbahia360.com.br\/?author=1"},"category_info":"<a href=\"https:\/\/noticiasbahia360.com.br\/?cat=8\" rel=\"category\">Bahia<\/a> <a href=\"https:\/\/noticiasbahia360.com.br\/?cat=9\" rel=\"category\">Brasil<\/a> <a href=\"https:\/\/noticiasbahia360.com.br\/?cat=6\" rel=\"category\">Feira de Santana<\/a> <a href=\"https:\/\/noticiasbahia360.com.br\/?cat=57\" rel=\"category\">Mundo<\/a> <a href=\"https:\/\/noticiasbahia360.com.br\/?cat=56\" rel=\"category\">Pol\u00edcia<\/a> <a href=\"https:\/\/noticiasbahia360.com.br\/?cat=10\" rel=\"category\">Pol\u00edtica<\/a>","tag_info":"Pol\u00edtica","comment_count":"0","_links":{"self":[{"href":"https:\/\/noticiasbahia360.com.br\/index.php?rest_route=\/wp\/v2\/posts\/148161","targetHints":{"allow":["GET"]}}],"collection":[{"href":"https:\/\/noticiasbahia360.com.br\/index.php?rest_route=\/wp\/v2\/posts"}],"about":[{"href":"https:\/\/noticiasbahia360.com.br\/index.php?rest_route=\/wp\/v2\/types\/post"}],"author":[{"embeddable":true,"href":"https:\/\/noticiasbahia360.com.br\/index.php?rest_route=\/wp\/v2\/users\/1"}],"replies":[{"embeddable":true,"href":"https:\/\/noticiasbahia360.com.br\/index.php?rest_route=%2Fwp%2Fv2%2Fcomments&post=148161"}],"version-history":[{"count":0,"href":"https:\/\/noticiasbahia360.com.br\/index.php?rest_route=\/wp\/v2\/posts\/148161\/revisions"}],"wp:featuredmedia":[{"embeddable":true,"href":"https:\/\/noticiasbahia360.com.br\/index.php?rest_route=\/wp\/v2\/media\/148162"}],"wp:attachment":[{"href":"https:\/\/noticiasbahia360.com.br\/index.php?rest_route=%2Fwp%2Fv2%2Fmedia&parent=148161"}],"wp:term":[{"taxonomy":"category","embeddable":true,"href":"https:\/\/noticiasbahia360.com.br\/index.php?rest_route=%2Fwp%2Fv2%2Fcategories&post=148161"},{"taxonomy":"post_tag","embeddable":true,"href":"https:\/\/noticiasbahia360.com.br\/index.php?rest_route=%2Fwp%2Fv2%2Ftags&post=148161"}],"curies":[{"name":"wp","href":"https:\/\/api.w.org\/{rel}","templated":true}]}}