{"id":148163,"date":"2026-08-31T16:04:04","date_gmt":"2026-08-31T19:04:04","guid":{"rendered":"https:\/\/noticiasbahia360.com.br\/?p=148163"},"modified":"2026-08-31T16:04:04","modified_gmt":"2026-08-31T19:04:04","slug":"nova-caneta-com-principio-ativo-do-ozempic-e-aprovada-pela-anvisa","status":"publish","type":"post","link":"https:\/\/noticiasbahia360.com.br\/?p=148163","title":{"rendered":"Nova caneta com princ\u00edpio ativo do Ozempic \u00e9 aprovada pela Anvisa"},"content":{"rendered":"<div>\n<div>\n<figure><img decoding=\"async\" src=\"http:\/\/noticiasbahia360.com.br\/wp-content\/uploads\/2026\/08\/Ozempic.jpg\" alt=\"Ozempic\"><figcaption>Foto: Gabriel Ferreira\/ JC Imagem <\/figcaption><\/figure>\n<\/div>\n<p class=\"wp-block-paragraph\">Ag\u00eancia Brasil- <strong>A Ag\u00eancia Nacional de Vigil\u00e2ncia Sanit\u00e1ria (Anvisa) aprovou o registro de um novo medicamento da classe dos agonistas do receptor GLP 1, popularmente conhecidos como canetas emagrecedoras.<\/strong><img decoding=\"async\" src=\"https:\/\/agenciabrasil.ebc.com.br\/ebc.png?id=1701110&amp;o=node\"><img decoding=\"async\" src=\"https:\/\/agenciabrasil.ebc.com.br\/ebc.gif?id=1701110&amp;o=node\"><\/p>\n<p class=\"wp-block-paragraph\">O Ylum\u00e9c, produzido pela farmac\u00eautica EMS, tem como princ\u00edpio ativo a semaglutida, o mesmo do Ozempic, que\u00a0teve sua patente expirada\u00a0em 20 de mar\u00e7o.<\/p>\n<p class=\"wp-block-paragraph\">Em nota, a EMS informou que a\u00a0<strong>nova caneta \u00e9 indicada para o tratamento de adultos com diabetes tipo 2<\/strong>\u00a0e ser\u00e1 produzida na f\u00e1brica de pept\u00eddeos localizada no complexo de Hortol\u00e2ndia (SP).<\/p>\n<p class=\"wp-block-paragraph\">De acordo com o\u00a0<a href=\"https:\/\/www.in.gov.br\/web\/dou\/-\/resolucao-re-n-3.416-de-28-de-agosto-de-2026-729108803\" target=\"_blank\" rel=\"noreferrer noopener\">registro publicado no Di\u00e1rio Oficial<\/a>\u00a0da Uni\u00e3o, o Ylum\u00e9c foi classificado como medicamento similar e tem como refer\u00eancia o Ozivy, caneta de semaglutida desenvolvida pela EMS e\u00a0lan\u00e7ada em junho.<\/p>\n<p class=\"wp-block-paragraph\">O novo medicamento ser\u00e1 disponibilizado no formato de caneta aplicadora nas concentra\u00e7\u00f5es de 1,5 mililitro (ml), com quatro aplica\u00e7\u00f5es de 0,25 miligrama (mg) ou 0,5 mg; e de 3 ml, com quatro aplica\u00e7\u00f5es de 1 mg ou 2 mg.<\/p>\n<p class=\"wp-block-paragraph\">\u201cA partir do novo registro de semaglutida, entram agora em pauta defini\u00e7\u00f5es estrat\u00e9gicas relacionadas ao planejamento comercial, pre\u00e7o e cronograma para o lan\u00e7amento\u201d, concluiu a EMS na nota.<\/p>\n<p class=\"wp-block-paragraph\"><em>Siga o Acorda Cidade no\u00a0<\/em><a href=\"https:\/\/news.google.com\/search?q=acorda%20cidade&amp;hl=pt-BR&amp;gl=BR&amp;ceid=BR%3Apt-419\"><strong><em>Google Not\u00edcias<\/em><\/strong><\/a><em>\u00a0e receba os principais destaques do dia. Participe tamb\u00e9m dos nossos canais no\u00a0<\/em><a href=\"https:\/\/www.whatsapp.com\/channel\/0029Va6Rb4v3WHTNnsh8WI3N\"><strong><em>WhatsApp<\/em><\/strong><\/a><em>\u00a0e\u00a0<\/em><a href=\"https:\/\/www.youtube.com\/@acordacidadenoticias\/videos\"><strong>YouTube<\/strong><\/a><em>\u00a0e do grupo no\u00a0<\/em><a href=\"https:\/\/t.me\/+sSz0khrgARA0ZmRh\"><strong><em>Telegram<\/em><\/strong><\/a><em>.<\/em><\/p>\n<p class=\"wp-block-paragraph\"><a href=\"https:\/\/agenciabrasil.ebc.com.br\/saude\/noticia\/2026-08\/anvisa-atualiza-regras-sobre-controle-de-qualidade-em-laboratorios\"><\/a><\/p>\n<\/div>\n","protected":false},"excerpt":{"rendered":"<p>Foto: Gabriel Ferreira\/ JC Imagem Ag\u00eancia Brasil- A Ag\u00eancia Nacional de Vigil\u00e2ncia Sanit\u00e1ria (Anvisa) aprovou<\/p>\n","protected":false},"author":1,"featured_media":148164,"comment_status":"closed","ping_status":"closed","sticky":false,"template":"","format":"gallery","meta":{"footnotes":""},"categories":[8,9,6,57,56,10],"tags":[],"class_list":["post-148163","post","type-post","status-publish","format-gallery","has-post-thumbnail","hentry","category-bahia","category-brasil","category-feira-de-santana","category-mundo","category-policia","category-politica","post_format-post-format-gallery"],"featured_image_urls":{"full":["https:\/\/noticiasbahia360.com.br\/wp-content\/uploads\/2026\/08\/Ozempic.jpg",1200,754,false],"thumbnail":["https:\/\/noticiasbahia360.com.br\/wp-content\/uploads\/2026\/08\/Ozempic-150x150.jpg",150,150,true],"medium":["https:\/\/noticiasbahia360.com.br\/wp-content\/uploads\/2026\/08\/Ozempic-300x189.jpg",300,189,true],"medium_large":["https:\/\/noticiasbahia360.com.br\/wp-content\/uploads\/2026\/08\/Ozempic-768x483.jpg",640,403,true],"large":["https:\/\/noticiasbahia360.com.br\/wp-content\/uploads\/2026\/08\/Ozempic-1024x643.jpg",640,402,true],"1536x1536":["https:\/\/noticiasbahia360.com.br\/wp-content\/uploads\/2026\/08\/Ozempic.jpg",1200,754,false],"2048x2048":["https:\/\/noticiasbahia360.com.br\/wp-content\/uploads\/2026\/08\/Ozempic.jpg",1200,754,false],"chromenews-featured":["https:\/\/noticiasbahia360.com.br\/wp-content\/uploads\/2026\/08\/Ozempic-1024x643.jpg",1024,643,true],"chromenews-large":["https:\/\/noticiasbahia360.com.br\/wp-content\/uploads\/2026\/08\/Ozempic-825x575.jpg",825,575,true],"chromenews-medium":["https:\/\/noticiasbahia360.com.br\/wp-content\/uploads\/2026\/08\/Ozempic-590x410.jpg",590,410,true]},"author_info":{"display_name":"noticiasbahia360.com.br","author_link":"https:\/\/noticiasbahia360.com.br\/?author=1"},"category_info":"<a href=\"https:\/\/noticiasbahia360.com.br\/?cat=8\" rel=\"category\">Bahia<\/a> <a href=\"https:\/\/noticiasbahia360.com.br\/?cat=9\" rel=\"category\">Brasil<\/a> <a href=\"https:\/\/noticiasbahia360.com.br\/?cat=6\" rel=\"category\">Feira de Santana<\/a> <a href=\"https:\/\/noticiasbahia360.com.br\/?cat=57\" rel=\"category\">Mundo<\/a> <a href=\"https:\/\/noticiasbahia360.com.br\/?cat=56\" rel=\"category\">Pol\u00edcia<\/a> <a href=\"https:\/\/noticiasbahia360.com.br\/?cat=10\" rel=\"category\">Pol\u00edtica<\/a>","tag_info":"Pol\u00edtica","comment_count":"0","_links":{"self":[{"href":"https:\/\/noticiasbahia360.com.br\/index.php?rest_route=\/wp\/v2\/posts\/148163","targetHints":{"allow":["GET"]}}],"collection":[{"href":"https:\/\/noticiasbahia360.com.br\/index.php?rest_route=\/wp\/v2\/posts"}],"about":[{"href":"https:\/\/noticiasbahia360.com.br\/index.php?rest_route=\/wp\/v2\/types\/post"}],"author":[{"embeddable":true,"href":"https:\/\/noticiasbahia360.com.br\/index.php?rest_route=\/wp\/v2\/users\/1"}],"replies":[{"embeddable":true,"href":"https:\/\/noticiasbahia360.com.br\/index.php?rest_route=%2Fwp%2Fv2%2Fcomments&post=148163"}],"version-history":[{"count":0,"href":"https:\/\/noticiasbahia360.com.br\/index.php?rest_route=\/wp\/v2\/posts\/148163\/revisions"}],"wp:featuredmedia":[{"embeddable":true,"href":"https:\/\/noticiasbahia360.com.br\/index.php?rest_route=\/wp\/v2\/media\/148164"}],"wp:attachment":[{"href":"https:\/\/noticiasbahia360.com.br\/index.php?rest_route=%2Fwp%2Fv2%2Fmedia&parent=148163"}],"wp:term":[{"taxonomy":"category","embeddable":true,"href":"https:\/\/noticiasbahia360.com.br\/index.php?rest_route=%2Fwp%2Fv2%2Fcategories&post=148163"},{"taxonomy":"post_tag","embeddable":true,"href":"https:\/\/noticiasbahia360.com.br\/index.php?rest_route=%2Fwp%2Fv2%2Ftags&post=148163"}],"curies":[{"name":"wp","href":"https:\/\/api.w.org\/{rel}","templated":true}]}}