{"id":148165,"date":"2026-08-31T16:04:05","date_gmt":"2026-08-31T19:04:05","guid":{"rendered":"https:\/\/noticiasbahia360.com.br\/?p=148165"},"modified":"2026-08-31T16:04:05","modified_gmt":"2026-08-31T19:04:05","slug":"investigada-por-trafico-e-presa-em-flagrante-dentro-de-hotel-com-cocaina-e-maquina-de-cartao","status":"publish","type":"post","link":"https:\/\/noticiasbahia360.com.br\/?p=148165","title":{"rendered":"Investigada por tr\u00e1fico \u00e9 presa em flagrante dentro de hotel com coca\u00edna e m\u00e1quina de cart\u00e3o"},"content":{"rendered":"<div>\n<div>\n<figure><img decoding=\"async\" src=\"http:\/\/noticiasbahia360.com.br\/wp-content\/uploads\/2026\/08\/Policia-Civil-Foto-Ilustrativa-Divulgacao-Ascom-PCBA-4-1.jpg\" alt=\"Pol\u00edcia Civil\"><figcaption>Foto: Ilustrativa\/ Divulga\u00e7\u00e3o\/ Ascom-PCBA<\/figcaption><\/figure>\n<\/div>\n<p class=\"wp-block-paragraph\">Uma mulher, de 44 anos, foi presa pela Pol\u00edcia Civil da Bahia, na sexta-feira (28), em Feira de Santana, por tr\u00e1fico de drogas. No momento do cumprimento do mandado de pris\u00e3o, ela foi localizada em um hotel na cidade, em posse de coca\u00edna e de uma m\u00e1quina para pagamento, o que motivou a lavratura do auto de pris\u00e3o em flagrante.<\/p>\n<p class=\"wp-block-paragraph\">A investiga\u00e7\u00e3o apontou que a suspeita mantinha envolvimento com o tr\u00e1fico de drogas em Salvador e Feira de Santana. Ainda no m\u00eas de agosto, durante dilig\u00eancias no endere\u00e7o vinculado \u00e0 investigada, no bairro Tomba, naquela cidade, foram encontradas outras por\u00e7\u00f5es de maconha, ecstasy, coca\u00edna e crack, al\u00e9m de balan\u00e7a de precis\u00e3o e m\u00e1quinas para pagamento.<\/p>\n<p class=\"wp-block-paragraph\">A pris\u00e3o foi realizada por meio de a\u00e7\u00e3o integrada entre a Delegacia de Prote\u00e7\u00e3o ao Turista de Salvador (Deltur) e a Delegacia de Repress\u00e3o a Furtos e Roubos (DRFR\/Feira de Santana), unidades vinculadas ao Departamento Especializado de Investiga\u00e7\u00f5es Criminais (Deic). Ela permanece custodiada, \u00e0 disposi\u00e7\u00e3o do Poder Judici\u00e1rio.<\/p>\n<p class=\"wp-block-paragraph\"><em>Siga o Acorda Cidade no\u00a0<\/em><a href=\"https:\/\/news.google.com\/search?q=acorda%20cidade&amp;hl=pt-BR&amp;gl=BR&amp;ceid=BR%3Apt-419\"><strong><em>Google Not\u00edcias<\/em><\/strong><\/a><em>\u00a0e receba os principais destaques do dia. Participe tamb\u00e9m dos nossos canais no\u00a0<\/em><a href=\"https:\/\/www.whatsapp.com\/channel\/0029Va6Rb4v3WHTNnsh8WI3N\"><strong><em>WhatsApp<\/em><\/strong><\/a><em>\u00a0e\u00a0<\/em><a href=\"https:\/\/www.youtube.com\/@acordacidadenoticias\/videos\"><strong>YouTube<\/strong><\/a><em>\u00a0e do grupo no\u00a0<\/em><a href=\"https:\/\/t.me\/+sSz0khrgARA0ZmRh\"><strong><em>Telegram<\/em><\/strong><\/a><em>.<\/em><\/p>\n<\/div>\n","protected":false},"excerpt":{"rendered":"<p>Foto: Ilustrativa\/ Divulga\u00e7\u00e3o\/ Ascom-PCBA Uma mulher, de 44 anos, foi presa pela Pol\u00edcia Civil da<\/p>\n","protected":false},"author":1,"featured_media":148166,"comment_status":"closed","ping_status":"closed","sticky":false,"template":"","format":"gallery","meta":{"footnotes":""},"categories":[8,9,6,57,56,10],"tags":[],"class_list":["post-148165","post","type-post","status-publish","format-gallery","has-post-thumbnail","hentry","category-bahia","category-brasil","category-feira-de-santana","category-mundo","category-policia","category-politica","post_format-post-format-gallery"],"featured_image_urls":{"full":["https:\/\/noticiasbahia360.com.br\/wp-content\/uploads\/2026\/08\/Policia-Civil-Foto-Ilustrativa-Divulgacao-Ascom-PCBA-4-1.jpg",1200,800,false],"thumbnail":["https:\/\/noticiasbahia360.com.br\/wp-content\/uploads\/2026\/08\/Policia-Civil-Foto-Ilustrativa-Divulgacao-Ascom-PCBA-4-1-150x150.jpg",150,150,true],"medium":["https:\/\/noticiasbahia360.com.br\/wp-content\/uploads\/2026\/08\/Policia-Civil-Foto-Ilustrativa-Divulgacao-Ascom-PCBA-4-1-300x200.jpg",300,200,true],"medium_large":["https:\/\/noticiasbahia360.com.br\/wp-content\/uploads\/2026\/08\/Policia-Civil-Foto-Ilustrativa-Divulgacao-Ascom-PCBA-4-1-768x512.jpg",640,427,true],"large":["https:\/\/noticiasbahia360.com.br\/wp-content\/uploads\/2026\/08\/Policia-Civil-Foto-Ilustrativa-Divulgacao-Ascom-PCBA-4-1-1024x683.jpg",640,427,true],"1536x1536":["https:\/\/noticiasbahia360.com.br\/wp-content\/uploads\/2026\/08\/Policia-Civil-Foto-Ilustrativa-Divulgacao-Ascom-PCBA-4-1.jpg",1200,800,false],"2048x2048":["https:\/\/noticiasbahia360.com.br\/wp-content\/uploads\/2026\/08\/Policia-Civil-Foto-Ilustrativa-Divulgacao-Ascom-PCBA-4-1.jpg",1200,800,false],"chromenews-featured":["https:\/\/noticiasbahia360.com.br\/wp-content\/uploads\/2026\/08\/Policia-Civil-Foto-Ilustrativa-Divulgacao-Ascom-PCBA-4-1-1024x683.jpg",1024,683,true],"chromenews-large":["https:\/\/noticiasbahia360.com.br\/wp-content\/uploads\/2026\/08\/Policia-Civil-Foto-Ilustrativa-Divulgacao-Ascom-PCBA-4-1-825x575.jpg",825,575,true],"chromenews-medium":["https:\/\/noticiasbahia360.com.br\/wp-content\/uploads\/2026\/08\/Policia-Civil-Foto-Ilustrativa-Divulgacao-Ascom-PCBA-4-1-590x410.jpg",590,410,true]},"author_info":{"display_name":"noticiasbahia360.com.br","author_link":"https:\/\/noticiasbahia360.com.br\/?author=1"},"category_info":"<a href=\"https:\/\/noticiasbahia360.com.br\/?cat=8\" rel=\"category\">Bahia<\/a> <a href=\"https:\/\/noticiasbahia360.com.br\/?cat=9\" rel=\"category\">Brasil<\/a> <a href=\"https:\/\/noticiasbahia360.com.br\/?cat=6\" rel=\"category\">Feira de Santana<\/a> <a href=\"https:\/\/noticiasbahia360.com.br\/?cat=57\" rel=\"category\">Mundo<\/a> <a href=\"https:\/\/noticiasbahia360.com.br\/?cat=56\" rel=\"category\">Pol\u00edcia<\/a> <a href=\"https:\/\/noticiasbahia360.com.br\/?cat=10\" rel=\"category\">Pol\u00edtica<\/a>","tag_info":"Pol\u00edtica","comment_count":"0","_links":{"self":[{"href":"https:\/\/noticiasbahia360.com.br\/index.php?rest_route=\/wp\/v2\/posts\/148165","targetHints":{"allow":["GET"]}}],"collection":[{"href":"https:\/\/noticiasbahia360.com.br\/index.php?rest_route=\/wp\/v2\/posts"}],"about":[{"href":"https:\/\/noticiasbahia360.com.br\/index.php?rest_route=\/wp\/v2\/types\/post"}],"author":[{"embeddable":true,"href":"https:\/\/noticiasbahia360.com.br\/index.php?rest_route=\/wp\/v2\/users\/1"}],"replies":[{"embeddable":true,"href":"https:\/\/noticiasbahia360.com.br\/index.php?rest_route=%2Fwp%2Fv2%2Fcomments&post=148165"}],"version-history":[{"count":0,"href":"https:\/\/noticiasbahia360.com.br\/index.php?rest_route=\/wp\/v2\/posts\/148165\/revisions"}],"wp:featuredmedia":[{"embeddable":true,"href":"https:\/\/noticiasbahia360.com.br\/index.php?rest_route=\/wp\/v2\/media\/148166"}],"wp:attachment":[{"href":"https:\/\/noticiasbahia360.com.br\/index.php?rest_route=%2Fwp%2Fv2%2Fmedia&parent=148165"}],"wp:term":[{"taxonomy":"category","embeddable":true,"href":"https:\/\/noticiasbahia360.com.br\/index.php?rest_route=%2Fwp%2Fv2%2Fcategories&post=148165"},{"taxonomy":"post_tag","embeddable":true,"href":"https:\/\/noticiasbahia360.com.br\/index.php?rest_route=%2Fwp%2Fv2%2Ftags&post=148165"}],"curies":[{"name":"wp","href":"https:\/\/api.w.org\/{rel}","templated":true}]}}