{"id":148171,"date":"2026-08-31T16:04:08","date_gmt":"2026-08-31T19:04:08","guid":{"rendered":"https:\/\/noticiasbahia360.com.br\/?p=148171"},"modified":"2026-08-31T16:04:08","modified_gmt":"2026-08-31T19:04:08","slug":"sonhos-dos-brasileiros","status":"publish","type":"post","link":"https:\/\/noticiasbahia360.com.br\/?p=148171","title":{"rendered":"Sonhos dos brasileiros"},"content":{"rendered":"<div>\n<div>\n<figure><img decoding=\"async\" src=\"http:\/\/noticiasbahia360.com.br\/wp-content\/uploads\/2026\/08\/Comicio-direita-1.webp\" alt=\"Confira como foi a largada de Lula, Fl\u00e1vio e outros presidenci\u00e1veis no primeiro dia oficial de campanha\"><figcaption>Foto: Fernando Fraz\u00e3o\/Ag\u00eancia Brasil<\/figcaption><\/figure>\n<\/div>\n<p class=\"wp-block-paragraph\"><strong>Qual \u00e9 o sonho dos brasileiros? O Brasil, no dia 7 de setembro, celebra sua Independ\u00eancia e no pr\u00f3ximo dia 4 de outubro acontecem as elei\u00e7\u00f5es majorit\u00e1rias. Dois momentos para refletirmos importantes temas como Pol\u00edtica, Bem Comum, Elei\u00e7\u00f5es e \u00c9tica, entre outros, que afetam diretamente a vida das pessoas, das fam\u00edlias e da sociedade.<\/strong><\/p>\n<p class=\"wp-block-paragraph\"><strong>POL\u00cdTICA.<\/strong> A finalidade da pol\u00edtica \u00e9 o bem comum de todos os cidad\u00e3os. Ela \u00e9 respons\u00e1vel por organizar a vida em sociedade, criar e implantar pol\u00edticas p\u00fablicas, mediar conflitos e cuidar de tudo o que \u00e9 de todos. Com frequ\u00eancia, encontramos pessoas que demonstram avers\u00e3o \u00e0 pol\u00edtica identificando-a com a corrup\u00e7\u00e3o. No entanto, ela \u00e9 essencial para o bem de todos. \u201cA pol\u00edtica \u00e9 uma sublime voca\u00e7\u00e3o, \u00e9 uma das formas mais preciosas de caridade, porque busca o bem comum\u201d (Papa Francisco).<\/p>\n<p class=\"wp-block-paragraph\"><strong>BEM COMUM.<\/strong> No campo da pol\u00edtica, o bem comum refere-se \u00e0s a\u00e7\u00f5es realizadas pelo Estado e pelo Munic\u00edpio em vista do bem de todos. Dentro dessa perspectiva, deve estar a vida da pessoa humana, que precisa ser respeitada e protegida, desde a concep\u00e7\u00e3o at\u00e9 o seu fim natural. O bem comum exige responsabilidade da parte de cada cidad\u00e3o, com seus direitos e deveres e, mais ainda, dos que exercem alguma autoridade.\u00a0<\/p>\n<p class=\"wp-block-paragraph\"><strong>ELEI\u00c7\u00d5ES.<\/strong> O que \u00e9 publico \u00e9 de todos, mas seria invi\u00e1vel administrar um pa\u00eds, um estado ou um munic\u00edpio todos juntos. Por isso, elegemos pessoas que nos representam e tomam decis\u00f5es, em nosso lugar, quanto ao que \u00e9 p\u00fablico. Em cada inst\u00e2ncia, \u00e9 necess\u00e1rio que haja pessoas respons\u00e1veis para assegurar direitos sociais tais como: alimenta\u00e7\u00e3o, sa\u00fade, educa\u00e7\u00e3o, seguran\u00e7a p\u00fablica, moradia, transporte, lazer, prote\u00e7\u00e3o \u00e0 maternidade, assist\u00eancia aos mais necessitados, al\u00e9m do cuidado com o meio ambiente, nossa Casa Comum.<\/p>\n<p class=\"wp-block-paragraph\"><strong>\u00c9TICA.<\/strong> A \u00c9tica diz respeito aos valores e princ\u00edpios morais que orientam o comportamento humano individual e coletivo. Ser uma pessoa \u00e9tica significa ter crit\u00e9rios que norteiam as a\u00e7\u00f5es de forma moralmente respons\u00e1vel. Na pol\u00edtica, a \u00e9tica est\u00e1 relacionada \u00e0 conduta dos candidatos, governantes, \u00e0 transpar\u00eancia de suas a\u00e7\u00f5es, \u00e0 presta\u00e7\u00e3o de contas e ao respeito \u00e0 democracia. O pol\u00edtico que atua de forma <a href=\"https:\/\/www.acordacidade.com.br\/tag\/estetica\/\" data-type=\"post_tag\" data-id=\"129866\">\u00e9tica<\/a> demonstra respeito aos cidad\u00e3os e desenvolve seu trabalho, em vista do bem de todos.<\/p>\n<p class=\"wp-block-paragraph\"><strong>NA SEMANA<\/strong> da P\u00e1tria, elevamos nossas preces confiantes a Deus, pela intercess\u00e3o de Nossa Senhora Aparecida, padroeira do Brasil, para que o povo brasileiro e seus governantes sejam aben\u00e7oados. Que todos n\u00f3s possamos assumir o compromisso de cuidar da vida, da dignidade da pessoa humana, promover o bem comum e o cuidado com o meio ambiente. Esse \u00e9 o sonho de todos os brasileiros!<\/p>\n<p class=\"wp-block-paragraph\"><em>Siga o Acorda Cidade no\u00a0<\/em><a href=\"https:\/\/news.google.com\/search?q=acorda%20cidade&amp;hl=pt-BR&amp;gl=BR&amp;ceid=BR%3Apt-419\"><strong><em>Google Not\u00edcias<\/em><\/strong><\/a><em>\u00a0e receba os principais destaques do dia. Participe tamb\u00e9m dos nossos canais no\u00a0<\/em><a href=\"https:\/\/www.whatsapp.com\/channel\/0029Va6Rb4v3WHTNnsh8WI3N\"><strong><em>WhatsApp<\/em><\/strong><\/a><em>\u00a0e\u00a0<\/em><a href=\"https:\/\/www.youtube.com\/@acordacidadenoticias\/videos\"><strong>YouTube<\/strong><\/a><em>\u00a0e do grupo no\u00a0<\/em><a href=\"https:\/\/t.me\/+sSz0khrgARA0ZmRh\"><strong><em>Telegram<\/em><\/strong><\/a><em>.<\/em><\/p>\n<\/div>\n","protected":false},"excerpt":{"rendered":"<p>Foto: Fernando Fraz\u00e3o\/Ag\u00eancia Brasil Qual \u00e9 o sonho dos brasileiros? O Brasil, no dia 7<\/p>\n","protected":false},"author":1,"featured_media":148172,"comment_status":"closed","ping_status":"closed","sticky":false,"template":"","format":"gallery","meta":{"footnotes":""},"categories":[8,9,6,57,56,10],"tags":[],"class_list":["post-148171","post","type-post","status-publish","format-gallery","has-post-thumbnail","hentry","category-bahia","category-brasil","category-feira-de-santana","category-mundo","category-policia","category-politica","post_format-post-format-gallery"],"featured_image_urls":{"full":["https:\/\/noticiasbahia360.com.br\/wp-content\/uploads\/2026\/08\/Comicio-direita-1.webp",1200,801,false],"thumbnail":["https:\/\/noticiasbahia360.com.br\/wp-content\/uploads\/2026\/08\/Comicio-direita-1-150x150.webp",150,150,true],"medium":["https:\/\/noticiasbahia360.com.br\/wp-content\/uploads\/2026\/08\/Comicio-direita-1-300x200.webp",300,200,true],"medium_large":["https:\/\/noticiasbahia360.com.br\/wp-content\/uploads\/2026\/08\/Comicio-direita-1-768x513.webp",640,428,true],"large":["https:\/\/noticiasbahia360.com.br\/wp-content\/uploads\/2026\/08\/Comicio-direita-1-1024x684.webp",640,428,true],"1536x1536":["https:\/\/noticiasbahia360.com.br\/wp-content\/uploads\/2026\/08\/Comicio-direita-1.webp",1200,801,false],"2048x2048":["https:\/\/noticiasbahia360.com.br\/wp-content\/uploads\/2026\/08\/Comicio-direita-1.webp",1200,801,false],"chromenews-featured":["https:\/\/noticiasbahia360.com.br\/wp-content\/uploads\/2026\/08\/Comicio-direita-1-1024x684.webp",1024,684,true],"chromenews-large":["https:\/\/noticiasbahia360.com.br\/wp-content\/uploads\/2026\/08\/Comicio-direita-1-825x575.webp",825,575,true],"chromenews-medium":["https:\/\/noticiasbahia360.com.br\/wp-content\/uploads\/2026\/08\/Comicio-direita-1-590x410.webp",590,410,true]},"author_info":{"display_name":"noticiasbahia360.com.br","author_link":"https:\/\/noticiasbahia360.com.br\/?author=1"},"category_info":"<a href=\"https:\/\/noticiasbahia360.com.br\/?cat=8\" rel=\"category\">Bahia<\/a> <a href=\"https:\/\/noticiasbahia360.com.br\/?cat=9\" rel=\"category\">Brasil<\/a> <a href=\"https:\/\/noticiasbahia360.com.br\/?cat=6\" rel=\"category\">Feira de Santana<\/a> <a href=\"https:\/\/noticiasbahia360.com.br\/?cat=57\" rel=\"category\">Mundo<\/a> <a href=\"https:\/\/noticiasbahia360.com.br\/?cat=56\" rel=\"category\">Pol\u00edcia<\/a> <a href=\"https:\/\/noticiasbahia360.com.br\/?cat=10\" rel=\"category\">Pol\u00edtica<\/a>","tag_info":"Pol\u00edtica","comment_count":"0","_links":{"self":[{"href":"https:\/\/noticiasbahia360.com.br\/index.php?rest_route=\/wp\/v2\/posts\/148171","targetHints":{"allow":["GET"]}}],"collection":[{"href":"https:\/\/noticiasbahia360.com.br\/index.php?rest_route=\/wp\/v2\/posts"}],"about":[{"href":"https:\/\/noticiasbahia360.com.br\/index.php?rest_route=\/wp\/v2\/types\/post"}],"author":[{"embeddable":true,"href":"https:\/\/noticiasbahia360.com.br\/index.php?rest_route=\/wp\/v2\/users\/1"}],"replies":[{"embeddable":true,"href":"https:\/\/noticiasbahia360.com.br\/index.php?rest_route=%2Fwp%2Fv2%2Fcomments&post=148171"}],"version-history":[{"count":0,"href":"https:\/\/noticiasbahia360.com.br\/index.php?rest_route=\/wp\/v2\/posts\/148171\/revisions"}],"wp:featuredmedia":[{"embeddable":true,"href":"https:\/\/noticiasbahia360.com.br\/index.php?rest_route=\/wp\/v2\/media\/148172"}],"wp:attachment":[{"href":"https:\/\/noticiasbahia360.com.br\/index.php?rest_route=%2Fwp%2Fv2%2Fmedia&parent=148171"}],"wp:term":[{"taxonomy":"category","embeddable":true,"href":"https:\/\/noticiasbahia360.com.br\/index.php?rest_route=%2Fwp%2Fv2%2Fcategories&post=148171"},{"taxonomy":"post_tag","embeddable":true,"href":"https:\/\/noticiasbahia360.com.br\/index.php?rest_route=%2Fwp%2Fv2%2Ftags&post=148171"}],"curies":[{"name":"wp","href":"https:\/\/api.w.org\/{rel}","templated":true}]}}