{"id":148175,"date":"2026-08-31T17:02:19","date_gmt":"2026-08-31T20:02:19","guid":{"rendered":"https:\/\/noticiasbahia360.com.br\/?p=148175"},"modified":"2026-08-31T17:02:19","modified_gmt":"2026-08-31T20:02:19","slug":"prefeitura-de-paramirim-suspende-aulas-apos-morte-de-quatro-criancas-por-afogamento-governador-lamenta-tragedia","status":"publish","type":"post","link":"https:\/\/noticiasbahia360.com.br\/?p=148175","title":{"rendered":"Prefeitura de Paramirim suspende aulas ap\u00f3s morte de quatro crian\u00e7as por afogamento; governador lamenta trag\u00e9dia"},"content":{"rendered":"<div>\n<div>\n<figure><img decoding=\"async\" src=\"http:\/\/noticiasbahia360.com.br\/wp-content\/uploads\/2026\/08\/Quatro-criancas-da-mesma-familia-morrem-afogadas-em-reservatorio-na-Bahia-foto-divulgacao-1-1.jpg\" alt=\"Quatro crian\u00e7as da mesma fam\u00edlia morrem afogadas em reservat\u00f3rio na Bahia\"><figcaption>Foto: Reprodu\u00e7\u00e3o \/ Achei Sudoeste <\/figcaption><\/figure>\n<\/div>\n<p class=\"wp-block-paragraph\">Ap\u00f3s a trag\u00e9dia em que quatro crian\u00e7as morreram afogadas em um reservat\u00f3rio na zona rural de Paramirim, no domingo (30),<strong> a prefeitura suspendeu as aulas da rede municipal nesta segunda-feira (31).<\/strong> O governador da Bahia, Jer\u00f4nimo Rodrigues, lamentou o ocorrido e expressou solidariedade \u00e0s fam\u00edlias.<\/p>\n<p class=\"wp-block-paragraph\">As v\u00edtimas foram identificadas como os irm\u00e3os <strong>Jefferson Davi Silva Oliveira, de 9 anos; Diego Silva Oliveira, de 6; Jos\u00e9 Diogo Silva Oliveira, de 3; e o primo deles, Lorenzo Almeida Cardoso, de 8 anos.<\/strong><\/p>\n<p class=\"wp-block-paragraph\">Segundo informa\u00e7\u00f5es do Achei Sudoeste, parceiro do Acorda Cidade, a Prefeitura Municipal de\u00a0Paramirim expressou, por meio de uma nota oficial, o sentimento de como\u00e7\u00e3o e tristeza que atingiu a regi\u00e3o. <\/p>\n<p class=\"wp-block-paragraph\">\u201cCom imenso pesar, comunicamos o falecimento de quatro crian\u00e7as, ocorrido na tarde deste domingo, em uma aguada na comunidade de Salina Branca. Jeferson Davi da Silva, Jackson Diego da Silva, Jos\u00e9 Diogo da Silva, irm\u00e3os, e seu primo Lorenzo Almeida, partiram de forma precoce, deixando uma tristeza absurda em todo o nosso munic\u00edpio. Neste momento de dor, nos solidarizamos com os familiares, amigos e com toda a comunidade.\u201d<\/p>\n<p class=\"wp-block-paragraph\">Na nota, a gest\u00e3o anunciou que \u201cas aulas em toda a rede p\u00fablica municipal de ensino estar\u00e3o suspensas nesta segunda-feira (31)\u201d, pois as crian\u00e7as eram alunas da Escola Municipal Dalila Meira.<\/p>\n<p class=\"wp-block-paragraph\">Jer\u00f4nimo Rodrigues lamentou a trag\u00e9dia e desejou for\u00e7a e conforto aos familiares das crian\u00e7as. O governador tamb\u00e9m colocou o governo estadual \u00e0 disposi\u00e7\u00e3o dos parentes afetados. <\/p>\n<p class=\"wp-block-paragraph\">\u201cRecebo com tristeza a not\u00edcia da morte de quatro crian\u00e7as v\u00edtimas de afogamento na comunidade de Salina Branca, em\u00a0Paramirim. Neste momento de dor, me solidarizo com os familiares e amigos de Diego, Jeferson, Jos\u00e9 e Lorenzo, e desejo a todos for\u00e7a e conforto para enfrentar essa perda t\u00e3o dolorosa. Deixo o meu abra\u00e7o ao prefeito Jo\u00e3o Ricardo e a toda popula\u00e7\u00e3o de\u00a0Paramirim\u00a0e me coloco \u00e0 disposi\u00e7\u00e3o neste momento t\u00e3o dif\u00edcil\u201d, afirmou Jer\u00f4nimo.<\/p>\n<p class=\"wp-block-paragraph\"><em>Siga o Acorda Cidade no\u00a0<\/em><a href=\"https:\/\/news.google.com\/search?q=acorda%20cidade&amp;hl=pt-BR&amp;gl=BR&amp;ceid=BR%3Apt-419\"><strong><em>Google Not\u00edcias<\/em><\/strong><\/a><em>\u00a0e receba os principais destaques do dia. Participe tamb\u00e9m dos nossos canais no\u00a0<\/em><a href=\"https:\/\/www.whatsapp.com\/channel\/0029Va6Rb4v3WHTNnsh8WI3N\"><strong><em>WhatsApp<\/em><\/strong><\/a><em>\u00a0e\u00a0<\/em><a href=\"https:\/\/www.youtube.com\/@acordacidadenoticias\/videos\"><strong>YouTube<\/strong><\/a><em>\u00a0e do grupo no\u00a0<\/em><a href=\"https:\/\/t.me\/+sSz0khrgARA0ZmRh\"><strong><em>Telegram<\/em><\/strong><\/a><em>.<\/em><\/p>\n<\/div>\n","protected":false},"excerpt":{"rendered":"<p>Foto: Reprodu\u00e7\u00e3o \/ Achei Sudoeste Ap\u00f3s a trag\u00e9dia em que quatro crian\u00e7as morreram afogadas em<\/p>\n","protected":false},"author":1,"featured_media":148176,"comment_status":"closed","ping_status":"closed","sticky":false,"template":"","format":"gallery","meta":{"footnotes":""},"categories":[8,9,6,57,56,10],"tags":[],"class_list":["post-148175","post","type-post","status-publish","format-gallery","has-post-thumbnail","hentry","category-bahia","category-brasil","category-feira-de-santana","category-mundo","category-policia","category-politica","post_format-post-format-gallery"],"featured_image_urls":{"full":["https:\/\/noticiasbahia360.com.br\/wp-content\/uploads\/2026\/08\/Quatro-criancas-da-mesma-familia-morrem-afogadas-em-reservatorio-na-Bahia-foto-divulgacao-1-1.jpg",1200,698,false],"thumbnail":["https:\/\/noticiasbahia360.com.br\/wp-content\/uploads\/2026\/08\/Quatro-criancas-da-mesma-familia-morrem-afogadas-em-reservatorio-na-Bahia-foto-divulgacao-1-1-150x150.jpg",150,150,true],"medium":["https:\/\/noticiasbahia360.com.br\/wp-content\/uploads\/2026\/08\/Quatro-criancas-da-mesma-familia-morrem-afogadas-em-reservatorio-na-Bahia-foto-divulgacao-1-1-300x175.jpg",300,175,true],"medium_large":["https:\/\/noticiasbahia360.com.br\/wp-content\/uploads\/2026\/08\/Quatro-criancas-da-mesma-familia-morrem-afogadas-em-reservatorio-na-Bahia-foto-divulgacao-1-1-768x447.jpg",640,373,true],"large":["https:\/\/noticiasbahia360.com.br\/wp-content\/uploads\/2026\/08\/Quatro-criancas-da-mesma-familia-morrem-afogadas-em-reservatorio-na-Bahia-foto-divulgacao-1-1-1024x596.jpg",640,373,true],"1536x1536":["https:\/\/noticiasbahia360.com.br\/wp-content\/uploads\/2026\/08\/Quatro-criancas-da-mesma-familia-morrem-afogadas-em-reservatorio-na-Bahia-foto-divulgacao-1-1.jpg",1200,698,false],"2048x2048":["https:\/\/noticiasbahia360.com.br\/wp-content\/uploads\/2026\/08\/Quatro-criancas-da-mesma-familia-morrem-afogadas-em-reservatorio-na-Bahia-foto-divulgacao-1-1.jpg",1200,698,false],"chromenews-featured":["https:\/\/noticiasbahia360.com.br\/wp-content\/uploads\/2026\/08\/Quatro-criancas-da-mesma-familia-morrem-afogadas-em-reservatorio-na-Bahia-foto-divulgacao-1-1-1024x596.jpg",1024,596,true],"chromenews-large":["https:\/\/noticiasbahia360.com.br\/wp-content\/uploads\/2026\/08\/Quatro-criancas-da-mesma-familia-morrem-afogadas-em-reservatorio-na-Bahia-foto-divulgacao-1-1-825x575.jpg",825,575,true],"chromenews-medium":["https:\/\/noticiasbahia360.com.br\/wp-content\/uploads\/2026\/08\/Quatro-criancas-da-mesma-familia-morrem-afogadas-em-reservatorio-na-Bahia-foto-divulgacao-1-1-590x410.jpg",590,410,true]},"author_info":{"display_name":"noticiasbahia360.com.br","author_link":"https:\/\/noticiasbahia360.com.br\/?author=1"},"category_info":"<a href=\"https:\/\/noticiasbahia360.com.br\/?cat=8\" rel=\"category\">Bahia<\/a> <a href=\"https:\/\/noticiasbahia360.com.br\/?cat=9\" rel=\"category\">Brasil<\/a> <a href=\"https:\/\/noticiasbahia360.com.br\/?cat=6\" rel=\"category\">Feira de Santana<\/a> <a href=\"https:\/\/noticiasbahia360.com.br\/?cat=57\" rel=\"category\">Mundo<\/a> <a href=\"https:\/\/noticiasbahia360.com.br\/?cat=56\" rel=\"category\">Pol\u00edcia<\/a> <a href=\"https:\/\/noticiasbahia360.com.br\/?cat=10\" rel=\"category\">Pol\u00edtica<\/a>","tag_info":"Pol\u00edtica","comment_count":"0","_links":{"self":[{"href":"https:\/\/noticiasbahia360.com.br\/index.php?rest_route=\/wp\/v2\/posts\/148175","targetHints":{"allow":["GET"]}}],"collection":[{"href":"https:\/\/noticiasbahia360.com.br\/index.php?rest_route=\/wp\/v2\/posts"}],"about":[{"href":"https:\/\/noticiasbahia360.com.br\/index.php?rest_route=\/wp\/v2\/types\/post"}],"author":[{"embeddable":true,"href":"https:\/\/noticiasbahia360.com.br\/index.php?rest_route=\/wp\/v2\/users\/1"}],"replies":[{"embeddable":true,"href":"https:\/\/noticiasbahia360.com.br\/index.php?rest_route=%2Fwp%2Fv2%2Fcomments&post=148175"}],"version-history":[{"count":0,"href":"https:\/\/noticiasbahia360.com.br\/index.php?rest_route=\/wp\/v2\/posts\/148175\/revisions"}],"wp:featuredmedia":[{"embeddable":true,"href":"https:\/\/noticiasbahia360.com.br\/index.php?rest_route=\/wp\/v2\/media\/148176"}],"wp:attachment":[{"href":"https:\/\/noticiasbahia360.com.br\/index.php?rest_route=%2Fwp%2Fv2%2Fmedia&parent=148175"}],"wp:term":[{"taxonomy":"category","embeddable":true,"href":"https:\/\/noticiasbahia360.com.br\/index.php?rest_route=%2Fwp%2Fv2%2Fcategories&post=148175"},{"taxonomy":"post_tag","embeddable":true,"href":"https:\/\/noticiasbahia360.com.br\/index.php?rest_route=%2Fwp%2Fv2%2Ftags&post=148175"}],"curies":[{"name":"wp","href":"https:\/\/api.w.org\/{rel}","templated":true}]}}